{"id":8476,"date":"2015-01-23T11:44:20","date_gmt":"2015-01-23T10:44:20","guid":{"rendered":"https:\/\/wbp.lublin.pl8\/index.php\/2015\/01\/23\/jonasson-jonas-stulatek-ktory-wyskoczy-przez-okno\/"},"modified":"2018-07-02T21:56:54","modified_gmt":"2018-07-02T19:56:54","slug":"jonasson-jonas-stulatek-ktory-wyskoczy-przez-okno","status":"publish","type":"post","link":"https:\/\/wbp.lublin.pl\/index.php\/2015\/01\/23\/jonasson-jonas-stulatek-ktory-wyskoczy-przez-okno\/","title":{"rendered":"Joansson Jonas: Stulatek kt\u00f3ry wyskoczy\u0142 przez okno"},"content":{"rendered":"<p style=\"text-align: justify;\"><span style=\"font-size: 12px;\"><span style=\"font-family: Verdana;\"><i style=\"mso-bidi-font-style: normal;\"><span style=\"line-height: 115%;\">Co b\u0119dziemy robi\u0107 w wieku stu lat?<\/span><\/i><span style=\"line-height: 115%;\"> Wi\u0119kszo\u015b\u0107 pewnie odpowie: <i style=\"mso-bidi-font-style: normal;\">Le\u017ce\u0107 i czeka\u0107 na \u015bmier\u0107! \u00a0\u00a0<\/i>Na tym etapie \u017cyciowej refleksji poznajemy g\u0142\u00f3wnego bohatera powie\u015bci Jonasa Jonassona, kt\u00f3ry przebywa w domu spokojnej staro\u015bci. Jednak czas up\u0142ywa i nic si\u0119 nie dzieje. \u00a0Dlatego\u00a0 w swoje urodziny stulatek postanawia uciec przez okno i znikn\u0105\u0107. Ten kuriozalny pocz\u0105tek ma swoje odzwierciedlenie w tytule utworu: \u201e<i style=\"mso-bidi-font-style: normal;\">Stulatek, kt\u00f3ry wyskoczy\u0142 przez okno i znikn\u0105\u0142\u201d<\/i>. Ukazuje machin\u0119 pe\u0142n\u0105 przypadkowych spotka\u0144, zaskakuj\u0105cych zwrot\u00f3w akcji z kryminaln\u0105 zagadk\u0105 w tle. Wszystko zosta\u0142o okraszone s\u0142ownym i sytuacyjnym komizmem oraz ironicznym, czarnym humorem.<\/span><\/span><\/span><\/p>\n<p style=\"text-align: justify;\"><span style=\"font-size: 12px;\"><span style=\"font-family: Verdana;\"><span style=\"line-height: 115%;\">G\u0142\u00f3wny bohater nazywa si\u0119 Allan Karlsson i poznajemy go jako podopiecznego domu spokojnej staro\u015bci w Malmkoping. Po wyj\u015bciu ze swojego pokoju stulatek udaje si\u0119 na dworzec i tam spotyka nieprzyjemnego m\u0142odzie\u0144ca, kt\u00f3ry \u201eprosi\u201d go o popilnowanie walizki. Z pozoru niewinna sytuacja komplikuje si\u0119, gdy staruszek postanawia zabra\u0107 wali<\/span><\/span><\/span><span style=\"font-size: 12px;\"><span style=\"font-family: Verdana;\"><span style=\"line-height: 115%;\">zk\u0119 ze sob\u0105 w podr\u00f3\u017c w nieznane. Problem narasta wraz z informacj\u0105, \u017ce skradziony baga\u017c jest w\u0142asno\u015bci\u0105 niebezpiecznego, szwedzkiego gangu i zawiera niema\u0142\u0105 fortun\u0119\u2026 Ucieczk\u0119 staruszka mo\u017cna por\u00f3wna\u0107 do potr\u0105cenia pierwszej kostki domina, kt\u00f3ra rozpocznie lawin\u0119 z pozoru chaotycznych zdarze\u0144. Pomi\u0119dzy wsp\u00f3\u0142czesne wydarzenia wpleciona zosta\u0142a przesz\u0142o\u015b\u0107 Allana od chwili narodzin, a\u017c do czasu umieszczenia go w domu opieki. Poznaj\u0105c wcze\u015bniejsze jego w\u0105tki czytelnik dochodzi do wniosku, \u017ce wydarzenia wsp\u00f3\u0142czesne nie s\u0105 czym\u015b niezwyk\u0142ym dla staruszka. Jednak jego samego przedstawiaj\u0105 jako niezwyk\u0142\u0105 posta\u0107. <\/span><\/span><\/span><\/p>\n<p>&nbsp;<\/p>\n<p class=\"MsoNormal\" style=\"margin-bottom: .0001pt; text-align: justify;\"><span style=\"line-height: 115%;\">Akcja powie\u015bci skupiona jest na g\u0142\u00f3wnym bohaterze, kt\u00f3ry uczestnicz\u0105c w najwa\u017cniejszych wydarzeniach XX-wiecznej Europy i \u015bwiata, pozostaje wierny swoim przekonaniom<\/span><span style=\"line-height: 115%;\">: <i><span style=\"color: black; background: none repeat scroll 0% 0% white;\">nigdy nie wiadomo, co b\u0119dzie, ale b\u0119dzie, co b\u0119dzie i nic si\u0119 na to nie poradzi; istnieje du\u017ca r\u00f3\u017cnica mi\u0119dzy przyjemno\u015bci\u0105 z wysadzania ludzi, a kamieni; porz\u0105dni ludzie nie pij\u0105 soczku, ale nale\u017cy si\u0119 dobrze zachowywa\u0107 nawet troch\u0119 podchmielonym.<\/span><\/i><span style=\"color: black; background: none repeat scroll 0% 0% white;\"> Taki styl \u017cycia przedstawia najczarniejsze, \u015bwiatowe wydarzenia w krzywym zwierciadle. Natomiast samego Karlssona por\u00f3wnuje si\u0119 do Forresta Gumpa Winstona Grooma. <\/span><\/span><\/p>\n<p class=\"MsoNormal\" style=\"margin-bottom: .0001pt; text-align: justify;\"><span style=\"font-size: 12px;\"><span style=\"font-family: Verdana;\"><span style=\"line-height: 115%;\">Du\u017cy sukces ksi\u0105\u017cki w kraju i na ca\u0142ym \u015bwiecie zaowocowa\u0142 ekranizacj\u0105 w <\/span><span style=\"line-height: 115%;\">re\u017cyserii <\/span><span style=\"line-height: 115%;\">Felixa Herngrena pod tym samym tytu\u0142em. <\/span><\/span><\/span><\/p>\n<p class=\"MsoNormal\" style=\"margin-bottom: .0001pt; text-align: justify;\"><span style=\"font-size: 12px;\"><span style=\"font-family: Verdana;\"><span style=\"line-height: 115%;\">\u00a0<\/span><\/span><\/span><\/p>\n<p>K<span style=\"line-height: 115%;\">atarzyna Tatko<\/span><\/p>\n<p class=\"MsoNormal\" style=\"margin-bottom: 0.0001pt; text-align: justify;\"><span style=\"font-size: 12px;\"><span style=\"font-family: Verdana;\"><span style=\"line-height: 115%;\">DKK w Modliborzycach<\/span><\/span><\/span><\/p>\n<p class=\"MsoNormal\" style=\"margin-bottom: 0.0001pt; text-align: justify;\"><span style=\"font-size: 12px;\"><span style=\"font-family: Verdana;\"><span style=\"line-height: 115%;\">woj. lubelskie<\/span><\/span><\/span><\/p>\n","protected":false},"excerpt":{"rendered":"<p>Co b\u0119dziemy robi\u0107 w wieku stu lat? Wi\u0119kszo\u015b\u0107 pewnie odpowie: Le\u017ce\u0107 i czeka\u0107 na \u015bmier\u0107! \u00a0\u00a0Na tym etapie \u017cyciowej refleksji poznajemy g\u0142\u00f3wnego bohatera powie\u015bci Jonasa Jonassona, kt\u00f3ry przebywa w domu [&hellip;]<\/p>\n","protected":false},"author":9,"featured_media":0,"comment_status":"open","ping_status":"open","sticky":false,"template":"","format":"standard","meta":{"_tec_requires_first_save":true,"_crdt_document":"","pgc_sgb_lightbox_settings":"","_EventAllDay":false,"_EventTimezone":"","_EventStartDate":"","_EventEndDate":"","_EventStartDateUTC":"","_EventEndDateUTC":"","_EventShowMap":false,"_EventShowMapLink":false,"_EventURL":"","_EventCost":"","_EventCostDescription":"","_EventCurrencySymbol":"","_EventCurrencyCode":"","_EventCurrencyPosition":"","_EventDateTimeSeparator":"","_EventTimeRangeSeparator":"","_EventOrganizerID":[],"_EventVenueID":[],"_OrganizerEmail":"","_OrganizerPhone":"","_OrganizerWebsite":"","_VenueAddress":"","_VenueCity":"","_VenueCountry":"","_VenueProvince":"","_VenueState":"","_VenueZip":"","_VenuePhone":"","_VenueURL":"","_VenueStateProvince":"","_VenueLat":"","_VenueLng":"","_VenueShowMap":false,"_VenueShowMapLink":false,"_tribe_blocks_recurrence_rules":"","_tribe_blocks_recurrence_description":"","_tribe_blocks_recurrence_exclusions":"","footnotes":""},"categories":[110],"tags":[],"class_list":["post-8476","post","type-post","status-publish","format-standard","hentry","category-recenzje-klubowiczow"],"publishpress_future_action":{"enabled":false,"date":"2026-05-06 07:55:07","action":"change-status","newStatus":"draft","terms":[],"taxonomy":"category","extraData":[]},"publishpress_future_workflow_manual_trigger":{"enabledWorkflows":[]},"_links":{"self":[{"href":"https:\/\/wbp.lublin.pl\/index.php\/wp-json\/wp\/v2\/posts\/8476","targetHints":{"allow":["GET"]}}],"collection":[{"href":"https:\/\/wbp.lublin.pl\/index.php\/wp-json\/wp\/v2\/posts"}],"about":[{"href":"https:\/\/wbp.lublin.pl\/index.php\/wp-json\/wp\/v2\/types\/post"}],"author":[{"embeddable":true,"href":"https:\/\/wbp.lublin.pl\/index.php\/wp-json\/wp\/v2\/users\/9"}],"replies":[{"embeddable":true,"href":"https:\/\/wbp.lublin.pl\/index.php\/wp-json\/wp\/v2\/comments?post=8476"}],"version-history":[{"count":2,"href":"https:\/\/wbp.lublin.pl\/index.php\/wp-json\/wp\/v2\/posts\/8476\/revisions"}],"predecessor-version":[{"id":12894,"href":"https:\/\/wbp.lublin.pl\/index.php\/wp-json\/wp\/v2\/posts\/8476\/revisions\/12894"}],"wp:attachment":[{"href":"https:\/\/wbp.lublin.pl\/index.php\/wp-json\/wp\/v2\/media?parent=8476"}],"wp:term":[{"taxonomy":"category","embeddable":true,"href":"https:\/\/wbp.lublin.pl\/index.php\/wp-json\/wp\/v2\/categories?post=8476"},{"taxonomy":"post_tag","embeddable":true,"href":"https:\/\/wbp.lublin.pl\/index.php\/wp-json\/wp\/v2\/tags?post=8476"}],"curies":[{"name":"wp","href":"https:\/\/api.w.org\/{rel}","templated":true}]}}