{"id":8482,"date":"2015-02-05T14:03:03","date_gmt":"2015-02-05T13:03:03","guid":{"rendered":"https:\/\/wbp.lublin.pl8\/index.php\/2015\/02\/05\/oliwia-maciejewska-recenzja-roku-2014\/"},"modified":"2018-06-24T14:44:54","modified_gmt":"2018-06-24T12:44:54","slug":"oliwia-maciejewska-recenzja-roku-2014","status":"publish","type":"post","link":"https:\/\/wbp.lublin.pl\/index.php\/2015\/02\/05\/oliwia-maciejewska-recenzja-roku-2014\/","title":{"rendered":"Oliwia Maciejewska &#8211; Recenzja Roku 2014"},"content":{"rendered":"<p style=\"text-align: justify;\">Mi\u0142o nam poinformowa\u0107, i\u017c<strong> Oliwia Maciejewska<\/strong>, lat 7,  z <strong>DKK w D\u0105browicy<\/strong> (gm. Bi\u0142goraj), zosta\u0142a laureatk\u0105 Recenzji Roku 2014 w kategorii recenzja rysunkowa.<\/p>\n<p>Nagroda zosta\u0142a jej przyznana za ilustracj\u0119 do ksi\u0105\u017cki <em>Z\u0142ota rybka<\/em>.<\/p>\n<p>Uzasadnienie: \u201etrudna technika \u0142\u0105cz\u0105ca r\u00f3\u017cne elementy, nie tylko plastyczne, staranne wykonanie pracy, m\u0142ody wiek laureatki, na tle innych rysunk\u00f3w wyr\u00f3\u017cnia si\u0119 zdecydowanie!\u201d.<\/p>\n<p>Gratulujemy!!!<\/p>\n<p>\u00a0Wiecej na stronie Instytutu Ksi\u0105\u017cki: <a href=\"http:\/\/www.instytutksiazki.pl\/dkk-wydarzenia,aktualnosci,32540,recenzje-roku-2014.html\">www.instytutksiazki.pl\/dkk-wydarzenia,aktualnosci,32540,recenzje-roku-2014.html<\/a><\/p>\n","protected":false},"excerpt":{"rendered":"<p>Mi\u0142o nam poinformowa\u0107, i\u017c Oliwia Maciejewska, lat 7, z DKK w D\u0105browicy (gm. Bi\u0142goraj), zosta\u0142a laureatk\u0105 Recenzji Roku 2014 w kategorii recenzja rysunkowa. Nagroda zosta\u0142a jej przyznana za ilustracj\u0119 do [&hellip;]<\/p>\n","protected":false},"author":9,"featured_media":0,"comment_status":"open","ping_status":"open","sticky":false,"template":"","format":"standard","meta":{"_tec_requires_first_save":true,"_crdt_document":"","pgc_sgb_lightbox_settings":"","_EventAllDay":false,"_EventTimezone":"","_EventStartDate":"","_EventEndDate":"","_EventStartDateUTC":"","_EventEndDateUTC":"","_EventShowMap":false,"_EventShowMapLink":false,"_EventURL":"","_EventCost":"","_EventCostDescription":"","_EventCurrencySymbol":"","_EventCurrencyCode":"","_EventCurrencyPosition":"","_EventDateTimeSeparator":"","_EventTimeRangeSeparator":"","_EventOrganizerID":[],"_EventVenueID":[],"_OrganizerEmail":"","_OrganizerPhone":"","_OrganizerWebsite":"","_VenueAddress":"","_VenueCity":"","_VenueCountry":"","_VenueProvince":"","_VenueState":"","_VenueZip":"","_VenuePhone":"","_VenueURL":"","_VenueStateProvince":"","_VenueLat":"","_VenueLng":"","_VenueShowMap":false,"_VenueShowMapLink":false,"_tribe_blocks_recurrence_rules":"","_tribe_blocks_recurrence_description":"","_tribe_blocks_recurrence_exclusions":"","footnotes":""},"categories":[105],"tags":[],"class_list":["post-8482","post","type-post","status-publish","format-standard","hentry","category-aktualnosci-dkk"],"publishpress_future_action":{"enabled":false,"date":"2026-05-06 14:57:10","action":"change-status","newStatus":"draft","terms":[],"taxonomy":"category","extraData":[]},"publishpress_future_workflow_manual_trigger":{"enabledWorkflows":[]},"_links":{"self":[{"href":"https:\/\/wbp.lublin.pl\/index.php\/wp-json\/wp\/v2\/posts\/8482","targetHints":{"allow":["GET"]}}],"collection":[{"href":"https:\/\/wbp.lublin.pl\/index.php\/wp-json\/wp\/v2\/posts"}],"about":[{"href":"https:\/\/wbp.lublin.pl\/index.php\/wp-json\/wp\/v2\/types\/post"}],"author":[{"embeddable":true,"href":"https:\/\/wbp.lublin.pl\/index.php\/wp-json\/wp\/v2\/users\/9"}],"replies":[{"embeddable":true,"href":"https:\/\/wbp.lublin.pl\/index.php\/wp-json\/wp\/v2\/comments?post=8482"}],"version-history":[{"count":1,"href":"https:\/\/wbp.lublin.pl\/index.php\/wp-json\/wp\/v2\/posts\/8482\/revisions"}],"predecessor-version":[{"id":9542,"href":"https:\/\/wbp.lublin.pl\/index.php\/wp-json\/wp\/v2\/posts\/8482\/revisions\/9542"}],"wp:attachment":[{"href":"https:\/\/wbp.lublin.pl\/index.php\/wp-json\/wp\/v2\/media?parent=8482"}],"wp:term":[{"taxonomy":"category","embeddable":true,"href":"https:\/\/wbp.lublin.pl\/index.php\/wp-json\/wp\/v2\/categories?post=8482"},{"taxonomy":"post_tag","embeddable":true,"href":"https:\/\/wbp.lublin.pl\/index.php\/wp-json\/wp\/v2\/tags?post=8482"}],"curies":[{"name":"wp","href":"https:\/\/api.w.org\/{rel}","templated":true}]}}