{"id":8540,"date":"2015-04-16T08:59:12","date_gmt":"2015-04-16T06:59:12","guid":{"rendered":"https:\/\/wbp.lublin.pl8\/index.php\/2015\/04\/16\/michalak-katarzyna-bezdomna\/"},"modified":"2018-07-02T21:57:21","modified_gmt":"2018-07-02T19:57:21","slug":"michalak-katarzyna-bezdomna","status":"publish","type":"post","link":"https:\/\/wbp.lublin.pl\/index.php\/2015\/04\/16\/michalak-katarzyna-bezdomna\/","title":{"rendered":"Michalak Katarzyna: Bezdomna"},"content":{"rendered":"<p style=\"text-align: center;\"><em><span style=\"font-size: 12px;\"><span style=\"font-family: Verdana;\">&#8222;Nie pogardzaj drugim cz\u0142owiekiem, dop\u00f3ki nie poznasz jego historii. Mo\u017ce si\u0119 bowiem okaza\u0107, \u017ce znalaz\u0142 si\u0119 na dnie przez nieszcz\u0119\u015bcie, chorob\u0119 lub ludzk\u0105 pod\u0142o\u015b\u0107,<i style=\"mso-bidi-font-style: normal;\"><span style=\"line-height: 150%;\"> za\u015b dla ciebie Los \u2013 jako lekcj\u0119 pokory, szykuje pod\u0142\u0105 niespodziank\u0119\u201d.<\/span><\/i><\/span><\/span><\/em><\/p>\n<p class=\"MsoNormal\" style=\"margin-bottom: 0.0001pt; text-align: justify; line-height: 150%;\"><span style=\"font-size: 12px;\"><span style=\"font-family: Verdana;\"><span style=\"line-height: 150%;\">To m\u0105dre przes\u0142anie we wst\u0119pie do powie\u015bci zapowiada ciekaw\u0105 lektur\u0119 \u201eBezdomnej\u201d. <\/span><span style=\"line-height: 150%;\">Katarzyna Michalak opisuje losy dw\u00f3ch kobiet \u2013 Kingi i A\u015bki, kt\u00f3re \u0142\u0105czy wsp\u00f3lna i tajemnicza przesz\u0142o\u015b\u0107. Kinga traci c\u00f3rk\u0119, m\u0119\u017ca, dom, poczucie bezpiecze\u0144stwa i wiar\u0119 w sens \u017cycia. Kobieta gardzi sob\u0105 i postanawia pope\u0142ni\u0107 samob\u00f3jstwo. W wiecz\u00f3r wigilijny ratuje j\u0105 A\u015bka \u2013 kobieta, kt\u00f3ra, kiedy\u015b zniszczy\u0142a jej ma\u0142\u017ce\u0144stwo. Zaprasza King\u0119 na kolacj\u0119 w czasie, kt\u00f3rej kobiety rozmawiaj\u0105 o \u017cyciu, opowiadaj\u0105 swoje historie. A\u015bka nie zna jeszcze historii swojej rywalki, jak\u017ce tragicznej i wstrz\u0105saj\u0105cej. Czy to przypadkowe spotkanie pomo\u017ce Kindze uciec od traumy przesz\u0142o\u015bci? Czy A\u015bka, gdy pozna sekrety Kingi oka\u017ce jej zrozumienie i stanie si\u0119 jej przyjaci\u00f3\u0142k\u0105? <\/span><\/span><\/span><\/p>\n<p class=\"MsoNormal\" style=\"margin-bottom: .0001pt; text-align: justify; text-indent: 35.4pt; line-height: 150%;\"><span style=\"font-size: 12px;\"><span style=\"font-family: Verdana;\"><span style=\"line-height: 150%;\">Warto t\u0119 ksi\u0105\u017ck\u0119 przeczyta\u0107, bo jej lektura daje czytelnikowi du\u017co do my\u015blenia. Wed\u0142ug mnie utwierdza w przekonaniu, \u017ce nale\u017cy lepiej obserwowa\u0107 bliskich, by\u0107 otwartym na ich problemy i otacza\u0107 opiek\u0105 w trudnych momentach \u017cyciowych. Fina\u0142 tej smutnej powie\u015bci troch\u0119 zaskakuje, ale ka\u017cdy kto j\u0105 przeczyta sam oceni intencje autorki. <\/span><\/span><\/span><\/p>\n<p class=\"MsoNormal\" style=\"margin-bottom: .0001pt; line-height: 150%;\"><span style=\"font-size: 12px;\"><span style=\"font-family: Verdana;\"><span style=\"line-height: 150%;\">\u00a0<\/span><span style=\"line-height: 150%;\">\u00a0<\/span><\/span><\/span><\/p>\n<p class=\"MsoNormal\" style=\"margin-bottom: .0001pt;\"><span style=\"font-size: 12px;\"><span style=\"font-family: Verdana;\"><span style=\"line-height: 115%;\">Regina Gil<\/span><\/span><\/span><\/p>\n<p class=\"MsoNormal\" style=\"margin-bottom: .0001pt;\"><span style=\"font-size: 12px;\"><span style=\"font-family: Verdana;\"><span style=\"line-height: 115%;\">DKK dla doros\u0142ych <\/span><\/span><\/span><\/p>\n<p class=\"MsoNormal\" style=\"margin-bottom: .0001pt;\"><span style=\"font-size: 12px;\"><span style=\"font-family: Verdana;\"><span style=\"line-height: 115%;\">w Modliborzycach,<br \/>\nwoj. lubelskie<\/span><\/span><\/span><\/p>\n","protected":false},"excerpt":{"rendered":"<p>&#8222;Nie pogardzaj drugim cz\u0142owiekiem, dop\u00f3ki nie poznasz jego historii. Mo\u017ce si\u0119 bowiem okaza\u0107, \u017ce znalaz\u0142 si\u0119 na dnie przez nieszcz\u0119\u015bcie, chorob\u0119 lub ludzk\u0105 pod\u0142o\u015b\u0107, za\u015b dla ciebie Los \u2013 jako [&hellip;]<\/p>\n","protected":false},"author":9,"featured_media":0,"comment_status":"open","ping_status":"open","sticky":false,"template":"","format":"standard","meta":{"_tec_requires_first_save":true,"_crdt_document":"","pgc_sgb_lightbox_settings":"","_EventAllDay":false,"_EventTimezone":"","_EventStartDate":"","_EventEndDate":"","_EventStartDateUTC":"","_EventEndDateUTC":"","_EventShowMap":false,"_EventShowMapLink":false,"_EventURL":"","_EventCost":"","_EventCostDescription":"","_EventCurrencySymbol":"","_EventCurrencyCode":"","_EventCurrencyPosition":"","_EventDateTimeSeparator":"","_EventTimeRangeSeparator":"","_EventOrganizerID":[],"_EventVenueID":[],"_OrganizerEmail":"","_OrganizerPhone":"","_OrganizerWebsite":"","_VenueAddress":"","_VenueCity":"","_VenueCountry":"","_VenueProvince":"","_VenueState":"","_VenueZip":"","_VenuePhone":"","_VenueURL":"","_VenueStateProvince":"","_VenueLat":"","_VenueLng":"","_VenueShowMap":false,"_VenueShowMapLink":false,"_tribe_blocks_recurrence_rules":"","_tribe_blocks_recurrence_description":"","_tribe_blocks_recurrence_exclusions":"","footnotes":""},"categories":[110],"tags":[],"class_list":["post-8540","post","type-post","status-publish","format-standard","hentry","category-recenzje-klubowiczow"],"publishpress_future_action":{"enabled":false,"date":"2026-05-06 09:05:57","action":"change-status","newStatus":"draft","terms":[],"taxonomy":"category","extraData":[]},"publishpress_future_workflow_manual_trigger":{"enabledWorkflows":[]},"_links":{"self":[{"href":"https:\/\/wbp.lublin.pl\/index.php\/wp-json\/wp\/v2\/posts\/8540","targetHints":{"allow":["GET"]}}],"collection":[{"href":"https:\/\/wbp.lublin.pl\/index.php\/wp-json\/wp\/v2\/posts"}],"about":[{"href":"https:\/\/wbp.lublin.pl\/index.php\/wp-json\/wp\/v2\/types\/post"}],"author":[{"embeddable":true,"href":"https:\/\/wbp.lublin.pl\/index.php\/wp-json\/wp\/v2\/users\/9"}],"replies":[{"embeddable":true,"href":"https:\/\/wbp.lublin.pl\/index.php\/wp-json\/wp\/v2\/comments?post=8540"}],"version-history":[{"count":2,"href":"https:\/\/wbp.lublin.pl\/index.php\/wp-json\/wp\/v2\/posts\/8540\/revisions"}],"predecessor-version":[{"id":12926,"href":"https:\/\/wbp.lublin.pl\/index.php\/wp-json\/wp\/v2\/posts\/8540\/revisions\/12926"}],"wp:attachment":[{"href":"https:\/\/wbp.lublin.pl\/index.php\/wp-json\/wp\/v2\/media?parent=8540"}],"wp:term":[{"taxonomy":"category","embeddable":true,"href":"https:\/\/wbp.lublin.pl\/index.php\/wp-json\/wp\/v2\/categories?post=8540"},{"taxonomy":"post_tag","embeddable":true,"href":"https:\/\/wbp.lublin.pl\/index.php\/wp-json\/wp\/v2\/tags?post=8540"}],"curies":[{"name":"wp","href":"https:\/\/api.w.org\/{rel}","templated":true}]}}