{"id":8541,"date":"2015-04-16T09:04:20","date_gmt":"2015-04-16T07:04:20","guid":{"rendered":"https:\/\/wbp.lublin.pl8\/index.php\/2015\/04\/16\/molenda-jarosaw-polki-przeklte-wielkie-kobiety-dramatyczne-biografie\/"},"modified":"2018-07-02T21:57:24","modified_gmt":"2018-07-02T19:57:24","slug":"molenda-jarosaw-polki-przeklte-wielkie-kobiety-dramatyczne-biografie","status":"publish","type":"post","link":"https:\/\/wbp.lublin.pl\/index.php\/2015\/04\/16\/molenda-jarosaw-polki-przeklte-wielkie-kobiety-dramatyczne-biografie\/","title":{"rendered":"Molenda Jaros\u0142aw: Polki przekl\u0119te? Wielkie kobiety &#8211; dramatyczne biografie"},"content":{"rendered":"<p style=\"text-align: justify;\"><span style=\"font-family: Times New Roman, serif;\"><span style=\"font-size: medium;\"><b>Jaros\u0142aw Molenda <\/b><\/span><\/span><span style=\"font-family: Times New Roman, serif;\"><span style=\"font-size: medium;\">w ksi\u0105\u017cce <\/span><\/span><span style=\"font-family: Times New Roman, serif;\"><span style=\"font-size: medium;\"><b>,,Polki przekl\u0119te?\u201d <\/b><\/span><\/span><span style=\"font-family: Times New Roman, serif;\"><span style=\"font-size: medium;\">przedstawia sylwetki siedmiu kobiet. Kobiety te dzieli bardzo wiele. Osobowo\u015b\u0107 i pochodzenie, status spo\u0142eczny<br \/>\ni spojrzenie na \u015bwiat, a nawet odleg\u0142e dekady. Jedno co je \u0142\u0105czy-to tragiczna \u015bmier\u0107, to towarzysz\u0105ce im przez m\u0142ode \u017cycie fatum, to niespe\u0142nione marzenia i zawiedzione nadzieje. <\/span><\/span>M<span style=\"font-family: Times New Roman, serif;\"><span style=\"font-size: medium;\">nie najbardziej poruszy\u0142 los <\/span><\/span><span style=\"font-family: Times New Roman, serif;\"><span style=\"font-size: medium;\"><b>Janiny Lewandowskiej i Wiery Gran.<\/b><\/span><\/span><\/p>\n<p style=\"margin-bottom: 0cm; line-height: 150%;\" align=\"JUSTIFY\"><span style=\"font-family: Times New Roman, serif;\"><span style=\"font-size: medium;\"><b> Janina Lewandowska <\/b><\/span><\/span><span style=\"font-family: Times New Roman, serif;\"><span style=\"font-size: medium;\">by\u0142a oficerem polskiego lotnictwa i jako jedyna kobieta ponios\u0142a \u015bmier\u0107 w Katyniu. Zgin\u0119\u0142a jak wszyscy, od strza\u0142u w ty\u0142 g\u0142owy. Jej tragiczny los<br \/>\ni dramat tysi\u0119cy polskich oficer\u00f3w sta\u0142 si\u0119 symbolem <\/span><\/span><span style=\"font-family: Times New Roman, serif;\"><span style=\"font-size: medium;\"><b>polskiej ,,Golgoty Wschodu\u201d.<\/b><\/span><\/span><\/p>\n<p style=\"margin-bottom: 0cm; line-height: 150%;\" align=\"JUSTIFY\"><span style=\"font-family: Times New Roman, serif;\"><span style=\"font-size: medium;\"><b> Wiera Gran<\/b><\/span><\/span><span style=\"font-family: Times New Roman, serif;\"><span style=\"font-size: medium;\"> do\u017cy\u0142a s\u0119dziwego wieku w Pary\u017cu. Ta znakomita \u017cydowska aktorka dozna\u0142a wielu upokorze\u0144 w \u017cyciu, mieszka\u0142a i pracowa\u0142a w warszawskim getcie, a po wojnie zosta\u0142a oskar\u017cona o kolaboracj\u0119 z gestapo, izolowana przez artystyczny \u015bwiat oraz otaczaj\u0105cych j\u0105 ludzi.<\/span><\/span><\/p>\n<p style=\"margin-bottom: 0cm; line-height: 150%;\" align=\"JUSTIFY\"><span style=\"font-family: Times New Roman, serif;\"><span style=\"font-size: medium;\"> Natomiast najtragiczniejszy rozdzia\u0142 dotyczy kr\u00f3tkiego \u017cycia <\/span><\/span><span style=\"font-family: Times New Roman, serif;\"><span style=\"font-size: medium;\"><b>Danuty Siedzik\u00f3wny ,,Inki\u201d-<\/b><\/span><\/span><span style=\"font-family: Times New Roman, serif;\"><span style=\"font-size: medium;\"> sanitariuszki le\u015bnego oddzia\u0142u, kt\u00f3ra zosta\u0142a rozstrzelana w wieku 18 lat. <\/span><\/span><span style=\"font-family: Times New Roman, serif;\"><span style=\"font-size: medium;\"><b>,,Inka\u201d<\/b><\/span><\/span><span style=\"font-family: Times New Roman, serif;\"><span style=\"font-size: medium;\"> jest jednym z <\/span><\/span><span style=\"font-family: Times New Roman, serif;\"><span style=\"font-size: medium;\"><b>,,\u017bo\u0142nierzy Wykl\u0119tych\u201d.<\/b><\/span><\/span><\/p>\n<p style=\"margin-bottom: 0cm; line-height: 150%;\" align=\"JUSTIFY\"><span style=\"font-family: Times New Roman, serif;\"><span style=\"font-size: medium;\"><b>,,Polki przekl\u0119te?&#8221; Jaros\u0142awa Molendy <\/b><\/span><\/span><span style=\"font-family: Times New Roman, serif;\"><span style=\"font-size: medium;\">to bardzo interesuj\u0105ca ksi\u0105\u017cka po\u015bwi\u0119cona kobietom, kt\u00f3re pozostawi\u0142y sw\u00f3j \u015blad w historii Polski XX wieku. Wywo\u0142uje ona niesamowite emocje. Niekt\u00f3re fragmenty trzeba czyta\u0107 po kilka razy, aby ogarn\u0105\u0107 tragizm osoby i sytuacji.<\/span><\/span><\/p>\n<p style=\"text-indent: 1.25cm; margin-bottom: 0cm; line-height: 150%;\" align=\"JUSTIFY\"><span style=\"font-family: Times New Roman, serif;\"><span style=\"font-size: medium;\">I tak nie zawsze si\u0119 to udaje. Obok losu tych kobiet nie mo\u017cna przej\u015b\u0107 oboj\u0119tnie, nie mo\u017cna o nich zapomnie\u0107.<\/span><\/span><span style=\"font-family: Times New Roman, serif;\"><span style=\"font-size: medium;\"><b> ,,Polki Przekl\u0119te?&#8221; <\/b><\/span><\/span><span style=\"font-family: Times New Roman, serif;\"><span style=\"font-size: medium;\">to ksi\u0105\u017cka, kt\u00f3ra opr\u00f3cz tragicznego losu 7 kobiet ukazuje nie\u0142atwe dzieje polskiej historii na przestrzeni kilkudziesi\u0119ciu lat.<\/span><\/span><\/p>\n<p style=\"margin-bottom: 0cm; line-height: 150%;\" align=\"JUSTIFY\"><span style=\"font-family: Times New Roman, serif;\"><span style=\"font-size: medium;\"><b>Gor\u0105co polecam! Warto! Warto! Warto!<\/b><\/span><\/span><\/p>\n<p style=\"margin-bottom: 0cm; line-height: 150%;\" align=\"JUSTIFY\">\n<p style=\"margin-bottom: 0cm;\" align=\"LEFT\"><span style=\"font-family: Times New Roman, serif;\"><span style=\"font-size: medium;\">Bo\u017cena Pikula<\/span><\/span><\/p>\n<p style=\"margin-bottom: 0cm;\" align=\"LEFT\"><span style=\"font-family: Times New Roman, serif;\"><span style=\"font-size: medium;\">DKK dla doros\u0142ych<\/span><\/span><\/p>\n<p style=\"margin-bottom: 0cm;\" align=\"LEFT\"><span style=\"font-family: Times New Roman, serif;\"><span style=\"font-size: medium;\">Modliborzyce, woj. lubelskie<\/span><\/span><\/p>\n","protected":false},"excerpt":{"rendered":"<p>Jaros\u0142aw Molenda w ksi\u0105\u017cce ,,Polki przekl\u0119te?\u201d przedstawia sylwetki siedmiu kobiet. Kobiety te dzieli bardzo wiele. Osobowo\u015b\u0107 i pochodzenie, status spo\u0142eczny i spojrzenie na \u015bwiat, a nawet odleg\u0142e dekady. Jedno co [&hellip;]<\/p>\n","protected":false},"author":9,"featured_media":0,"comment_status":"open","ping_status":"open","sticky":false,"template":"","format":"standard","meta":{"_tec_requires_first_save":true,"_crdt_document":"","pgc_sgb_lightbox_settings":"","_EventAllDay":false,"_EventTimezone":"","_EventStartDate":"","_EventEndDate":"","_EventStartDateUTC":"","_EventEndDateUTC":"","_EventShowMap":false,"_EventShowMapLink":false,"_EventURL":"","_EventCost":"","_EventCostDescription":"","_EventCurrencySymbol":"","_EventCurrencyCode":"","_EventCurrencyPosition":"","_EventDateTimeSeparator":"","_EventTimeRangeSeparator":"","_EventOrganizerID":[],"_EventVenueID":[],"_OrganizerEmail":"","_OrganizerPhone":"","_OrganizerWebsite":"","_VenueAddress":"","_VenueCity":"","_VenueCountry":"","_VenueProvince":"","_VenueState":"","_VenueZip":"","_VenuePhone":"","_VenueURL":"","_VenueStateProvince":"","_VenueLat":"","_VenueLng":"","_VenueShowMap":false,"_VenueShowMapLink":false,"_tribe_blocks_recurrence_rules":"","_tribe_blocks_recurrence_description":"","_tribe_blocks_recurrence_exclusions":"","footnotes":""},"categories":[110],"tags":[],"class_list":["post-8541","post","type-post","status-publish","format-standard","hentry","category-recenzje-klubowiczow"],"publishpress_future_action":{"enabled":false,"date":"2026-05-06 09:13:08","action":"change-status","newStatus":"draft","terms":[],"taxonomy":"category","extraData":[]},"publishpress_future_workflow_manual_trigger":{"enabledWorkflows":[]},"_links":{"self":[{"href":"https:\/\/wbp.lublin.pl\/index.php\/wp-json\/wp\/v2\/posts\/8541","targetHints":{"allow":["GET"]}}],"collection":[{"href":"https:\/\/wbp.lublin.pl\/index.php\/wp-json\/wp\/v2\/posts"}],"about":[{"href":"https:\/\/wbp.lublin.pl\/index.php\/wp-json\/wp\/v2\/types\/post"}],"author":[{"embeddable":true,"href":"https:\/\/wbp.lublin.pl\/index.php\/wp-json\/wp\/v2\/users\/9"}],"replies":[{"embeddable":true,"href":"https:\/\/wbp.lublin.pl\/index.php\/wp-json\/wp\/v2\/comments?post=8541"}],"version-history":[{"count":2,"href":"https:\/\/wbp.lublin.pl\/index.php\/wp-json\/wp\/v2\/posts\/8541\/revisions"}],"predecessor-version":[{"id":12929,"href":"https:\/\/wbp.lublin.pl\/index.php\/wp-json\/wp\/v2\/posts\/8541\/revisions\/12929"}],"wp:attachment":[{"href":"https:\/\/wbp.lublin.pl\/index.php\/wp-json\/wp\/v2\/media?parent=8541"}],"wp:term":[{"taxonomy":"category","embeddable":true,"href":"https:\/\/wbp.lublin.pl\/index.php\/wp-json\/wp\/v2\/categories?post=8541"},{"taxonomy":"post_tag","embeddable":true,"href":"https:\/\/wbp.lublin.pl\/index.php\/wp-json\/wp\/v2\/tags?post=8541"}],"curies":[{"name":"wp","href":"https:\/\/api.w.org\/{rel}","templated":true}]}}