{"id":8543,"date":"2015-04-27T06:47:11","date_gmt":"2015-04-27T04:47:11","guid":{"rendered":"https:\/\/wbp.lublin.pl8\/index.php\/2015\/04\/27\/zapisy-na-v-lubelskie-forum-bibliotekarzy-13-maja-2015-r\/"},"modified":"2018-06-22T23:59:58","modified_gmt":"2018-06-22T21:59:58","slug":"zapisy-na-v-lubelskie-forum-bibliotekarzy-13-maja-2015-r","status":"publish","type":"post","link":"https:\/\/wbp.lublin.pl\/index.php\/2015\/04\/27\/zapisy-na-v-lubelskie-forum-bibliotekarzy-13-maja-2015-r\/","title":{"rendered":"ZAPISY NA V LUBELSKIE FORUM BIBLIOTEKARZY &#8211; 13 MAJA 2015 R."},"content":{"rendered":"\n<p style=\"text-align: justify;\">Wojew\u00f3dzka Biblioteka Publiczna im. Hieronima \u0141opaci\u0144skiego i Zarz\u0105d Okr\u0119gu Stowarzyszenia Bibliotekarzy Polskich w Lublinie serdecznie zapraszaj\u0105 na <b>V<\/b> <b>Lubelskie Forum Bibliotekarzy <\/b>pod patronatem S\u0142awomira Sosnowskiego, Marsza\u0142ka Wojew\u00f3dztwa Lubelskiego. Forum odb\u0119dzie si\u0119 w czasie obchod\u00f3w XII Og\u00f3lnopolskiego Tygodnia Bibliotek, promuj\u0105cego czytelnictwo i biblioteki pod has\u0142em <b>\u201eWybieram bibliotek\u0119\u201d<\/b>.<\/p>\n<div><b>&#160;<\/b><\/div>\n<div><u>Program<\/u><\/div>\n<ul type=\"square\">\n<li><b>Biblioteki      lud\u017ami stoj\u0105 \u2013 o roli wsp\u00f3\u0142czesnych bibliotekarzy<\/b> \u2013 dr Marzena      Cichorzewska,&#160;Katedra Zarz\u0105dzania      Politechniki Lubelskiej<\/li>\n<li><b>Budowy,      remonty i modernizacje bibliotek wojew\u00f3dztwa lubelskiego w latach      2011-2015<\/b> \u2013 Pawe\u0142 Kordybacha WBP Lublin<\/li>\n<li>Z cyklu <i>Dobre      praktyki<\/i> \u2013 <b>Program \u201eInfrastruktura      bibliotek<\/b>\u201d z perspektywy w\u0142adz samorz\u0105dowych \u2013 Dariusz \u0141obejko, w\u00f3jt      gminy Jab\u0142o\u0144<\/li>\n<li>Wr\u0119czenie nagrody <b>\u201eLubelski Bibliotekarz Roku<\/b> <b>2014\u201d<\/b>\u2013konkurs Zarz\u0105du G\u0142\u00f3wnego Stowarzyszenia Bibliotekarzy Polskich<\/li>\n<\/ul>\n<div>&#160;<\/div>\n<p>Forum odb\u0119dzie si\u0119 13 maja 2015 r. w Galerii WBP w Lublinie ul. Narutowicza 4 <br \/> w godz. 10.00 \u2013 14.00.<\/p>\n<p>Prosimy o potwierdzenie przybycia do dnia 8 maja 2015 r., pod nr tel.: 81 503 75 10.<\/p>\n<p><!--[if gte mso 9]><![endif]--><!--[if !mso]> \n\n<style> st1\\:*{behavior:url(#ieooui) } <\/style>\n\n <![endif]--><!--[if gte mso 10]> \n\n<style>  \/* Style Definitions *\/  table.MsoNormalTable \t{ \tmso-style-parent:\"\"; \tfont-size:10.0pt;\"Times New Roman\";} <\/style>\n\n <![endif]--><\/p>\n","protected":false},"excerpt":{"rendered":"<p><!--[if gte mso 9]><xml>     Normal   0   21         false   false   false                             MicrosoftInternetExplorer4   <\/xml><![endif]--><\/p>\n","protected":false},"author":9,"featured_media":0,"comment_status":"open","ping_status":"open","sticky":false,"template":"","format":"standard","meta":{"_tec_requires_first_save":true,"_crdt_document":"","pgc_sgb_lightbox_settings":"","_EventAllDay":false,"_EventTimezone":"","_EventStartDate":"","_EventEndDate":"","_EventStartDateUTC":"","_EventEndDateUTC":"","_EventShowMap":false,"_EventShowMapLink":false,"_EventURL":"","_EventCost":"","_EventCostDescription":"","_EventCurrencySymbol":"","_EventCurrencyCode":"","_EventCurrencyPosition":"","_EventDateTimeSeparator":"","_EventTimeRangeSeparator":"","_EventOrganizerID":[],"_EventVenueID":[],"_OrganizerEmail":"","_OrganizerPhone":"","_OrganizerWebsite":"","_VenueAddress":"","_VenueCity":"","_VenueCountry":"","_VenueProvince":"","_VenueState":"","_VenueZip":"","_VenuePhone":"","_VenueURL":"","_VenueStateProvince":"","_VenueLat":"","_VenueLng":"","_VenueShowMap":false,"_VenueShowMapLink":false,"_tribe_blocks_recurrence_rules":"","_tribe_blocks_recurrence_description":"","_tribe_blocks_recurrence_exclusions":"","footnotes":""},"categories":[101],"tags":[],"class_list":["post-8543","post","type-post","status-publish","format-standard","hentry","category-komunikaty-branzowe-archiwum"],"publishpress_future_action":{"enabled":false,"date":"2026-05-06 15:52:20","action":"change-status","newStatus":"draft","terms":[],"taxonomy":"category","extraData":[]},"publishpress_future_workflow_manual_trigger":{"enabledWorkflows":[]},"_links":{"self":[{"href":"https:\/\/wbp.lublin.pl\/index.php\/wp-json\/wp\/v2\/posts\/8543","targetHints":{"allow":["GET"]}}],"collection":[{"href":"https:\/\/wbp.lublin.pl\/index.php\/wp-json\/wp\/v2\/posts"}],"about":[{"href":"https:\/\/wbp.lublin.pl\/index.php\/wp-json\/wp\/v2\/types\/post"}],"author":[{"embeddable":true,"href":"https:\/\/wbp.lublin.pl\/index.php\/wp-json\/wp\/v2\/users\/9"}],"replies":[{"embeddable":true,"href":"https:\/\/wbp.lublin.pl\/index.php\/wp-json\/wp\/v2\/comments?post=8543"}],"version-history":[{"count":1,"href":"https:\/\/wbp.lublin.pl\/index.php\/wp-json\/wp\/v2\/posts\/8543\/revisions"}],"predecessor-version":[{"id":9251,"href":"https:\/\/wbp.lublin.pl\/index.php\/wp-json\/wp\/v2\/posts\/8543\/revisions\/9251"}],"wp:attachment":[{"href":"https:\/\/wbp.lublin.pl\/index.php\/wp-json\/wp\/v2\/media?parent=8543"}],"wp:term":[{"taxonomy":"category","embeddable":true,"href":"https:\/\/wbp.lublin.pl\/index.php\/wp-json\/wp\/v2\/categories?post=8543"},{"taxonomy":"post_tag","embeddable":true,"href":"https:\/\/wbp.lublin.pl\/index.php\/wp-json\/wp\/v2\/tags?post=8543"}],"curies":[{"name":"wp","href":"https:\/\/api.w.org\/{rel}","templated":true}]}}