{"id":8555,"date":"2015-05-21T10:12:26","date_gmt":"2015-05-21T08:12:26","guid":{"rendered":"https:\/\/wbp.lublin.pl8\/index.php\/2015\/05\/21\/martin-d-lorena-dom-tajemnic\/"},"modified":"2018-07-02T21:57:14","modified_gmt":"2018-07-02T19:57:14","slug":"martin-d-lorena-dom-tajemnic","status":"publish","type":"post","link":"https:\/\/wbp.lublin.pl\/index.php\/2015\/05\/21\/martin-d-lorena-dom-tajemnic\/","title":{"rendered":"Mart\u00edn D. Lorena: Dom tajemnic"},"content":{"rendered":"<p style=\"text-align: justify;\"><span style=\"font-size: 12px;\"><span style=\"font-family: Verdana;\">\u201eDom tajemnic\u201d Loreny Martin D. \u2013 to powie\u015b\u0107 historyczno-obyczajowa <\/span><span style=\"font-size: 12px;\"><span style=\"font-family: Verdana;\"><span style=\"line-height: 150%;\">i r\u00f3wnocze\u015bnie psychologiczna. Opowiada o z\u0142o\u017conych i skomplikowanych relacjach rodzinnych i mi\u0142osnych, porusza tak\u017ce problem odpowiedzialno\u015bci za losy innych. <\/span><\/span><\/span><\/span><\/p>\n<p class=\"MsoNormal\" style=\"margin-bottom: .0001pt; text-align: justify; text-indent: 35.4pt; line-height: 150%;\"><span style=\"font-size: 12px;\"><span style=\"font-family: Verdana;\"><span style=\"line-height: 150%;\">Akcja rozpoczyna si\u0119 w Meksyku w latach dwudziestych i trzydziestych XX wieku, potem przenosi si\u0119 do Hiszpanii, gdzie toczy si\u0119 wojna domowa i wreszcie dociera do Warszawy. Autorka przytacza wiele dat, postaci i wydarze\u0144 z historii Polski. Zwraca uwag\u0119 na to, co cz\u0119sto ulega zapomnieniu i niekiedy ca\u0142e lata czeka na ujawnienie i \u201eujrzenie \u015bwiat\u0142a dziennego\u201d.<\/span><\/span><\/span><\/p>\n<p class=\"MsoNormal\" style=\"margin-bottom: .0001pt; text-align: justify; text-indent: 35.4pt; line-height: 150%;\"><span style=\"font-size: 12px;\"><span style=\"font-family: Verdana;\"><span style=\"line-height: 150%;\">Czytaj\u0105c t\u0119 powie\u015b\u0107 czytelnik poznaje wiele ciekawych fakt\u00f3w: dramat getta warszawskiego, kwesti\u0119 \u017cydowsk\u0105 i Jedwabne, operacje Cytadela, mordy na Polakach dokonywane przez NKWD, losy powsta\u0144c\u00f3w warszawskich. Spotyka te\u017c postaci z naszej tragicznej przesz\u0142o\u015bci historycznej m.in. J. Karskiego &#8211; kuriera mi\u0119dzy polskim podziemiem, a rz\u0105dem emigracyjnym, I. Sendlerow\u0105, kt\u00f3ra wyprowadzi\u0142a z getta ponad dwa tysi\u0105ce dzieci czy te\u017c profesora J. Korczaka i jego Dom Sierot. <\/span><\/span><\/span><\/p>\n<p class=\"MsoNormal\" style=\"margin-bottom: .0001pt; text-align: justify; text-indent: 35.4pt; line-height: 150%;\"><span style=\"font-size: 12px;\"><span style=\"font-family: Verdana;\"><span style=\"line-height: 150%;\">Nie spos\u00f3b w kr\u00f3tkiej recenzji zaprezentowa\u0107 wszystkie nazwiska i wydarzenia sk\u0142adaj\u0105ce si\u0119 na fabu\u0142\u0119 \u201eDomu Tajemnic\u201d, dlatego zach\u0119cam zainteresowanych nasz\u0105 histori\u0105 z okresu II wojny \u015bwiatowej do lektury tej ksi\u0105\u017cki. Na uwag\u0119 zas\u0142uguje bogata bibliografia faktograficzna na podstawie, kt\u00f3rej oparta jest tre\u015b\u0107 ksi\u0105\u017cki oraz liczne \u017ar\u00f3d\u0142a t\u0142umacze\u0144 wykorzystane w jej przek\u0142adzie na j\u0119zyk polski.<\/span><\/span><\/span><\/p>\n<p class=\"MsoNormal\" style=\"margin-bottom: .0001pt; text-align: justify; text-indent: 35.4pt; line-height: 150%;\"><span style=\"font-size: 12px;\"><span style=\"font-family: Verdana;\"><span style=\"line-height: 150%;\">Najlepsz\u0105 jednak rekomendacj\u0105 powie\u015bci jest wypowied\u017a samej autorki:<i style=\"mso-bidi-font-style: normal;\"> \u201ew ksi\u0105\u017cce opisuje rzeczy nigdy niewypowiedziane i takie, o kt\u00f3rych nikt nie chce pami\u0119ta\u0107\u2026 Historia u\u015bwiadamia nam prawd\u0119, cho\u0107 akceptowanie fakt\u00f3w, kt\u00f3re przez lata starano si\u0119 wyprze\u0107 z pami\u0119ci przychodzi cz\u0119sto z trudem. To w\u0142a\u015bnie zadaniem pisarzy jest na\u015bwietlanie obszar\u00f3w, kt\u00f3re dla pewnych narod\u00f3w s\u0105 niewygodne\u201d.<\/i><\/span> <\/span><\/span><\/p>\n<p class=\"MsoNormal\" style=\"margin-bottom: .0001pt; text-align: justify;\"><span style=\"font-size: 12px;\"><span style=\"font-family: Verdana;\"><span style=\"line-height: 115%;\">\u00a0<\/span><\/span><\/span><\/p>\n<p class=\"MsoNormal\" style=\"margin-bottom: .0001pt; text-align: justify;\"><span style=\"font-size: 12px;\"><span style=\"font-family: Verdana;\"><span style=\"line-height: 115%;\">Regina Gil<\/span><\/span><\/span><\/p>\n<p class=\"MsoNormal\" style=\"margin-bottom: .0001pt; text-align: justify;\"><span style=\"font-size: 12px;\"><span style=\"font-family: Verdana;\"><span style=\"line-height: 115%;\">DKK dla doros\u0142ych<\/span><\/span><\/span><\/p>\n<p class=\"MsoNormal\" style=\"margin-bottom: .0001pt; text-align: justify;\"><span style=\"font-size: 12px;\"><span style=\"font-family: Verdana;\"><span style=\"line-height: 115%;\">w Modliborzycach<\/span><\/span><\/span><\/p>\n<p style=\"text-align: justify;\"><span style=\"font-size: 12px;\"><span style=\"font-family: Verdana;\"><span style=\"line-height: 115%;\">woj.lubelskie<\/span><\/span><\/span><\/p>\n","protected":false},"excerpt":{"rendered":"<p>\u201eDom tajemnic\u201d Loreny Martin D. \u2013 to powie\u015b\u0107 historyczno-obyczajowa i r\u00f3wnocze\u015bnie psychologiczna. Opowiada o z\u0142o\u017conych i skomplikowanych relacjach rodzinnych i mi\u0142osnych, porusza tak\u017ce problem odpowiedzialno\u015bci za losy innych. Akcja rozpoczyna [&hellip;]<\/p>\n","protected":false},"author":9,"featured_media":0,"comment_status":"open","ping_status":"open","sticky":false,"template":"","format":"standard","meta":{"_tec_requires_first_save":true,"_crdt_document":"","pgc_sgb_lightbox_settings":"","_EventAllDay":false,"_EventTimezone":"","_EventStartDate":"","_EventEndDate":"","_EventStartDateUTC":"","_EventEndDateUTC":"","_EventShowMap":false,"_EventShowMapLink":false,"_EventURL":"","_EventCost":"","_EventCostDescription":"","_EventCurrencySymbol":"","_EventCurrencyCode":"","_EventCurrencyPosition":"","_EventDateTimeSeparator":"","_EventTimeRangeSeparator":"","_EventOrganizerID":[],"_EventVenueID":[],"_OrganizerEmail":"","_OrganizerPhone":"","_OrganizerWebsite":"","_VenueAddress":"","_VenueCity":"","_VenueCountry":"","_VenueProvince":"","_VenueState":"","_VenueZip":"","_VenuePhone":"","_VenueURL":"","_VenueStateProvince":"","_VenueLat":"","_VenueLng":"","_VenueShowMap":false,"_VenueShowMapLink":false,"_tribe_blocks_recurrence_rules":"","_tribe_blocks_recurrence_description":"","_tribe_blocks_recurrence_exclusions":"","footnotes":""},"categories":[110],"tags":[],"class_list":["post-8555","post","type-post","status-publish","format-standard","hentry","category-recenzje-klubowiczow"],"publishpress_future_action":{"enabled":false,"date":"2026-05-06 08:56:23","action":"change-status","newStatus":"draft","terms":[],"taxonomy":"category","extraData":[]},"publishpress_future_workflow_manual_trigger":{"enabledWorkflows":[]},"_links":{"self":[{"href":"https:\/\/wbp.lublin.pl\/index.php\/wp-json\/wp\/v2\/posts\/8555","targetHints":{"allow":["GET"]}}],"collection":[{"href":"https:\/\/wbp.lublin.pl\/index.php\/wp-json\/wp\/v2\/posts"}],"about":[{"href":"https:\/\/wbp.lublin.pl\/index.php\/wp-json\/wp\/v2\/types\/post"}],"author":[{"embeddable":true,"href":"https:\/\/wbp.lublin.pl\/index.php\/wp-json\/wp\/v2\/users\/9"}],"replies":[{"embeddable":true,"href":"https:\/\/wbp.lublin.pl\/index.php\/wp-json\/wp\/v2\/comments?post=8555"}],"version-history":[{"count":2,"href":"https:\/\/wbp.lublin.pl\/index.php\/wp-json\/wp\/v2\/posts\/8555\/revisions"}],"predecessor-version":[{"id":12918,"href":"https:\/\/wbp.lublin.pl\/index.php\/wp-json\/wp\/v2\/posts\/8555\/revisions\/12918"}],"wp:attachment":[{"href":"https:\/\/wbp.lublin.pl\/index.php\/wp-json\/wp\/v2\/media?parent=8555"}],"wp:term":[{"taxonomy":"category","embeddable":true,"href":"https:\/\/wbp.lublin.pl\/index.php\/wp-json\/wp\/v2\/categories?post=8555"},{"taxonomy":"post_tag","embeddable":true,"href":"https:\/\/wbp.lublin.pl\/index.php\/wp-json\/wp\/v2\/tags?post=8555"}],"curies":[{"name":"wp","href":"https:\/\/api.w.org\/{rel}","templated":true}]}}