{"id":8556,"date":"2015-05-21T10:19:13","date_gmt":"2015-05-21T08:19:13","guid":{"rendered":"https:\/\/wbp.lublin.pl8\/index.php\/2015\/05\/21\/najlepsza-recenzja-kwietnia\/"},"modified":"2018-06-24T14:44:53","modified_gmt":"2018-06-24T12:44:53","slug":"najlepsza-recenzja-kwietnia","status":"publish","type":"post","link":"https:\/\/wbp.lublin.pl\/index.php\/2015\/05\/21\/najlepsza-recenzja-kwietnia\/","title":{"rendered":"Najlepsza recenzja kwietnia"},"content":{"rendered":"<p style=\"text-align: justify;\">W konkursie na najlepsze recenzje kwietnia zwyci\u0119\u017cyli:<\/p>\n<ul>\n<li>Anna Dral z DKK we Frysztaku, za recenzj\u0119 <em>Zab\u00f3jcy<\/em> Marii Nurowskiej,<\/li>\n<\/ul>\n<p style=\"text-align: justify;\">w kategorii m\u0142odzie\u017cowej:<\/p>\n<ul>\n<li><strong>Alicja Stefaniak z DKK w Trzydniku Du\u017cym woj. lubelskie, za recenzj\u0119 <em>Wi\u0119\u017ania labiryntu<\/em>  Jamesa Dashnera i jest to zarazem druga nagroda w tym roku za recnzj\u0119  tej ksi\u0105\u017cki. <\/strong><\/li>\n<\/ul>\n<p style=\"text-align: justify;\">Nagrod\u0119 w kategorii dzieci\u0119cej otrzymuje:<\/p>\n<ul>\n<li>Laura Sywulak (lat  8) z G\u0142ubczyc, za ilustracj\u0119 do ksi\u0105\u017cki Gilberta Delahaye<em> Martynka<\/em>.<\/li>\n<\/ul>\n<p style=\"text-align: justify;\"> <strong>Kwietniowe  nagrody ksi\u0105\u017ckowe dla laureat\u00f3w ufundowali:  <\/strong><strong>Wydawnictwo Literackie,  Czarne, \u015awiat Ksi\u0105\u017cki, Wydawnictwo a5, Pr\u00f3szy\u0144ski i S-ka, Nasza  Ksi\u0119garnia, a tak\u017ce Ezop i Skrzat.<\/strong><\/p>\n<p style=\"text-align: justify;\">\u00a0<\/p>\n<p style=\"text-align: justify;\"><strong>Gratulujemy wszystkim nagrodzonym, szczeg\u00f3lnie Alicji Stefaniak z najm\u0142odszego lubelskiego DKK<\/strong>!!<\/p>\n","protected":false},"excerpt":{"rendered":"<p>W konkursie na najlepsze recenzje kwietnia zwyci\u0119\u017cyli: Anna Dral z DKK we Frysztaku, za recenzj\u0119 Zab\u00f3jcy Marii Nurowskiej, w kategorii m\u0142odzie\u017cowej: Alicja Stefaniak z DKK w Trzydniku Du\u017cym woj. lubelskie, [&hellip;]<\/p>\n","protected":false},"author":9,"featured_media":0,"comment_status":"open","ping_status":"open","sticky":false,"template":"","format":"standard","meta":{"_tec_requires_first_save":true,"_crdt_document":"","pgc_sgb_lightbox_settings":"","_EventAllDay":false,"_EventTimezone":"","_EventStartDate":"","_EventEndDate":"","_EventStartDateUTC":"","_EventEndDateUTC":"","_EventShowMap":false,"_EventShowMapLink":false,"_EventURL":"","_EventCost":"","_EventCostDescription":"","_EventCurrencySymbol":"","_EventCurrencyCode":"","_EventCurrencyPosition":"","_EventDateTimeSeparator":"","_EventTimeRangeSeparator":"","_EventOrganizerID":[],"_EventVenueID":[],"_OrganizerEmail":"","_OrganizerPhone":"","_OrganizerWebsite":"","_VenueAddress":"","_VenueCity":"","_VenueCountry":"","_VenueProvince":"","_VenueState":"","_VenueZip":"","_VenuePhone":"","_VenueURL":"","_VenueStateProvince":"","_VenueLat":"","_VenueLng":"","_VenueShowMap":false,"_VenueShowMapLink":false,"_tribe_blocks_recurrence_rules":"","_tribe_blocks_recurrence_description":"","_tribe_blocks_recurrence_exclusions":"","footnotes":""},"categories":[105],"tags":[],"class_list":["post-8556","post","type-post","status-publish","format-standard","hentry","category-aktualnosci-dkk"],"publishpress_future_action":{"enabled":false,"date":"2026-05-06 14:57:10","action":"change-status","newStatus":"draft","terms":[],"taxonomy":"category","extraData":[]},"publishpress_future_workflow_manual_trigger":{"enabledWorkflows":[]},"_links":{"self":[{"href":"https:\/\/wbp.lublin.pl\/index.php\/wp-json\/wp\/v2\/posts\/8556","targetHints":{"allow":["GET"]}}],"collection":[{"href":"https:\/\/wbp.lublin.pl\/index.php\/wp-json\/wp\/v2\/posts"}],"about":[{"href":"https:\/\/wbp.lublin.pl\/index.php\/wp-json\/wp\/v2\/types\/post"}],"author":[{"embeddable":true,"href":"https:\/\/wbp.lublin.pl\/index.php\/wp-json\/wp\/v2\/users\/9"}],"replies":[{"embeddable":true,"href":"https:\/\/wbp.lublin.pl\/index.php\/wp-json\/wp\/v2\/comments?post=8556"}],"version-history":[{"count":1,"href":"https:\/\/wbp.lublin.pl\/index.php\/wp-json\/wp\/v2\/posts\/8556\/revisions"}],"predecessor-version":[{"id":9520,"href":"https:\/\/wbp.lublin.pl\/index.php\/wp-json\/wp\/v2\/posts\/8556\/revisions\/9520"}],"wp:attachment":[{"href":"https:\/\/wbp.lublin.pl\/index.php\/wp-json\/wp\/v2\/media?parent=8556"}],"wp:term":[{"taxonomy":"category","embeddable":true,"href":"https:\/\/wbp.lublin.pl\/index.php\/wp-json\/wp\/v2\/categories?post=8556"},{"taxonomy":"post_tag","embeddable":true,"href":"https:\/\/wbp.lublin.pl\/index.php\/wp-json\/wp\/v2\/tags?post=8556"}],"curies":[{"name":"wp","href":"https:\/\/api.w.org\/{rel}","templated":true}]}}