{"id":8567,"date":"2015-07-01T11:55:31","date_gmt":"2015-07-01T09:55:31","guid":{"rendered":"https:\/\/wbp.lublin.pl8\/index.php\/2015\/07\/01\/kaliciska-magorzata-kochana-moja-rozmowa-przez-ocean\/"},"modified":"2018-07-02T21:56:55","modified_gmt":"2018-07-02T19:56:55","slug":"kaliciska-magorzata-kochana-moja-rozmowa-przez-ocean","status":"publish","type":"post","link":"https:\/\/wbp.lublin.pl\/index.php\/2015\/07\/01\/kaliciska-magorzata-kochana-moja-rozmowa-przez-ocean\/","title":{"rendered":"Kalici\u0144ska Magorzata: Kochana moja. Rozmowa przez ocean"},"content":{"rendered":"<p style=\"text-align: justify;\">\u201eKochana moja. Rozmowa przez ocean\u201d Ma\u0142gorzaty Kalici\u0144skiej to ciep\u0142a, chwilami nostalgiczna i refleksyjna rozmowa dw\u00f3ch kobiet \u2013 matki i c\u00f3rki. Rozmowa za pomoc\u0105 poczty elektronicznej. Kobiety te mieszkaj\u0105 daleko od siebie, mama w Polsce a c\u00f3rka w Australii. Obydwie maj\u0105 wok\u00f3\u0142 siebie kochaj\u0105cych m\u0119\u017cczyzn i grono przyjaci\u00f3\u0142, nieco odmienne spojrzenia na \u015bwiat, ale tylko mi\u0119dzy sob\u0105 rozmawiaj\u0105 szczerze i na ka\u017cdy temat, o wszystkim.<\/p>\n<p class=\"MsoNormal\" style=\"text-indent: 35.4pt; text-align: justify;\"><span style=\"mso-spacerun: yes;\">\u00a0<\/span>S\u0105 tu rozmowy o mi\u0142o\u015bci i rodzinie, o wspomnieniach z dzieci\u0144stwa, o tolerancji, o dekalogu warto\u015bci \u017cyciowych. W ka\u017cdej rozmowie pojawiaj\u0105 si\u0119 tak\u017ce przepisy na proste potrawy za kt\u00f3rymi t\u0119skni c\u00f3rka.<\/p>\n<p class=\"MsoNormal\" style=\"text-indent: 35.4pt; text-align: justify;\">Wiele miejsca zajmuj\u0105 rozmowy o wychowaniu dzieci w rodzinie pe\u0142nej mi\u0142o\u015bci, poczucia akceptacji i bezpiecze\u0144stwa. Rodzina i dom to co\u015b niezwykle trwa\u0142ego i zwyczajnego, tak bardzo serdecznego i przyjaznego, bo Dom to nie lokal, to ludzie.<\/p>\n<p class=\"MsoNormal\" style=\"text-indent: 35.4pt; text-align: justify;\">Z \u201erozm\u00f3w przez ocean\u201d mo\u017cemy dowiedzie\u0107 si\u0119 o codziennym \u017cyciu i zwyczajach panuj\u0105cych w Australii. Poznajemy te\u017c zainteresowania kobiet kultur\u0105 i sztuk\u0105, w tym filmem i literatur\u0105.<\/p>\n<p class=\"MsoNormal\" style=\"text-indent: 35.4pt; text-align: justify;\">Trudno w kilku s\u0142owach zamkn\u0105\u0107 tre\u015b\u0107 wszystkich rozm\u00f3w mi\u0119dzy kobietami, kt\u00f3re mimo t\u0119sknoty i roz\u0142\u0105ki maj\u0105 zawsze wiele \u201edo odgrzebania\u201d. Ich bardzo bliskie relacje cechuje wra\u017cliwo\u015b\u0107, serdeczno\u015b\u0107 i ciep\u0142o.<\/p>\n<p class=\"MsoNormal\" style=\"text-indent: 35.4pt; text-align: justify;\"><span style=\"mso-spacerun: yes;\">\u00a0<\/span>Warto t\u0119 ksi\u0105\u017ck\u0119 przeczyta\u0107, bo opowiada ona o \u017cyciu w wielu jego wymiarach i pobudza do refleksji. <span style=\"mso-spacerun: yes;\">\u00a0\u00a0\u00a0<\/span><\/p>\n<p class=\"MsoNormal\" style=\"margin-bottom: 0.0001pt; text-indent: 35.4pt; text-align: justify;\">Regina Gil<span style=\"mso-spacerun: yes;\">\u00a0\u00a0\u00a0\u00a0\u00a0\u00a0\u00a0\u00a0\u00a0\u00a0\u00a0\u00a0\u00a0\u00a0\u00a0\u00a0\u00a0\u00a0\u00a0\u00a0\u00a0\u00a0\u00a0\u00a0\u00a0\u00a0\u00a0\u00a0\u00a0\u00a0\u00a0\u00a0\u00a0\u00a0\u00a0\u00a0\u00a0\u00a0\u00a0\u00a0\u00a0\u00a0\u00a0\u00a0\u00a0\u00a0 <\/span><span style=\"mso-spacerun: yes;\"><br \/>\n<\/span><\/p>\n<p class=\"MsoNormal\" style=\"margin-bottom: 0.0001pt; text-indent: 35.4pt; text-align: justify;\">DKK dla doros\u0142ych<\/p>\n<p class=\"MsoNormal\" style=\"margin-bottom: 0.0001pt; text-indent: 35.4pt; text-align: justify;\">w Modliborzycach<\/p>\n<p class=\"MsoNormal\" style=\"margin-bottom: 0.0001pt; text-indent: 35.4pt; text-align: justify;\">woj. lubelskie<\/p>\n","protected":false},"excerpt":{"rendered":"<p>\u201eKochana moja. Rozmowa przez ocean\u201d Ma\u0142gorzaty Kalici\u0144skiej to ciep\u0142a, chwilami nostalgiczna i refleksyjna rozmowa dw\u00f3ch kobiet \u2013 matki i c\u00f3rki. Rozmowa za pomoc\u0105 poczty elektronicznej. Kobiety te mieszkaj\u0105 daleko od [&hellip;]<\/p>\n","protected":false},"author":9,"featured_media":0,"comment_status":"open","ping_status":"open","sticky":false,"template":"","format":"standard","meta":{"_tec_requires_first_save":true,"_crdt_document":"","pgc_sgb_lightbox_settings":"","_EventAllDay":false,"_EventTimezone":"","_EventStartDate":"","_EventEndDate":"","_EventStartDateUTC":"","_EventEndDateUTC":"","_EventShowMap":false,"_EventShowMapLink":false,"_EventURL":"","_EventCost":"","_EventCostDescription":"","_EventCurrencySymbol":"","_EventCurrencyCode":"","_EventCurrencyPosition":"","_EventDateTimeSeparator":"","_EventTimeRangeSeparator":"","_EventOrganizerID":[],"_EventVenueID":[],"_OrganizerEmail":"","_OrganizerPhone":"","_OrganizerWebsite":"","_VenueAddress":"","_VenueCity":"","_VenueCountry":"","_VenueProvince":"","_VenueState":"","_VenueZip":"","_VenuePhone":"","_VenueURL":"","_VenueStateProvince":"","_VenueLat":"","_VenueLng":"","_VenueShowMap":false,"_VenueShowMapLink":false,"_tribe_blocks_recurrence_rules":"","_tribe_blocks_recurrence_description":"","_tribe_blocks_recurrence_exclusions":"","footnotes":""},"categories":[110],"tags":[],"class_list":["post-8567","post","type-post","status-publish","format-standard","hentry","category-recenzje-klubowiczow"],"publishpress_future_action":{"enabled":false,"date":"2026-05-06 07:54:51","action":"change-status","newStatus":"draft","terms":[],"taxonomy":"category","extraData":[]},"publishpress_future_workflow_manual_trigger":{"enabledWorkflows":[]},"_links":{"self":[{"href":"https:\/\/wbp.lublin.pl\/index.php\/wp-json\/wp\/v2\/posts\/8567","targetHints":{"allow":["GET"]}}],"collection":[{"href":"https:\/\/wbp.lublin.pl\/index.php\/wp-json\/wp\/v2\/posts"}],"about":[{"href":"https:\/\/wbp.lublin.pl\/index.php\/wp-json\/wp\/v2\/types\/post"}],"author":[{"embeddable":true,"href":"https:\/\/wbp.lublin.pl\/index.php\/wp-json\/wp\/v2\/users\/9"}],"replies":[{"embeddable":true,"href":"https:\/\/wbp.lublin.pl\/index.php\/wp-json\/wp\/v2\/comments?post=8567"}],"version-history":[{"count":2,"href":"https:\/\/wbp.lublin.pl\/index.php\/wp-json\/wp\/v2\/posts\/8567\/revisions"}],"predecessor-version":[{"id":12896,"href":"https:\/\/wbp.lublin.pl\/index.php\/wp-json\/wp\/v2\/posts\/8567\/revisions\/12896"}],"wp:attachment":[{"href":"https:\/\/wbp.lublin.pl\/index.php\/wp-json\/wp\/v2\/media?parent=8567"}],"wp:term":[{"taxonomy":"category","embeddable":true,"href":"https:\/\/wbp.lublin.pl\/index.php\/wp-json\/wp\/v2\/categories?post=8567"},{"taxonomy":"post_tag","embeddable":true,"href":"https:\/\/wbp.lublin.pl\/index.php\/wp-json\/wp\/v2\/tags?post=8567"}],"curies":[{"name":"wp","href":"https:\/\/api.w.org\/{rel}","templated":true}]}}