{"id":8586,"date":"2015-08-13T10:48:37","date_gmt":"2015-08-13T08:48:37","guid":{"rendered":"https:\/\/wbp.lublin.pl8\/index.php\/2015\/08\/13\/herbich-anna-dziewczyny-z-syberii\/"},"modified":"2018-07-02T21:56:50","modified_gmt":"2018-07-02T19:56:50","slug":"herbich-anna-dziewczyny-z-syberii","status":"publish","type":"post","link":"https:\/\/wbp.lublin.pl\/index.php\/2015\/08\/13\/herbich-anna-dziewczyny-z-syberii\/","title":{"rendered":"Herbich Anna: Dziewczyny z Syberii"},"content":{"rendered":"<p style=\"text-align: justify;\"><span style=\"font-family: Verdana;\"><span style=\"font-size: 12px;\"><span style=\"line-height: 115%;\">Ksi\u0105\u017cka ukazuje dramat sowieckiego zes\u0142ania oczami 10 kobiet cudem ocala\u0142ych z syberyjskiej katorgi, kobiet, kt\u00f3re przesz\u0142y piek\u0142o na ziemi. M\u0142ode, pe\u0142ne marze\u0144 i plan\u00f3w zosta\u0142y wyrwane z rodzinnych dom\u00f3w i zes\u0142ane wbrew w\u0142asnej woli.<\/span><\/span><\/span><\/p>\n<p class=\"MsoNormal\" style=\"margin-bottom: .0001pt; text-align: justify; text-indent: 35.4pt;\"><span style=\"font-family: Verdana;\"><span style=\"font-size: 12px;\"><span style=\"line-height: 115%;\">\u201eGdyby B\u00f3g zechcia\u0142 wskrzesi\u0107 wszystkich wi\u0119\u017ani\u00f3w, to w ca\u0142ej Rosji podnios\u0142aby si\u0119 ziemia\u201d. Ten cytat oddaje ogrom zbrodni, jakich dopu\u015bcili si\u0119 Sowieci. Bohaterki tej powie\u015bci ka\u017cdego dnia walczy\u0142y o przetrwanie, wielokrotnie znajdowa\u0142y si\u0119 na granicy \u015bmierci. Pracowa\u0142y w ko\u0142chozach<br \/>\ni kopalniach, cierpia\u0142y w lochach NKWD i nieludzkich \u0142agrach. By\u0142y upokarzane i bite, \u015bciera\u0142y si\u0119 z g\u0142odem, chorobami, straszliwymi mrozami<br \/>\n<\/span><\/span><\/span><span style=\"font-size: 14.0pt; mso-bidi-font-size: 12.0pt; line-height: 115%;\"><a name=\"_GoBack\"><\/a><\/span><span style=\"font-family: Verdana;\"><span style=\"font-size: 12px;\"><span style=\"line-height: 115%;\">i dzik\u0105 syberyjsk\u0105 przyrod\u0105. Toczy\u0142y heroiczn\u0105 walk\u0119, daj\u0105c \u015bwiadectwo wielkiej odwagi i determinacji. T\u0119 walk\u0119 wygra\u0142y i rozpocz\u0119\u0142y nowe \u017cycie. Nic nie by\u0142o w stanie ich z\u0142ama\u0107 i pokona\u0107. Mo\u017cemy by\u0107 dumni, \u017ce te kobiety s\u0105 Polkami. <\/span><\/span><\/span><\/p>\n<p class=\"MsoNormal\" style=\"margin-bottom: .0001pt; text-align: justify; text-indent: 35.4pt;\">\u00a0 <span style=\"line-height: 115%;\">\u201eDziewczyny z Syberii\u201d to wstrz\u0105saj\u0105ca lektura, ale warto po ni\u0105 si\u0119gn\u0105\u0107. Postawa Polek budzi podziw i szacunek oraz sk\u0142ania do refleksji. \u00a0Nale\u017cy podkre\u015bli\u0107, \u017ce A. Herbich jest r\u00f3wnie\u017c autork\u0105 \u201eDziewczyn z Powstania\u201d, ksi\u0105\u017cki z serii \u201ePrawdziwe historie\u201d.\u00a0 <\/span><\/p>\n<p>&nbsp;<\/p>\n<p class=\"MsoNormal\" style=\"margin-bottom: .0001pt; text-align: justify; text-indent: 35.4pt;\">\n<p>&nbsp;<\/p>\n<p class=\"MsoNormal\" style=\"margin-bottom: .0001pt; text-align: justify;\"><span style=\"font-family: Verdana;\"><span style=\"font-size: 12px;\"><span style=\"line-height: 115%;\">\u00a0<\/span><\/span><\/span><span style=\"font-family: Verdana;\"><span style=\"font-size: 12px;\"><span style=\"line-height: 115%;\">\u00a0<\/span><\/span><\/span><\/p>\n<p class=\"MsoNormal\" style=\"margin-bottom: 0.0001pt; text-align: justify;\"><span style=\"font-family: Verdana;\"><span style=\"font-size: 12px;\"><span style=\"line-height: 115%;\">Regina Gil <\/span><\/span><\/span><\/p>\n<p class=\"MsoNormal\" style=\"margin-bottom: 0.0001pt; text-align: justify;\"><span style=\"font-family: Verdana;\"><span style=\"font-size: 12px;\"><span style=\"line-height: 115%;\">DKK dla doros\u0142ych<\/span><\/span><\/span><\/p>\n<p class=\"MsoNormal\" style=\"margin-bottom: 0.0001pt; text-align: justify;\"><span style=\"font-family: Verdana;\"><span style=\"font-size: 12px;\"><span style=\"line-height: 115%;\">Modliborzyce, woj. lubelskie<\/span><\/span><\/span><\/p>\n<p style=\"text-align: justify;\">\n","protected":false},"excerpt":{"rendered":"<p>Ksi\u0105\u017cka ukazuje dramat sowieckiego zes\u0142ania oczami 10 kobiet cudem ocala\u0142ych z syberyjskiej katorgi, kobiet, kt\u00f3re przesz\u0142y piek\u0142o na ziemi. M\u0142ode, pe\u0142ne marze\u0144 i plan\u00f3w zosta\u0142y wyrwane z rodzinnych dom\u00f3w i [&hellip;]<\/p>\n","protected":false},"author":9,"featured_media":0,"comment_status":"open","ping_status":"open","sticky":false,"template":"","format":"standard","meta":{"_tec_requires_first_save":true,"_crdt_document":"","pgc_sgb_lightbox_settings":"","_EventAllDay":false,"_EventTimezone":"","_EventStartDate":"","_EventEndDate":"","_EventStartDateUTC":"","_EventEndDateUTC":"","_EventShowMap":false,"_EventShowMapLink":false,"_EventURL":"","_EventCost":"","_EventCostDescription":"","_EventCurrencySymbol":"","_EventCurrencyCode":"","_EventCurrencyPosition":"","_EventDateTimeSeparator":"","_EventTimeRangeSeparator":"","_EventOrganizerID":[],"_EventVenueID":[],"_OrganizerEmail":"","_OrganizerPhone":"","_OrganizerWebsite":"","_VenueAddress":"","_VenueCity":"","_VenueCountry":"","_VenueProvince":"","_VenueState":"","_VenueZip":"","_VenuePhone":"","_VenueURL":"","_VenueStateProvince":"","_VenueLat":"","_VenueLng":"","_VenueShowMap":false,"_VenueShowMapLink":false,"_tribe_blocks_recurrence_rules":"","_tribe_blocks_recurrence_description":"","_tribe_blocks_recurrence_exclusions":"","footnotes":""},"categories":[110],"tags":[],"class_list":["post-8586","post","type-post","status-publish","format-standard","hentry","category-recenzje-klubowiczow"],"publishpress_future_action":{"enabled":false,"date":"2026-05-06 08:07:36","action":"change-status","newStatus":"draft","terms":[],"taxonomy":"category","extraData":[]},"publishpress_future_workflow_manual_trigger":{"enabledWorkflows":[]},"_links":{"self":[{"href":"https:\/\/wbp.lublin.pl\/index.php\/wp-json\/wp\/v2\/posts\/8586","targetHints":{"allow":["GET"]}}],"collection":[{"href":"https:\/\/wbp.lublin.pl\/index.php\/wp-json\/wp\/v2\/posts"}],"about":[{"href":"https:\/\/wbp.lublin.pl\/index.php\/wp-json\/wp\/v2\/types\/post"}],"author":[{"embeddable":true,"href":"https:\/\/wbp.lublin.pl\/index.php\/wp-json\/wp\/v2\/users\/9"}],"replies":[{"embeddable":true,"href":"https:\/\/wbp.lublin.pl\/index.php\/wp-json\/wp\/v2\/comments?post=8586"}],"version-history":[{"count":2,"href":"https:\/\/wbp.lublin.pl\/index.php\/wp-json\/wp\/v2\/posts\/8586\/revisions"}],"predecessor-version":[{"id":12890,"href":"https:\/\/wbp.lublin.pl\/index.php\/wp-json\/wp\/v2\/posts\/8586\/revisions\/12890"}],"wp:attachment":[{"href":"https:\/\/wbp.lublin.pl\/index.php\/wp-json\/wp\/v2\/media?parent=8586"}],"wp:term":[{"taxonomy":"category","embeddable":true,"href":"https:\/\/wbp.lublin.pl\/index.php\/wp-json\/wp\/v2\/categories?post=8586"},{"taxonomy":"post_tag","embeddable":true,"href":"https:\/\/wbp.lublin.pl\/index.php\/wp-json\/wp\/v2\/tags?post=8586"}],"curies":[{"name":"wp","href":"https:\/\/api.w.org\/{rel}","templated":true}]}}