{"id":8587,"date":"2015-08-13T10:53:46","date_gmt":"2015-08-13T08:53:46","guid":{"rendered":"https:\/\/wbp.lublin.pl8\/index.php\/2015\/08\/13\/tokarczuk-olga-ksigi-jakubowe\/"},"modified":"2018-07-02T21:58:01","modified_gmt":"2018-07-02T19:58:01","slug":"tokarczuk-olga-ksigi-jakubowe","status":"publish","type":"post","link":"https:\/\/wbp.lublin.pl\/index.php\/2015\/08\/13\/tokarczuk-olga-ksigi-jakubowe\/","title":{"rendered":"Tokarczuk Olga: Ksi\u0119gi Jakubowe"},"content":{"rendered":"<p style=\"text-align: justify;\"><span style=\"font-size: 12px;\"><span style=\"font-family: Verdana;\"><span style=\"line-height: 150%; color: black;\">\u00a0\u00a0\u00a0\u00a0\u00a0\u00a0\u00a0\u00a0 G\u0142\u00f3wnymi postaciami s\u0105 \u017bydzi, kt\u00f3rzy postanowili pod wp\u0142ywem nowego Mesjasza przej\u015b\u0107 na chrze\u015bcija\u0144stwo, by \u017cy\u0142o im si\u0119 lepiej. Do tego wszystkiego splecione s\u0105 ze sob\u0105 \u015bwiaty trzech religii w XVIII-wiecznych polskich dworach, miastach, wsiach, klasztorach, plebaniach, karczmach. Tytu\u0142owego bohatera, Jakuba Franka, mo\u017cna ocenia\u0107 r\u00f3\u017cnie &#8211; dla jednych b\u0119dzie zbawc\u0105 prowadz\u0105cym lud wybrany do nie\u015bmiertelno\u015bci, dla drugich manipulatorem robi\u0105cym wszystko by si\u0119 bogaci\u0107 i \u017cy\u0107 jak arystokrata, otoczony swoimi wyznawcami niczym kr\u00f3lewskim dworem. Opr\u00f3cz tytu\u0142owego g\u0142\u00f3wnego bohatera zarysowane s\u0105 tak\u017ce w\u0105tki z nim niezwi\u0105zane. Poznajemy niewolniczy los ch\u0142op\u00f3w na ziemiach Rzeczpospolitej tamtych czas\u00f3w, notoryczne szkalowania i pogromy ludno\u015bci \u017cydowskiej czy zgnilizn\u0119 moraln\u0105 w\u015br\u00f3d mo\u017cnych \u00f3wczesnego \u015bwiata.<\/span><\/span><\/span><\/p>\n<p class=\"Standard\" style=\"text-align: justify; text-justify: inter-ideograph; text-indent: 35.45pt; line-height: 150%;\"><span style=\"font-size: 12px;\"><span style=\"font-family: Verdana;\"><span style=\"line-height: 150%; color: black;\">Fenomenalnie przedstawiona mentalno\u015b\u0107 \u017cydowska, zmienianie nazwisk oraz imion, fanatyczne wr\u0119cz pod\u0105\u017canie za Jakubem Frankiem, dziwne zwyczaje seksualne, jako spos\u00f3b scalania ludzi w grupie, uzale\u017cniania od siebie, niesamowita wytrwa\u0142o\u015b\u0107 tego &#8222;prostaka&#8221; Jakuba (tak o sobie m\u00f3wi\u0142). Ksi\u0119gi spisywa\u0142 jego wierny towarzysz Nachman, kt\u00f3ry dla swego kochanego Jakuba zostawi\u0142 rodzin\u0119.<\/span><\/span><\/span><\/p>\n<p class=\"Standard\" style=\"text-align: justify; text-justify: inter-ideograph; text-indent: 35.45pt; line-height: 150%;\"><span style=\"font-size: 12px;\"><span style=\"font-family: Verdana;\"><span style=\"line-height: 150%; color: black;\">Wszystkim tym, kt\u00f3rzy nie boj\u0105 si\u0119 wyzwa\u0144 przy czytaniu ksi\u0105\u017cek\u00a0 gor\u0105co polecam.<\/span><\/span><\/span><\/p>\n<p class=\"Standard\" style=\"text-align: justify; text-justify: inter-ideograph; line-height: 14.25pt;\"><span style=\"font-size: 12px;\"><span style=\"font-family: Verdana;\">\u00a0<\/span><\/span><span style=\"font-family: Verdana;\"><br \/>\n<\/span><span style=\"font-size: 12px;\"><span style=\"font-family: Verdana;\">Justyna Hunicz<br \/>\nDDK dla doros\u0142ych <\/span><\/span><\/p>\n<p class=\"Standard\" style=\"text-align: justify; line-height: 14.25pt;\"><span style=\"font-size: 12px;\"><span style=\"font-family: Verdana;\">Modliborzyce, woj. lubelskie<\/span><\/span><\/p>\n","protected":false},"excerpt":{"rendered":"<p>\u00a0\u00a0\u00a0\u00a0\u00a0\u00a0\u00a0\u00a0 G\u0142\u00f3wnymi postaciami s\u0105 \u017bydzi, kt\u00f3rzy postanowili pod wp\u0142ywem nowego Mesjasza przej\u015b\u0107 na chrze\u015bcija\u0144stwo, by \u017cy\u0142o im si\u0119 lepiej. Do tego wszystkiego splecione s\u0105 ze sob\u0105 \u015bwiaty trzech religii w [&hellip;]<\/p>\n","protected":false},"author":9,"featured_media":0,"comment_status":"open","ping_status":"open","sticky":false,"template":"","format":"standard","meta":{"_tec_requires_first_save":true,"_crdt_document":"","pgc_sgb_lightbox_settings":"","_EventAllDay":false,"_EventTimezone":"","_EventStartDate":"","_EventEndDate":"","_EventStartDateUTC":"","_EventEndDateUTC":"","_EventShowMap":false,"_EventShowMapLink":false,"_EventURL":"","_EventCost":"","_EventCostDescription":"","_EventCurrencySymbol":"","_EventCurrencyCode":"","_EventCurrencyPosition":"","_EventDateTimeSeparator":"","_EventTimeRangeSeparator":"","_EventOrganizerID":[],"_EventVenueID":[],"_OrganizerEmail":"","_OrganizerPhone":"","_OrganizerWebsite":"","_VenueAddress":"","_VenueCity":"","_VenueCountry":"","_VenueProvince":"","_VenueState":"","_VenueZip":"","_VenuePhone":"","_VenueURL":"","_VenueStateProvince":"","_VenueLat":"","_VenueLng":"","_VenueShowMap":false,"_VenueShowMapLink":false,"_tribe_blocks_recurrence_rules":"","_tribe_blocks_recurrence_description":"","_tribe_blocks_recurrence_exclusions":"","footnotes":""},"categories":[110],"tags":[],"class_list":["post-8587","post","type-post","status-publish","format-standard","hentry","category-recenzje-klubowiczow"],"publishpress_future_action":{"enabled":false,"date":"2026-05-06 06:40:00","action":"change-status","newStatus":"draft","terms":[],"taxonomy":"category","extraData":[]},"publishpress_future_workflow_manual_trigger":{"enabledWorkflows":[]},"_links":{"self":[{"href":"https:\/\/wbp.lublin.pl\/index.php\/wp-json\/wp\/v2\/posts\/8587","targetHints":{"allow":["GET"]}}],"collection":[{"href":"https:\/\/wbp.lublin.pl\/index.php\/wp-json\/wp\/v2\/posts"}],"about":[{"href":"https:\/\/wbp.lublin.pl\/index.php\/wp-json\/wp\/v2\/types\/post"}],"author":[{"embeddable":true,"href":"https:\/\/wbp.lublin.pl\/index.php\/wp-json\/wp\/v2\/users\/9"}],"replies":[{"embeddable":true,"href":"https:\/\/wbp.lublin.pl\/index.php\/wp-json\/wp\/v2\/comments?post=8587"}],"version-history":[{"count":2,"href":"https:\/\/wbp.lublin.pl\/index.php\/wp-json\/wp\/v2\/posts\/8587\/revisions"}],"predecessor-version":[{"id":12975,"href":"https:\/\/wbp.lublin.pl\/index.php\/wp-json\/wp\/v2\/posts\/8587\/revisions\/12975"}],"wp:attachment":[{"href":"https:\/\/wbp.lublin.pl\/index.php\/wp-json\/wp\/v2\/media?parent=8587"}],"wp:term":[{"taxonomy":"category","embeddable":true,"href":"https:\/\/wbp.lublin.pl\/index.php\/wp-json\/wp\/v2\/categories?post=8587"},{"taxonomy":"post_tag","embeddable":true,"href":"https:\/\/wbp.lublin.pl\/index.php\/wp-json\/wp\/v2\/tags?post=8587"}],"curies":[{"name":"wp","href":"https:\/\/api.w.org\/{rel}","templated":true}]}}