{"id":8599,"date":"2015-09-21T14:20:42","date_gmt":"2015-09-21T12:20:42","guid":{"rendered":"https:\/\/wbp.lublin.pl8\/index.php\/2015\/09\/21\/zapraszamy-na-warsztaty-bajkoterapia-jako-technika-pomocna-w-niwelowaniu-sytuacji-trudnych-lkow-i-problemow-emocjonalnych-dzieci\/"},"modified":"2024-03-14T09:37:31","modified_gmt":"2024-03-14T08:37:31","slug":"zapraszamy-na-warsztaty-bajkoterapia-jako-technika-pomocna-w-niwelowaniu-sytuacji-trudnych-lkow-i-problemow-emocjonalnych-dzieci","status":"publish","type":"post","link":"https:\/\/wbp.lublin.pl\/index.php\/2015\/09\/21\/zapraszamy-na-warsztaty-bajkoterapia-jako-technika-pomocna-w-niwelowaniu-sytuacji-trudnych-lkow-i-problemow-emocjonalnych-dzieci\/","title":{"rendered":"ZAPRASZAMY NA WARSZTATY  ,,Bajkoterapia jako technika pomocna w niwelowaniu sytuacji trudnych, l\u0119k\u00f3w i problem\u00f3w emocjonalnych dzieci\u201d."},"content":{"rendered":"<p><!-- [if gte mso 9]><xml>     Normal   0   21         false   false   false                             MicrosoftInternetExplorer4   <\/xml><![endif]--><\/p>\n<h3><\/h3>\n<p><!--more--><\/p>\n<div>\n<p style=\"text-align: center;\">\u00a0<strong>(<\/strong><b>7 pa\u017adziernika 2015 r.)<\/b><\/p>\n<\/div>\n<p>Wojew\u00f3dzka Biblioteka Publiczna im. Hieronima \u0141opaci\u0144skiego w\u00a0Lublinie zaprasza na warsztaty pt. <b>,,Bajkoterapia jako technika pomocna w niwelowaniu sytuacji trudnych, l\u0119k\u00f3w i problem\u00f3w emocjonalnych dzieci\u201d.<\/b><\/p>\n<div><u>W programie:<\/u><\/div>\n<p>&#8211; poznanie nowoczesnych form pracy z dzie\u0107mi.<\/p>\n<p>&#8211; terapeutyczne znaczenie ksi\u0105\u017cki dla rozwoju intelektualnego i emocjonalnego dziecka.<\/p>\n<p>&#8211; doskonalenie umiej\u0119tno\u015bci doboru tekst\u00f3w odpowiednich dla poszczeg\u00f3lnych grup dzieci<\/p>\n<p>&#8211; przyk\u0142adowe scenariusze zaj\u0119\u0107 z bajkoterapii.<\/p>\n<p style=\"text-align: justify;\">Celem warsztat\u00f3w jest zapoznanie bibliotekarzy z nowatorskimi metodami pracy<br \/>\nz dzie\u0107mi, rozwijanie umiej\u0119tno\u015bci wykorzystywania bajek i opowie\u015bci we wspomaganiu rozwoju dziecka oraz kszta\u0142towanie jego rozwoju emocjonalnego i spo\u0142ecznego.<\/p>\n<p style=\"text-align: justify;\">Warsztaty poprowadzi trener I stopnia Polskiego Stowarzyszenia Pedagog\u00f3w<br \/>\ni Animator\u00f3w KLANZA Ko\u0142o w Lublinie.<\/p>\n<p style=\"text-align: justify;\">Zaj\u0119cia odb\u0119d\u0105 si\u0119 <b>7 pa\u017adziernika 2015 r., w godz. 9.30-14.30 w sali konferencyjnej WBP na poziomie ,,-1\u201d<\/b>.<\/p>\n<p style=\"text-align: justify;\">Zg\u0142oszenia\u00a0przyjmuje Dzia\u0142 Instrukcyjno-Metodyczny WBP w Lublinie <b>do 28 wrze\u015bnia 2015 r.<\/b>, pod numerem tel. (081) 528-74-20).<\/p>\n<p style=\"text-align: justify;\">Koszt udzia\u0142u w szkoleniu wynosi 53 z\u0142 za osob\u0119 (s\u0142ownie: pi\u0119\u0107dziesi\u0105t trzy z\u0142ote 00\/100)\u00a0i pokrywaj\u0105 go instytucje deleguj\u0105ce.<\/p>\n<p style=\"text-align: justify;\">Wp\u0142aty nale\u017cy dokona\u0107 do 1pa\u017adziernika 2015r. na konto WBP w Banku Pekao S.A. O\/Lublin nr 03 1240 5497 1111 0000 50112 3951.<\/p>\n<div style=\"text-align: justify;\"><b><i>\u00a0<\/i><\/b><\/div>\n<div style=\"text-align: justify;\"><b><i>Ilo\u015b\u0107 miejsc ograniczona \u2013 decyduje kolejno\u015b\u0107 zg\u0142osze\u0144. <\/i><\/b><\/div>\n<div style=\"text-align: justify;\"><b><i>\u00a0<\/i><\/b><\/div>\n<p style=\"text-align: justify;\">W przypadku rezygnacji z udzia\u0142u w szkoleniu organizator nie zwraca wp\u0142aconej kwoty( nale\u017cy znale\u017a\u0107 zast\u0119pstwo)<\/p>\n<div style=\"text-align: justify;\">\u00a0\u00a0\u00a0\u00a0\u00a0\u00a0\u00a0\u00a0\u00a0\u00a0\u00a0 \u00a0\u00a0\u00a0\u00a0\u00a0\u00a0\u00a0\u00a0\u00a0\u00a0\u00a0\u00a0\u00a0\u00a0\u00a0\u00a0\u00a0\u00a0\u00a0 Z A P R A S Z A M Y<\/div>\n<p style=\"text-align: justify;\"><!-- [if gte mso 9]><![endif]--><!-- [if gte mso 10]><\/p>\n\n\n\n\n\n<style>  \/* Style Definitions *\/  table.MsoNormalTable \t{ \tmso-style-parent:\"\"; \tfont-size:10.0pt;\"Times New Roman\";} <\/style>\n\n\n\n <![endif]--><\/p>\n","protected":false},"excerpt":{"rendered":"","protected":false},"author":9,"featured_media":0,"comment_status":"open","ping_status":"open","sticky":false,"template":"","format":"standard","meta":{"_tec_requires_first_save":true,"_crdt_document":"","pgc_sgb_lightbox_settings":"","_EventAllDay":false,"_EventTimezone":"","_EventStartDate":"","_EventEndDate":"","_EventStartDateUTC":"","_EventEndDateUTC":"","_EventShowMap":false,"_EventShowMapLink":false,"_EventURL":"","_EventCost":"","_EventCostDescription":"","_EventCurrencySymbol":"","_EventCurrencyCode":"","_EventCurrencyPosition":"","_EventDateTimeSeparator":"","_EventTimeRangeSeparator":"","_EventOrganizerID":[],"_EventVenueID":[],"_OrganizerEmail":"","_OrganizerPhone":"","_OrganizerWebsite":"","_VenueAddress":"","_VenueCity":"","_VenueCountry":"","_VenueProvince":"","_VenueState":"","_VenueZip":"","_VenuePhone":"","_VenueURL":"","_VenueStateProvince":"","_VenueLat":"","_VenueLng":"","_VenueShowMap":false,"_VenueShowMapLink":false,"_tribe_blocks_recurrence_rules":"","_tribe_blocks_recurrence_description":"","_tribe_blocks_recurrence_exclusions":"","footnotes":""},"categories":[101],"tags":[],"class_list":["post-8599","post","type-post","status-publish","format-standard","hentry","category-komunikaty-branzowe-archiwum"],"publishpress_future_action":{"enabled":false,"date":"2026-05-06 15:53:17","action":"change-status","newStatus":"draft","terms":[],"taxonomy":"category","extraData":[]},"publishpress_future_workflow_manual_trigger":{"enabledWorkflows":[]},"_links":{"self":[{"href":"https:\/\/wbp.lublin.pl\/index.php\/wp-json\/wp\/v2\/posts\/8599","targetHints":{"allow":["GET"]}}],"collection":[{"href":"https:\/\/wbp.lublin.pl\/index.php\/wp-json\/wp\/v2\/posts"}],"about":[{"href":"https:\/\/wbp.lublin.pl\/index.php\/wp-json\/wp\/v2\/types\/post"}],"author":[{"embeddable":true,"href":"https:\/\/wbp.lublin.pl\/index.php\/wp-json\/wp\/v2\/users\/9"}],"replies":[{"embeddable":true,"href":"https:\/\/wbp.lublin.pl\/index.php\/wp-json\/wp\/v2\/comments?post=8599"}],"version-history":[{"count":4,"href":"https:\/\/wbp.lublin.pl\/index.php\/wp-json\/wp\/v2\/posts\/8599\/revisions"}],"predecessor-version":[{"id":55311,"href":"https:\/\/wbp.lublin.pl\/index.php\/wp-json\/wp\/v2\/posts\/8599\/revisions\/55311"}],"wp:attachment":[{"href":"https:\/\/wbp.lublin.pl\/index.php\/wp-json\/wp\/v2\/media?parent=8599"}],"wp:term":[{"taxonomy":"category","embeddable":true,"href":"https:\/\/wbp.lublin.pl\/index.php\/wp-json\/wp\/v2\/categories?post=8599"},{"taxonomy":"post_tag","embeddable":true,"href":"https:\/\/wbp.lublin.pl\/index.php\/wp-json\/wp\/v2\/tags?post=8599"}],"curies":[{"name":"wp","href":"https:\/\/api.w.org\/{rel}","templated":true}]}}