{"id":8602,"date":"2015-09-25T07:27:28","date_gmt":"2015-09-25T05:27:28","guid":{"rendered":"https:\/\/wbp.lublin.pl8\/index.php\/2015\/09\/25\/najlepsze-recenzje-wakacyjne\/"},"modified":"2018-06-24T14:44:51","modified_gmt":"2018-06-24T12:44:51","slug":"najlepsze-recenzje-wakacyjne","status":"publish","type":"post","link":"https:\/\/wbp.lublin.pl\/index.php\/2015\/09\/25\/najlepsze-recenzje-wakacyjne\/","title":{"rendered":"Najlepsze recenzje wakacyjne"},"content":{"rendered":"<p><span style=\"font-size: 12px;\"><span style=\"font-family: Verdana;\"><span style=\"line-height: 115%;\" new=\"New\">Nagrody za recenzje wakacyjne, w kategorii\u00a0 <\/span><span style=\"line-height: 115%;\" new=\"New\">recenzja dzieci\u0119ca, recenzja dzieci\u0119ca rysowana, recenzja m\u0142odzie\u017cowa <\/span> <\/span><\/span><\/p>\n<p class=\"MsoNormal\"><span style=\"font-size: 12px;\"><span style=\"font-family: Verdana;\"><span style=\"line-height: 115%;\" new=\"New\">otrzymuj\u0105: <\/span><\/span><\/span><\/p>\n<p class=\"MsoNormal\">\u00a0<span style=\"font-size: 12px;\"><span style=\"font-family: Verdana;\"> <\/span><\/span><span style=\"line-height: 115%;\" new=\"New\">\u00a0\u00a0\u00a0\u00a0\u00a0\u00a0\u00a0\u00a0\u00a0\u00a0\u00a0 <b style=\"mso-bidi-font-weight:normal\">Julia B\u017adziuch, lat 12, z Aleksandrowa w wojew\u00f3dztwie lubelskim, za recenzj\u0119 <i>Kr\u00f3la Maciusia Pierwszego<\/i>, Janusza Korczaka, <\/b><\/span><\/p>\n<p>\u00a0<\/p>\n<p class=\"MsoNormal\"><span style=\"font-size: 12px;\"><span style=\"font-family: Verdana;\"><span style=\"line-height: 115%;\" new=\"New\">\u00a0\u00a0\u00a0\u00a0\u00a0\u00a0\u00a0\u00a0\u00a0\u00a0\u00a0 Kamila Stere\u0144czyk 11 lat i Weronika Gralec 10 lat z Barcina, za ilustracj\u0119 do opowiadania Anny Onichimowskiej<i> Dalej ni\u017c na wakacje<\/i>, ze zbioru opowiada\u0144 <i>Najwy\u017csza g\u00f3ra \u015bwiata<\/i> <\/span><\/span><\/span><\/p>\n<p class=\"MsoNormal\"><span style=\"font-size: 12px;\"><span style=\"font-family: Verdana;\"><span style=\"line-height: 115%;\" new=\"New\">\u00a0\u00a0\u00a0\u00a0\u00a0\u00a0\u00a0\u00a0\u00a0\u00a0\u00a0 Piotr Cesarz, ucze\u0144 klasy 1c Gimnazjum Nr 10 w Rzeszowie za Ksi\u0105\u017ck\u0119 Carlosa Ruiza Zafona <i>Ksi\u0105\u017c\u0119 Mg\u0142y<\/i>. <\/span><\/span><\/span><\/p>\n<p class=\"MsoNormal\"><span style=\"font-size: 12px;\"><span style=\"font-family: Verdana;\"> <\/span><\/span><\/p>\n<p style=\"text-align: justify;\" class=\"MsoNormal\"><span style=\"line-height: 115%;\" new=\"New\">Nagrody zosta\u0142y ufundowane przez:<b> Wydawnictwo Czarna Owca, Grupa Wydawnicza Foksal,\u00a0 Pr\u00f3szy\u0144ski, i S-ka, \u015awiat Ksi\u0105\u017cki, Krytyka Polityczna<\/b><\/span><\/p>\n<p>\u00a0<\/p>\n<p class=\"MsoNormal\">\u00a0<\/p>\n<p><span style=\"font-size: 12px;\"><span style=\"font-family: Verdana;\"> <\/span><\/span><\/p>\n<p class=\"MsoNormal\"><span style=\"line-height: 115%;\" new=\"New\"><b>Gratulujemy naszej Julci B\u017adziuch z DKK w Aleksandrowie!!<\/b><\/span><\/p>\n<p>\u00a0<\/p>\n<p>\u00a0<\/p>\n","protected":false},"excerpt":{"rendered":"<p>Nagrody za recenzje wakacyjne, w kategorii\u00a0 recenzja dzieci\u0119ca, recenzja dzieci\u0119ca rysowana, recenzja m\u0142odzie\u017cowa otrzymuj\u0105: \u00a0 \u00a0\u00a0\u00a0\u00a0\u00a0\u00a0\u00a0\u00a0\u00a0\u00a0\u00a0 Julia B\u017adziuch, lat 12, z Aleksandrowa w wojew\u00f3dztwie lubelskim, za recenzj\u0119 Kr\u00f3la Maciusia Pierwszego, [&hellip;]<\/p>\n","protected":false},"author":9,"featured_media":0,"comment_status":"open","ping_status":"open","sticky":false,"template":"","format":"standard","meta":{"_tec_requires_first_save":true,"_crdt_document":"","pgc_sgb_lightbox_settings":"","_EventAllDay":false,"_EventTimezone":"","_EventStartDate":"","_EventEndDate":"","_EventStartDateUTC":"","_EventEndDateUTC":"","_EventShowMap":false,"_EventShowMapLink":false,"_EventURL":"","_EventCost":"","_EventCostDescription":"","_EventCurrencySymbol":"","_EventCurrencyCode":"","_EventCurrencyPosition":"","_EventDateTimeSeparator":"","_EventTimeRangeSeparator":"","_EventOrganizerID":[],"_EventVenueID":[],"_OrganizerEmail":"","_OrganizerPhone":"","_OrganizerWebsite":"","_VenueAddress":"","_VenueCity":"","_VenueCountry":"","_VenueProvince":"","_VenueState":"","_VenueZip":"","_VenuePhone":"","_VenueURL":"","_VenueStateProvince":"","_VenueLat":"","_VenueLng":"","_VenueShowMap":false,"_VenueShowMapLink":false,"_tribe_blocks_recurrence_rules":"","_tribe_blocks_recurrence_description":"","_tribe_blocks_recurrence_exclusions":"","footnotes":""},"categories":[105],"tags":[],"class_list":["post-8602","post","type-post","status-publish","format-standard","hentry","category-aktualnosci-dkk"],"publishpress_future_action":{"enabled":false,"date":"2026-05-06 13:32:50","action":"change-status","newStatus":"draft","terms":[],"taxonomy":"category","extraData":[]},"publishpress_future_workflow_manual_trigger":{"enabledWorkflows":[]},"_links":{"self":[{"href":"https:\/\/wbp.lublin.pl\/index.php\/wp-json\/wp\/v2\/posts\/8602","targetHints":{"allow":["GET"]}}],"collection":[{"href":"https:\/\/wbp.lublin.pl\/index.php\/wp-json\/wp\/v2\/posts"}],"about":[{"href":"https:\/\/wbp.lublin.pl\/index.php\/wp-json\/wp\/v2\/types\/post"}],"author":[{"embeddable":true,"href":"https:\/\/wbp.lublin.pl\/index.php\/wp-json\/wp\/v2\/users\/9"}],"replies":[{"embeddable":true,"href":"https:\/\/wbp.lublin.pl\/index.php\/wp-json\/wp\/v2\/comments?post=8602"}],"version-history":[{"count":1,"href":"https:\/\/wbp.lublin.pl\/index.php\/wp-json\/wp\/v2\/posts\/8602\/revisions"}],"predecessor-version":[{"id":9502,"href":"https:\/\/wbp.lublin.pl\/index.php\/wp-json\/wp\/v2\/posts\/8602\/revisions\/9502"}],"wp:attachment":[{"href":"https:\/\/wbp.lublin.pl\/index.php\/wp-json\/wp\/v2\/media?parent=8602"}],"wp:term":[{"taxonomy":"category","embeddable":true,"href":"https:\/\/wbp.lublin.pl\/index.php\/wp-json\/wp\/v2\/categories?post=8602"},{"taxonomy":"post_tag","embeddable":true,"href":"https:\/\/wbp.lublin.pl\/index.php\/wp-json\/wp\/v2\/tags?post=8602"}],"curies":[{"name":"wp","href":"https:\/\/api.w.org\/{rel}","templated":true}]}}