{"id":8603,"date":"2015-09-25T07:33:14","date_gmt":"2015-09-25T05:33:14","guid":{"rendered":"https:\/\/wbp.lublin.pl8\/index.php\/2015\/09\/25\/szepielak-anna-j-myn-nad-czarnym-potokiem\/"},"modified":"2018-07-02T21:57:58","modified_gmt":"2018-07-02T19:57:58","slug":"szepielak-anna-j-myn-nad-czarnym-potokiem","status":"publish","type":"post","link":"https:\/\/wbp.lublin.pl\/index.php\/2015\/09\/25\/szepielak-anna-j-myn-nad-czarnym-potokiem\/","title":{"rendered":"Szepielak Anna J.: M\u0142yn nad Czarnym Potokiem"},"content":{"rendered":"<p>Marta, trzydziestokilkuletnia mama z chorowit\u0105 c\u00f3rk\u0105 Ul\u0105, nie mo\u017ce wr\u00f3ci\u0107 do pracy, bo jej pensja ledwo starczy\u0142aby na przedszkole, a ponadto nikt nie potrzebuje os\u00f3b z jej wykszta\u0142ceniem. Jej m\u0105\u017c dla wi\u0119kszych zarobk\u00f3w, a tak\u017ce dla w\u0142asnych ambicji zawodowych wyje\u017cd\u017ca do pracy za granic\u0119. Marta czuje si\u0119 niekomfortowo w roli tylko matki i \u017cony.<\/p>\n<p class=\"MsoNormal\" style=\"text-align: justify; text-indent: 35.4pt; line-height: 150%;\">Takie rozterki, jakie ma Marta, ma wiele Polek w dzisiejszych czasach. Na szcz\u0119\u015bcie Marta z pomoc\u0105 swojej rodziny tj.: ojca, matki, a przede wszystkim siostry Gra\u017cyny, wyzwala si\u0119 ze sk\u00f3ry kury domowej, dojrzewa do samodzielno\u015bci i przej\u0119cia kontroli nad swoim \u017cyciem.<\/p>\n<p class=\"MsoNormal\" style=\"text-align: justify; text-indent: 35.4pt; line-height: 150%;\">Marta, Gra\u017cyna i ich mama Helena uwielbiaj\u0105 gotowa\u0107. Ksi\u0105\u017cka pokazuje du\u017co sytuacji, gdzie przygotowywanie jedzenia jest jednocze\u015bnie okazj\u0105 do rozm\u00f3w, zwierze\u0144 rodzinnych, jak r\u00f3wnie\u017c pog\u0142\u0119biania wi\u0119zi rodzinnych.<span style=\"mso-spacerun: yes;\">\u00a0 <\/span>Na pro\u015bb\u0119 matki Marta organizuje zjazd familijny z udzia\u0142em go\u015bci z Ameryki. Ogl\u0105danie starych fotografii, list\u00f3w i pami\u0105tek po przodkach wyja\u015bnia pewn\u0105 tajemnic\u0119 rodzinn\u0105.<\/p>\n<p class=\"MsoNormal\" style=\"text-align: justify; text-indent: 35.4pt; line-height: 150%;\">Anna J. Szepielak w swojej powie\u015bci zawar\u0142a polskie realia, kulinaria, a przede wszystkim m\u0105dre przes\u0142anie: \u201ew prozaicznej codzienno\u015bci te\u017c mo\u017cna by\u0107 szcz\u0119\u015bliwym.<\/p>\n<p class=\"MsoNormal\" style=\"text-align: justify; line-height: 150%;\">Wystarczy odpowiednio przyprawi\u0107 ziemniaki\u201d. A wielbicielkom gotowania podaje przepisy na potrawy \u015bwi\u0105teczne i codzienne.<\/p>\n<p class=\"MsoNormal\" style=\"text-align: justify; text-indent: 35.4pt; line-height: 150%;\">Powie\u015b\u0107 czyta si\u0119 lekko, szybko i przyjemnie.Zach\u0119cam do jej przeczytania.<\/p>\n<p class=\"MsoNormal\" style=\"text-align: justify; text-indent: 35.4pt; line-height: 150%;\">El\u017cbieta Drzazga<br \/>\nDKK dla doros\u0142ych<br \/>\nModliborzyce, woj. lubelskie<\/p>\n<p class=\"MsoNormal\" style=\"text-align: left; line-height: 115%;\"><span style=\"mso-spacerun: yes;\">\u00a0<\/span><\/p>\n","protected":false},"excerpt":{"rendered":"<p>Marta, trzydziestokilkuletnia mama z chorowit\u0105 c\u00f3rk\u0105 Ul\u0105, nie mo\u017ce wr\u00f3ci\u0107 do pracy, bo jej pensja ledwo starczy\u0142aby na przedszkole, a ponadto nikt nie potrzebuje os\u00f3b z jej wykszta\u0142ceniem. Jej m\u0105\u017c [&hellip;]<\/p>\n","protected":false},"author":9,"featured_media":0,"comment_status":"open","ping_status":"open","sticky":false,"template":"","format":"standard","meta":{"_tec_requires_first_save":true,"_crdt_document":"","pgc_sgb_lightbox_settings":"","_EventAllDay":false,"_EventTimezone":"","_EventStartDate":"","_EventEndDate":"","_EventStartDateUTC":"","_EventEndDateUTC":"","_EventShowMap":false,"_EventShowMapLink":false,"_EventURL":"","_EventCost":"","_EventCostDescription":"","_EventCurrencySymbol":"","_EventCurrencyCode":"","_EventCurrencyPosition":"","_EventDateTimeSeparator":"","_EventTimeRangeSeparator":"","_EventOrganizerID":[],"_EventVenueID":[],"_OrganizerEmail":"","_OrganizerPhone":"","_OrganizerWebsite":"","_VenueAddress":"","_VenueCity":"","_VenueCountry":"","_VenueProvince":"","_VenueState":"","_VenueZip":"","_VenuePhone":"","_VenueURL":"","_VenueStateProvince":"","_VenueLat":"","_VenueLng":"","_VenueShowMap":false,"_VenueShowMapLink":false,"_tribe_blocks_recurrence_rules":"","_tribe_blocks_recurrence_description":"","_tribe_blocks_recurrence_exclusions":"","footnotes":""},"categories":[110],"tags":[],"class_list":["post-8603","post","type-post","status-publish","format-standard","hentry","category-recenzje-klubowiczow"],"publishpress_future_action":{"enabled":false,"date":"2026-05-06 07:55:02","action":"change-status","newStatus":"draft","terms":[],"taxonomy":"category","extraData":[]},"publishpress_future_workflow_manual_trigger":{"enabledWorkflows":[]},"_links":{"self":[{"href":"https:\/\/wbp.lublin.pl\/index.php\/wp-json\/wp\/v2\/posts\/8603","targetHints":{"allow":["GET"]}}],"collection":[{"href":"https:\/\/wbp.lublin.pl\/index.php\/wp-json\/wp\/v2\/posts"}],"about":[{"href":"https:\/\/wbp.lublin.pl\/index.php\/wp-json\/wp\/v2\/types\/post"}],"author":[{"embeddable":true,"href":"https:\/\/wbp.lublin.pl\/index.php\/wp-json\/wp\/v2\/users\/9"}],"replies":[{"embeddable":true,"href":"https:\/\/wbp.lublin.pl\/index.php\/wp-json\/wp\/v2\/comments?post=8603"}],"version-history":[{"count":2,"href":"https:\/\/wbp.lublin.pl\/index.php\/wp-json\/wp\/v2\/posts\/8603\/revisions"}],"predecessor-version":[{"id":12971,"href":"https:\/\/wbp.lublin.pl\/index.php\/wp-json\/wp\/v2\/posts\/8603\/revisions\/12971"}],"wp:attachment":[{"href":"https:\/\/wbp.lublin.pl\/index.php\/wp-json\/wp\/v2\/media?parent=8603"}],"wp:term":[{"taxonomy":"category","embeddable":true,"href":"https:\/\/wbp.lublin.pl\/index.php\/wp-json\/wp\/v2\/categories?post=8603"},{"taxonomy":"post_tag","embeddable":true,"href":"https:\/\/wbp.lublin.pl\/index.php\/wp-json\/wp\/v2\/tags?post=8603"}],"curies":[{"name":"wp","href":"https:\/\/api.w.org\/{rel}","templated":true}]}}