{"id":8604,"date":"2015-09-25T07:35:33","date_gmt":"2015-09-25T05:35:33","guid":{"rendered":"https:\/\/wbp.lublin.pl8\/index.php\/2015\/09\/25\/szepielak-anna-j-dworek-pod-lipami\/"},"modified":"2018-07-02T21:57:57","modified_gmt":"2018-07-02T19:57:57","slug":"szepielak-anna-j-dworek-pod-lipami","status":"publish","type":"post","link":"https:\/\/wbp.lublin.pl\/index.php\/2015\/09\/25\/szepielak-anna-j-dworek-pod-lipami\/","title":{"rendered":"Szepielak Anna J.: Dworek pod lipami"},"content":{"rendered":"<p>1024&#215;768<\/p>\n<p>Normal 0 21 false false false PL ZH-CN X-NONE \/* Style Definitions *\/ table.MsoNormalTable {mso-style-name:Standardowy; mso-tstyle-rowband-size:0; mso-tstyle-colband-size:0; mso-style-noshow:yes; mso-style-priority:99; mso-style-qformat:yes; mso-style-parent:&#8221;&#8221;; mso-padding-alt:0cm 5.4pt 0cm 5.4pt; mso-para-margin:0cm; mso-para-margin-bottom:.0001pt; mso-pagination:widow-orphan; font-size:11.0pt; font-family:&#8221;Calibri&#8221;,&#8221;sans-serif&#8221;; mso-ascii-font-family:Calibri; mso-ascii-theme-font:minor-latin; mso-fareast-font-family:SimSun; mso-fareast-theme-font:minor-fareast; mso-hansi-font-family:Calibri; mso-hansi-theme-font:minor-latin; mso-bidi-font-family:&#8221;Times New Roman&#8221;; mso-bidi-theme-font:minor-bidi;}<\/p>\n<p class=\"MsoNormal\" style=\"text-align: justify; text-indent: 35.4pt; line-height: 150%;\">Gabriela Strzelecka piel\u0119gniarka z wykszta\u0142cenia, a z zami\u0142owania pisarka. Pisze powie\u015bci dla kobiet, a jej ksi\u0105\u017cki o pani weterynarz ciesz\u0105 si\u0119 uznaniem czytelniczek. Postawia jednak u\u015bmierci\u0107 g\u0142\u00f3wn\u0105 bohaterk\u0119 \u017ceby napisa\u0107 powie\u015b\u0107 bardziej ambitn\u0105. Wydawca nie godzi si\u0119 jednak na takie zako\u0144czenie powie\u015bci.<\/p>\n<p class=\"MsoNormal\" style=\"text-align: justify; text-indent: 35.4pt; line-height: 150%;\">Nastr\u00f3j domu, gdzie panoszy si\u0119 gosposia, te\u015bciowa bywa w\u015bcibska i z\u0142o\u015bliwa, m\u0105\u017c nie ma dla niej czasu \u2013 jest nie do wytrzymania. Gabriela w tym otoczeniu czuje si\u0119 bardziej go\u015bciem ni\u017c gospodyni\u0105. Ma te\u017c wra\u017cenie, \u017ce jest tylko, jako zast\u0119pstwo za pierwsz\u0105 \u017con\u0119 m\u0119\u017ca Marka, kt\u00f3ry nie opowiada jej o swoim poprzednim ma\u0142\u017ce\u0144stwie. Z dzie\u0107mi m\u0119\u017ca ma dobry kontakt.<\/p>\n<p class=\"MsoNormal\" style=\"text-align: justify; text-indent: 35.4pt; line-height: 150%;\">Kiedy przyjaci\u00f3\u0142ka prosi j\u0105 o zaopiekowanie si\u0119 jej domem na wsi i zwierz\u0119tami, ch\u0119tnie si\u0119 zgadza. Tam na wsi, zastanawia si\u0119, w jaki spos\u00f3b sk\u0142oni\u0107 m\u0119\u017ca, by zauwa\u017cy\u0142 j\u0105<br \/>\ni jej problemy. A ponadto ma du\u017co czasu by pisa\u0107 now\u0105 powie\u015b\u0107.<\/p>\n<p class=\"MsoNormal\" style=\"text-align: justify; text-indent: 35.4pt; line-height: 150%;\">\u201eDworek pod lipami\u201d to powie\u015b\u0107 gdzie losy bohaterki przeplataj\u0105 si\u0119 z losami stworzonej przez Gabriele postaci fikcyjnej Celiny, kt\u00f3ra \u017cy\u0142a w odleg\u0142ych czasach.<\/p>\n<p class=\"MsoNormal\" style=\"text-align: justify; line-height: 150%;\">To dwie powie\u015bci w jednej ksi\u0105\u017cce. Na oczach czytelnika powstaje ksi\u0105\u017cka, a czytaj\u0105cy ma mo\u017cliwo\u015b\u0107 podpatrzy\u0107 jej tworzenie. Obydwie powie\u015bci, i t\u0119 o Gabrieli i t\u0119 o Celinie, czyta si\u0119 z zainteresowaniem, poniewa\u017c zawieraj\u0105 elementy tak \u015bmieszne jak i smutne<br \/>\ni dramatyczne.<\/p>\n<p class=\"MsoNormal\" style=\"text-align: justify; text-indent: 35.4pt; line-height: 150%;\">\u201eDworek pod lipami\u201d to bardzo dobra lektura na szarugi i d\u0142ugie jesienne wieczory.<\/p>\n<p class=\"MsoNormal\" style=\"text-align: justify; text-indent: 35.4pt; line-height: 150%;\">Zapraszam do przeczytania tej ksi\u0105\u017cki.<\/p>\n<p class=\"MsoNormal\" style=\"text-align: right; text-indent: 35.4pt; line-height: 115%;\" align=\"right\">El\u017cbieta Drzazga<br \/>\nDKK dla doros\u0142ych<br \/>\nModliborzyce, woj. lubelskie<\/p>\n","protected":false},"excerpt":{"rendered":"<p>1024&#215;768 Normal 0 21 false false false PL ZH-CN X-NONE \/* Style Definitions *\/ table.MsoNormalTable {mso-style-name:Standardowy; mso-tstyle-rowband-size:0; mso-tstyle-colband-size:0; mso-style-noshow:yes; mso-style-priority:99; mso-style-qformat:yes; mso-style-parent:&#8221;&#8221;; mso-padding-alt:0cm 5.4pt 0cm 5.4pt; mso-para-margin:0cm; mso-para-margin-bottom:.0001pt; mso-pagination:widow-orphan; font-size:11.0pt; [&hellip;]<\/p>\n","protected":false},"author":9,"featured_media":0,"comment_status":"open","ping_status":"open","sticky":false,"template":"","format":"standard","meta":{"_tec_requires_first_save":true,"_crdt_document":"","pgc_sgb_lightbox_settings":"","_EventAllDay":false,"_EventTimezone":"","_EventStartDate":"","_EventEndDate":"","_EventStartDateUTC":"","_EventEndDateUTC":"","_EventShowMap":false,"_EventShowMapLink":false,"_EventURL":"","_EventCost":"","_EventCostDescription":"","_EventCurrencySymbol":"","_EventCurrencyCode":"","_EventCurrencyPosition":"","_EventDateTimeSeparator":"","_EventTimeRangeSeparator":"","_EventOrganizerID":[],"_EventVenueID":[],"_OrganizerEmail":"","_OrganizerPhone":"","_OrganizerWebsite":"","_VenueAddress":"","_VenueCity":"","_VenueCountry":"","_VenueProvince":"","_VenueState":"","_VenueZip":"","_VenuePhone":"","_VenueURL":"","_VenueStateProvince":"","_VenueLat":"","_VenueLng":"","_VenueShowMap":false,"_VenueShowMapLink":false,"_tribe_blocks_recurrence_rules":"","_tribe_blocks_recurrence_description":"","_tribe_blocks_recurrence_exclusions":"","footnotes":""},"categories":[110],"tags":[],"class_list":["post-8604","post","type-post","status-publish","format-standard","hentry","category-recenzje-klubowiczow"],"publishpress_future_action":{"enabled":false,"date":"2026-05-06 06:24:10","action":"change-status","newStatus":"draft","terms":[],"taxonomy":"category","extraData":[]},"publishpress_future_workflow_manual_trigger":{"enabledWorkflows":[]},"_links":{"self":[{"href":"https:\/\/wbp.lublin.pl\/index.php\/wp-json\/wp\/v2\/posts\/8604","targetHints":{"allow":["GET"]}}],"collection":[{"href":"https:\/\/wbp.lublin.pl\/index.php\/wp-json\/wp\/v2\/posts"}],"about":[{"href":"https:\/\/wbp.lublin.pl\/index.php\/wp-json\/wp\/v2\/types\/post"}],"author":[{"embeddable":true,"href":"https:\/\/wbp.lublin.pl\/index.php\/wp-json\/wp\/v2\/users\/9"}],"replies":[{"embeddable":true,"href":"https:\/\/wbp.lublin.pl\/index.php\/wp-json\/wp\/v2\/comments?post=8604"}],"version-history":[{"count":2,"href":"https:\/\/wbp.lublin.pl\/index.php\/wp-json\/wp\/v2\/posts\/8604\/revisions"}],"predecessor-version":[{"id":12970,"href":"https:\/\/wbp.lublin.pl\/index.php\/wp-json\/wp\/v2\/posts\/8604\/revisions\/12970"}],"wp:attachment":[{"href":"https:\/\/wbp.lublin.pl\/index.php\/wp-json\/wp\/v2\/media?parent=8604"}],"wp:term":[{"taxonomy":"category","embeddable":true,"href":"https:\/\/wbp.lublin.pl\/index.php\/wp-json\/wp\/v2\/categories?post=8604"},{"taxonomy":"post_tag","embeddable":true,"href":"https:\/\/wbp.lublin.pl\/index.php\/wp-json\/wp\/v2\/tags?post=8604"}],"curies":[{"name":"wp","href":"https:\/\/api.w.org\/{rel}","templated":true}]}}