{"id":8605,"date":"2015-09-25T08:51:42","date_gmt":"2015-09-25T06:51:42","guid":{"rendered":"https:\/\/wbp.lublin.pl8\/index.php\/2015\/09\/25\/karpiska-anna-za-jakie-grzechy\/"},"modified":"2018-07-02T21:56:57","modified_gmt":"2018-07-02T19:56:57","slug":"karpiska-anna-za-jakie-grzechy","status":"publish","type":"post","link":"https:\/\/wbp.lublin.pl\/index.php\/2015\/09\/25\/karpiska-anna-za-jakie-grzechy\/","title":{"rendered":"Karpi\u0144ska Anna: Za jakie grzechy"},"content":{"rendered":"<p style=\"text-align: justify;\">Czyta\u0142am t\u0119 powie\u015b\u0107 z przyjemno\u015bci\u0105, nawet zarwa\u0142am kawa\u0142ek nocy, \u017ceby dowiedzie\u0107 si\u0119 jak w ko\u0144cu u\u0142o\u017c\u0105 si\u0119 losy g\u0142\u00f3wnej bohaterki.<\/p>\n<p class=\"MsoNormal\" style=\"text-align: justify; text-indent: 35.4pt; line-height: 150%;\">29 \u2013 letnia Alina prowadzi gabinet psychoterapeutyczny. Pani psycholog, a nie potrafi sobie u\u0142o\u017cy\u0107 relacji nie tylko z m\u0119\u017cczyznami, ale i z rodzin\u0105. Narzeczony ucieka jej sprzed o\u0142tarza do jej rodzonej siostry. Najbli\u017csza rodzina nie daje jej wsparcia, tylko wymaga, by siostrze i narzeczonemu wybaczy\u0142a.<\/p>\n<p class=\"MsoNormal\" style=\"text-align: justify; text-indent: 35.4pt; line-height: 150%;\">Bohaterka oddala si\u0119 od najbli\u017cszych. Przyja\u017a\u0144 i wsparcie otrzymuje od swojej przyjaci\u00f3\u0142ki Moniki. Alina anga\u017cuje si\u0119 w zwi\u0105zki z m\u0119\u017cczyznami, ale zrywa z nimi, gdy tylko zaczynaj\u0105 m\u00f3wi\u0107 o ma\u0142\u017ce\u0144stwie.<\/p>\n<p class=\"MsoNormal\" style=\"text-align: justify; text-indent: 35.4pt; line-height: 150%;\">Umiera jej wujek, kt\u00f3ry obdarowuje j\u0105 po\u015bmiertnie ca\u0142kiem poka\u017anym maj\u0105tkiem, ale do podzia\u0142u z krewnym \u017cony wujka \u2013 Tomaszem.<\/p>\n<p class=\"MsoNormal\" style=\"text-align: justify; line-height: 150%;\">Jakim cz\u0142owiekiem okaza\u0142 si\u0119 Tomasz?, jak zareagowa\u0142a rodzina na wiadomo\u015b\u0107 o spadku od wujka dla Aliny?, czy siostra Aliny stworzy\u0142a dobry zwi\u0105zek z jej narzeczonym?, czy Alina poradzi\u0142a sobie i zaufa\u0142a jakiemu\u015b m\u0119\u017cczy\u017anie?, jak rozwinie si\u0119 pojawiaj\u0105cy si\u0119 w powie\u015bci w\u0105tek ba\u0142ka\u0144ski?&#8230; na te i inne pytania mo\u017cna odpowiedzie\u0107 sobie dopiero po przeczytaniu ksi\u0105\u017cki.<\/p>\n<p class=\"MsoNormal\" style=\"text-align: justify; text-indent: 35.4pt; line-height: 150%;\">Wbrew pozorom ksi\u0105\u017cka Anny Karpi\u0144skiej to nie prosty romans, a raczej obraz sytuacji i zachowa\u0144 ludzi w trudnych dla nich momentach. A przedstawione w niej relacje rodzinne s\u0105 g\u0142\u00f3wnym w\u0105tkiem powie\u015bci.<\/p>\n<p class=\"MsoNormal\" style=\"text-align: justify; text-indent: 35.4pt; line-height: 150%;\">Je\u017celi lubicie przyjemn\u0105, daj\u0105ca odpoczynek i relaks powie\u015b\u0107 polecam t\u0119 ksi\u0105\u017ck\u0119.<\/p>\n<p class=\"MsoNormal\" style=\"text-align: right; text-indent: 35.4pt; line-height: 115%;\" align=\"right\">El\u017cbieta Drzazga<br \/>\nDKK dla doros\u0142ych<br \/>\nModliborzyce, woj. lubelskie<\/p>\n<p class=\"MsoNormal\" style=\"margin-left: 35.4pt; text-align: justify; text-indent: -35.4pt; line-height: 115%;\">\n","protected":false},"excerpt":{"rendered":"<p>Czyta\u0142am t\u0119 powie\u015b\u0107 z przyjemno\u015bci\u0105, nawet zarwa\u0142am kawa\u0142ek nocy, \u017ceby dowiedzie\u0107 si\u0119 jak w ko\u0144cu u\u0142o\u017c\u0105 si\u0119 losy g\u0142\u00f3wnej bohaterki. 29 \u2013 letnia Alina prowadzi gabinet psychoterapeutyczny. Pani psycholog, a [&hellip;]<\/p>\n","protected":false},"author":9,"featured_media":0,"comment_status":"open","ping_status":"open","sticky":false,"template":"","format":"standard","meta":{"_tec_requires_first_save":true,"_crdt_document":"","pgc_sgb_lightbox_settings":"","_EventAllDay":false,"_EventTimezone":"","_EventStartDate":"","_EventEndDate":"","_EventStartDateUTC":"","_EventEndDateUTC":"","_EventShowMap":false,"_EventShowMapLink":false,"_EventURL":"","_EventCost":"","_EventCostDescription":"","_EventCurrencySymbol":"","_EventCurrencyCode":"","_EventCurrencyPosition":"","_EventDateTimeSeparator":"","_EventTimeRangeSeparator":"","_EventOrganizerID":[],"_EventVenueID":[],"_OrganizerEmail":"","_OrganizerPhone":"","_OrganizerWebsite":"","_VenueAddress":"","_VenueCity":"","_VenueCountry":"","_VenueProvince":"","_VenueState":"","_VenueZip":"","_VenuePhone":"","_VenueURL":"","_VenueStateProvince":"","_VenueLat":"","_VenueLng":"","_VenueShowMap":false,"_VenueShowMapLink":false,"_tribe_blocks_recurrence_rules":"","_tribe_blocks_recurrence_description":"","_tribe_blocks_recurrence_exclusions":"","footnotes":""},"categories":[110],"tags":[],"class_list":["post-8605","post","type-post","status-publish","format-standard","hentry","category-recenzje-klubowiczow"],"publishpress_future_action":{"enabled":false,"date":"2026-05-06 07:56:14","action":"change-status","newStatus":"draft","terms":[],"taxonomy":"category","extraData":[]},"publishpress_future_workflow_manual_trigger":{"enabledWorkflows":[]},"_links":{"self":[{"href":"https:\/\/wbp.lublin.pl\/index.php\/wp-json\/wp\/v2\/posts\/8605","targetHints":{"allow":["GET"]}}],"collection":[{"href":"https:\/\/wbp.lublin.pl\/index.php\/wp-json\/wp\/v2\/posts"}],"about":[{"href":"https:\/\/wbp.lublin.pl\/index.php\/wp-json\/wp\/v2\/types\/post"}],"author":[{"embeddable":true,"href":"https:\/\/wbp.lublin.pl\/index.php\/wp-json\/wp\/v2\/users\/9"}],"replies":[{"embeddable":true,"href":"https:\/\/wbp.lublin.pl\/index.php\/wp-json\/wp\/v2\/comments?post=8605"}],"version-history":[{"count":2,"href":"https:\/\/wbp.lublin.pl\/index.php\/wp-json\/wp\/v2\/posts\/8605\/revisions"}],"predecessor-version":[{"id":12898,"href":"https:\/\/wbp.lublin.pl\/index.php\/wp-json\/wp\/v2\/posts\/8605\/revisions\/12898"}],"wp:attachment":[{"href":"https:\/\/wbp.lublin.pl\/index.php\/wp-json\/wp\/v2\/media?parent=8605"}],"wp:term":[{"taxonomy":"category","embeddable":true,"href":"https:\/\/wbp.lublin.pl\/index.php\/wp-json\/wp\/v2\/categories?post=8605"},{"taxonomy":"post_tag","embeddable":true,"href":"https:\/\/wbp.lublin.pl\/index.php\/wp-json\/wp\/v2\/tags?post=8605"}],"curies":[{"name":"wp","href":"https:\/\/api.w.org\/{rel}","templated":true}]}}