{"id":8606,"date":"2015-09-25T08:53:52","date_gmt":"2015-09-25T06:53:52","guid":{"rendered":"https:\/\/wbp.lublin.pl8\/index.php\/2015\/09\/25\/austen-jane-emma\/"},"modified":"2018-07-04T19:46:39","modified_gmt":"2018-07-04T17:46:39","slug":"austen-jane-emma","status":"publish","type":"post","link":"https:\/\/wbp.lublin.pl\/index.php\/2015\/09\/25\/austen-jane-emma\/","title":{"rendered":"Austen Jane: Emma"},"content":{"rendered":"<p style=\"text-align: justify;\">Akcja powie\u015bci rozgrywa si\u0119 w XIX wiecznej Anglii. Tytu\u0142owa bohaterka ksi\u0105\u017cki Jane Austen to 21-letnia dziewczyna o niezwyk\u0142ej urodzie, uroku osobistym oraz nieprzeci\u0119tnej inteligencji. Pomimo wielu zalet jakie j\u0105 cechuj\u0105, Emma jest r\u00f3wnie\u017c osob\u0105 zarozumia\u0142\u0105, apodyktyczn\u0105, o wysokim poczuciu w\u0142asnej warto\u015bci. Cz\u0119sto narzuca innym swoje zdanie. Sztuk\u0119 manipulacji ma opanowan\u0105 do perfekcji \u2013 podejmuje decyzje za swoich bliskich czyni\u0105c to w taki spos\u00f3b, \u017ce ka\u017cdy poczytuje je za sw\u00f3j w\u0142asny, niezale\u017cny wyb\u00f3r.<\/p>\n<p style=\"text-align: justify;\">Te negatywne cechy cz\u0119sto bywaj\u0105 dla Emmy zgubne. Staj\u0105 si\u0119 r\u00f3wnie\u017c przyczynami wielu pomy\u0142ek, niejasno\u015bci i niedopowiedze\u0144, co w efekcie jest konsekwencj\u0105 b\u00f3lu i rozczarowania nie jednej osoby. M\u0142oda kobieta \u017cyj\u0105c w przekonaniu, i\u017c posiada niezwyk\u0142y dar \u201edopasowywania\u201d par, bawi si\u0119 w lokaln\u0105 swatk\u0119. Niestety jej starania przynosz\u0105 wi\u0119cej szkody ni\u017c po\u017cytku, a co wi\u0119cej przes\u0142aniaj\u0105 rodz\u0105ce si\u0119 w niej uczucie, kt\u00f3re okazuje si\u0119 by\u0107 odwzajemnione\u2026<\/p>\n<p style=\"text-align: justify;\">\u201eEmma\u201d to niezwyk\u0142a powie\u015b\u0107 przepe\u0142niona komizmem sytuacyjnym oraz s\u0142ownym. Dzi\u0119ki temu czytanie tej ksi\u0105\u017cki jest wielk\u0105 przyjemno\u015bci\u0105. Co prawda, momentami bywa r\u00f3wnie\u017c do\u015b\u0107 przewidywalna, co w konsekwencji mo\u017ce rozczarowa\u0107 czytelnika. Jednak w mojej og\u00f3lnej ocenie uwa\u017cam, \u017ce Jane Austen w pi\u0119knym stylu odda\u0142a charakter \u00f3wczesnego miejsca i czasu sprawiaj\u0105c, \u017ce ka\u017cdy m\u00f3j dzie\u0144 z \u201eEmm\u0105\u201d zaliczam do mi\u0142o sp\u0119dzonych. Natomiast sam\u0105 bohaterk\u0119 pomimo jej <a name=\"_GoBack\"><\/a>przewrotnej osobowo\u015bci zdecydowanie obdarzam sympati\u0105.<\/p>\n<p class=\"MsoNormal\" style=\"text-align: center; text-indent: 35.4pt; line-height: 150%;\" align=\"center\"><span class=\"apple-style-span\">Anna Hapak<\/span><\/p>\n<p class=\"MsoNormal\" style=\"text-align: center; text-indent: 35.4pt; line-height: 150%;\" align=\"center\"><span class=\"apple-style-span\">DKK dla doros\u0142ych<\/span><span class=\"apple-converted-space\">\u00a0<\/span><br \/>\n<span class=\"apple-style-span\"><span style=\"mso-spacerun: yes;\">\u00a0\u00a0\u00a0 <\/span>Filia Biblioteczna w Stojeszynie Pierwszym ,woj. lubelskie<\/span><\/p>\n","protected":false},"excerpt":{"rendered":"<p>Akcja powie\u015bci rozgrywa si\u0119 w XIX wiecznej Anglii. Tytu\u0142owa bohaterka ksi\u0105\u017cki Jane Austen to 21-letnia dziewczyna o niezwyk\u0142ej urodzie, uroku osobistym oraz nieprzeci\u0119tnej inteligencji. Pomimo wielu zalet jakie j\u0105 cechuj\u0105, [&hellip;]<\/p>\n","protected":false},"author":9,"featured_media":0,"comment_status":"open","ping_status":"open","sticky":false,"template":"","format":"standard","meta":{"_tec_requires_first_save":true,"_crdt_document":"","pgc_sgb_lightbox_settings":"","_EventAllDay":false,"_EventTimezone":"","_EventStartDate":"","_EventEndDate":"","_EventStartDateUTC":"","_EventEndDateUTC":"","_EventShowMap":false,"_EventShowMapLink":false,"_EventURL":"","_EventCost":"","_EventCostDescription":"","_EventCurrencySymbol":"","_EventCurrencyCode":"","_EventCurrencyPosition":"","_EventDateTimeSeparator":"","_EventTimeRangeSeparator":"","_EventOrganizerID":[],"_EventVenueID":[],"_OrganizerEmail":"","_OrganizerPhone":"","_OrganizerWebsite":"","_VenueAddress":"","_VenueCity":"","_VenueCountry":"","_VenueProvince":"","_VenueState":"","_VenueZip":"","_VenuePhone":"","_VenueURL":"","_VenueStateProvince":"","_VenueLat":"","_VenueLng":"","_VenueShowMap":false,"_VenueShowMapLink":false,"_tribe_blocks_recurrence_rules":"","_tribe_blocks_recurrence_description":"","_tribe_blocks_recurrence_exclusions":"","footnotes":""},"categories":[110],"tags":[],"class_list":["post-8606","post","type-post","status-publish","format-standard","hentry","category-recenzje-klubowiczow"],"publishpress_future_action":{"enabled":false,"date":"2026-05-06 03:36:54","action":"change-status","newStatus":"draft","terms":[],"taxonomy":"category","extraData":[]},"publishpress_future_workflow_manual_trigger":{"enabledWorkflows":[]},"_links":{"self":[{"href":"https:\/\/wbp.lublin.pl\/index.php\/wp-json\/wp\/v2\/posts\/8606","targetHints":{"allow":["GET"]}}],"collection":[{"href":"https:\/\/wbp.lublin.pl\/index.php\/wp-json\/wp\/v2\/posts"}],"about":[{"href":"https:\/\/wbp.lublin.pl\/index.php\/wp-json\/wp\/v2\/types\/post"}],"author":[{"embeddable":true,"href":"https:\/\/wbp.lublin.pl\/index.php\/wp-json\/wp\/v2\/users\/9"}],"replies":[{"embeddable":true,"href":"https:\/\/wbp.lublin.pl\/index.php\/wp-json\/wp\/v2\/comments?post=8606"}],"version-history":[{"count":2,"href":"https:\/\/wbp.lublin.pl\/index.php\/wp-json\/wp\/v2\/posts\/8606\/revisions"}],"predecessor-version":[{"id":12839,"href":"https:\/\/wbp.lublin.pl\/index.php\/wp-json\/wp\/v2\/posts\/8606\/revisions\/12839"}],"wp:attachment":[{"href":"https:\/\/wbp.lublin.pl\/index.php\/wp-json\/wp\/v2\/media?parent=8606"}],"wp:term":[{"taxonomy":"category","embeddable":true,"href":"https:\/\/wbp.lublin.pl\/index.php\/wp-json\/wp\/v2\/categories?post=8606"},{"taxonomy":"post_tag","embeddable":true,"href":"https:\/\/wbp.lublin.pl\/index.php\/wp-json\/wp\/v2\/tags?post=8606"}],"curies":[{"name":"wp","href":"https:\/\/api.w.org\/{rel}","templated":true}]}}