{"id":8618,"date":"2015-10-12T08:42:26","date_gmt":"2015-10-12T06:42:26","guid":{"rendered":"https:\/\/wbp.lublin.pl8\/index.php\/2015\/10\/12\/link-charlotte-gra-cieni\/"},"modified":"2018-07-02T21:57:13","modified_gmt":"2018-07-02T19:57:13","slug":"link-charlotte-gra-cieni","status":"publish","type":"post","link":"https:\/\/wbp.lublin.pl\/index.php\/2015\/10\/12\/link-charlotte-gra-cieni\/","title":{"rendered":"Link Charlotte: Gra cieni"},"content":{"rendered":"<p style=\"text-align: justify;\"><span style=\"font-size: 12px;\"><span style=\"font-family: Verdana;\">\u00a0 Krymina\u0142y autorstwa Charlotte Link ciesz\u0105 si\u0119 dobr\u0105 s\u0142aw\u0105 zar\u00f3wno w\u015br\u00f3d krytyk\u00f3w, ale tak\u017ce \u201ezwyk\u0142ych\u201d \u015bmiertelnik\u00f3w i fan\u00f3w w\u0142a\u015bnie tego gatunku. Osobi\u015bcie mia\u0142am ju\u017c do czynienia z ksi\u0105\u017ck\u0105 tej\u017ce autorki, pt. \u201eCiernista r\u00f3\u017ca\u201d, kt\u00f3ra spodoba\u0142a mi si\u0119 na tyle, bym mia\u0142a ochot\u0119 si\u0119gn\u0105\u0107 po kolejn\u0105. Po przeczytaniu \u201eGry cieni\u201d wiem, \u017ce intuicja dobrze mi podpowiedzia\u0142a, a Link staje si\u0119 powoli jedn\u0105 z moich ulubionych pisarek je\u015bli chodzi o krymina\u0142y. <\/span><\/span><\/p>\n<p class=\"MsoNormal\" style=\"text-align: justify;\">\u00a0 <span style=\"font-size: 12px;\"><span style=\"font-family: Verdana;\">\u00a0\u00a0\u00a0\u00a0\u00a0 Charlotte Link urodzi\u0142a si\u0119 w 1963 roku w Niemczech. Tak jak wspomina\u0142am na pocz\u0105tku \u2013 jest ona najbardziej poczytn\u0105 wsp\u00f3\u0142czesn\u0105 autork\u0105. Swoj\u0105 popularno\u015b\u0107 zawdzi\u0119cza wszechstronno\u015bci: s\u0142ynie zar\u00f3wno z powie\u015bci obyczajowych, jak i psychologicznych powie\u015bci sensacyjnych. \u0141\u0105cznie wyda\u0142a 17 ksi\u0105\u017cek, kt\u00f3re w samych Niemczech sprzeda\u0142y si\u0119 w 25 milionach\u00a0 egzemplarzy. Trzeba przyzna\u0107, \u017ce to imponuj\u0105cy wynik. <\/span><\/span> <span style=\"font-size: 12px;\"><span style=\"font-family: Verdana;\">\u00a0<\/span><\/span><\/p>\n<p class=\"MsoNormal\" style=\"text-align: justify;\"><span style=\"font-size: 12px;\"><span style=\"font-family: Verdana;\">\u00a0\u00a0\u00a0\u00a0 G\u0142\u00f3wnym bohaterem \u201eGry cieni\u201d jest David Bellino, bogacz, kt\u00f3ry otrzymuje tajemnicze listy z gro\u017abami. Z powodu swojej arogancji i bezwzgl\u0119dno\u015bci nie cieszy si\u0119 zbyt dobr\u0105 s\u0142aw\u0105 w\u015br\u00f3d innych. M\u0119\u017cczyzn\u0119 od wielu lat prze\u015bladuj\u0105 koszmary senne, a anonimy z pogr\u00f3\u017ckami staj\u0105 si\u0119 pretekstem do zmierzenia si\u0119 z przesz\u0142o\u015bci\u0105, kt\u00f3ra bywa\u0142a burzliwa. David postanawia zaprosi\u0107 do swej imponuj\u0105cej rezydencji w Nowym Jorku czw\u00f3rk\u0119 przyjaci\u00f3\u0142 z dawnych lat. Ich drogi rozesz\u0142y si\u0119 w nieprzyjemnych okoliczno\u015bciach, lecz mimo to wszyscy przyjmuj\u0105 zaproszenie. By\u0107 mo\u017ce maj\u0105 nadziej\u0119, \u017ce w ko\u0144cu rozprawi\u0105 si\u0119 z demonami, kt\u00f3re wci\u0105\u017c nie daj\u0105 im spokoju. Za\u015b David liczy, \u017ce uda mu si\u0119 zdemaskowa\u0107 osob\u0119, kt\u00f3ra niczego tak mocno nie pragnie jak jego \u015bmierci. W ksi\u0105\u017cce jest mn\u00f3stwo retrospekcji, mamy okazj\u0119 pozna\u0107 histori\u0119 \u017cycia ka\u017cdej z os\u00f3b, kt\u00f3ra pojawia si\u0119 w penthousie g\u0142\u00f3wnego bohatera. Retrospekcje te nadaj\u0105 znaczenia zdarzeniom, kt\u00f3re maj\u0105 miejsce, u\u015bwiadamiaj\u0105 uczucia poszczeg\u00f3lnych os\u00f3b, a czasem nawet usprawiedliwiaj\u0105 decyzje, kt\u00f3re podejmowali. Bohaterowie zrzucaj\u0105 z siebie balast z przesz\u0142o\u015bci, pr\u00f3buj\u0105 wydosta\u0107 si\u0119 z sieci niebezpiecznych tajemnic, koszmar\u00f3w, kt\u00f3re wci\u0105\u017c s\u0105 \u017cywe w ich pami\u0119ci \u2013 mimo up\u0142ywu lat. <\/span><\/span> <span style=\"font-size: 12px;\"><span style=\"font-family: Verdana;\">\u00a0\u00a0\u00a0\u00a0<\/span><\/span><\/p>\n<p class=\"MsoNormal\" style=\"text-align: justify;\"><span style=\"font-size: 12px;\"><span style=\"font-family: Verdana;\">\u00a0\u00a0\u00a0\u00a0\u00a0\u00a0\u00a0 Bardzo podoba mi si\u0119 fabu\u0142a, kt\u00f3r\u0105 autorka buduje stopniowo, co sprawia, \u017ce jednocze\u015bnie ro\u015bnie napi\u0119cie.Czytelnik niczego nie mo\u017ce by\u0107 pewny, bo wszystko mo\u017ce si\u0119 zmieni\u0107, gdy przekr\u0119ci kartk\u0119. Z ka\u017cd\u0105 kolejn\u0105 stron\u0105 by\u0142am coraz mocniej zaintrygowana, mia\u0142am w g\u0142owie mn\u00f3stwo pomys\u0142\u00f3w na to, kto dokona\u0142 poszczeg\u00f3lnych zbrodni, gor\u0105czkowo usi\u0142owa\u0142am wytypowa\u0107 zab\u00f3jc\u0119. Jednocze\u015bnie pojawi\u0142o si\u0119 du\u017co refleksji na temat nie tylko zwi\u0105zany z fabu\u0142\u0105 ksi\u0105\u017cki \u2013 ale ten bardziej prywatny, osobisty. Kreacja bohater\u00f3w, ich \u017cyciowych sukces\u00f3w i pora\u017cek, decyzji i uczu\u0107 sk\u0142oni\u0142a mnie do rozmy\u015bla\u0144 nad moim w\u0142asnym \u017cyciem i charakterem. U\u015bwiadomi\u0142am sobie swoje s\u0142abo\u015bci, co by\u0142o dla mnie ogromnym zaskoczeniem \u2013 bo nigdy wcze\u015bniej \u017caden krymina\u0142 nie wywo\u0142a\u0142 we mnie tak wielu skrajnych emocji. Czu\u0142am r\u00f3wnocze\u015bnie b\u00f3l i ulg\u0119, strach i spok\u00f3j. Wszystko zmienia\u0142o si\u0119 jak w kalejdoskopie, a ja by\u0142am tak ciekawa fina\u0142u, \u017ce poch\u0142on\u0119\u0142am t\u0119 ksi\u0105\u017ck\u0119 w ekstremalnym tempie, nie mog\u0105c si\u0119 od niej oderwa\u0107 ani na sekund\u0119. <\/span><\/span><\/p>\n<p class=\"MsoNormal\" style=\"text-align: justify;\"><span style=\"font-size: 12px;\"><span style=\"font-family: Verdana;\">\u00a0\u00a0\u00a0\u00a0\u00a0\u00a0\u00a0\u00a0\u00a0\u00a0\u00a0 W moim osobistym odczuciu ksi\u0105\u017cka jest dobra, kiedy zaczynaj\u0105c lektur\u0119 jeste\u015bmy ju\u017c od pierwszych stron zainteresowani i chcemy dowiedzie\u0107 si\u0119 czego\u015b wi\u0119cej. \u201eGra cieni\u201d zdecydowanie zalicza si\u0119 do kategorii ksi\u0105\u017cek dobrych, godnych polecenia. Warto po ni\u0105 si\u0119gn\u0105\u0107, bo nie jest typowym krymina\u0142em, w kt\u00f3rym trup \u015bciele si\u0119 g\u0119sto, a krew tryska na wszystkie strony. Ta ksi\u0105\u017cka to swego rodzaju psychologiczny portret os\u00f3b poch\u0142oni\u0119tych d\u0105\u017ceniem do bogactwa, sukces\u00f3w, a potem gor\u0105c\u0105 nienawi\u015bci\u0105, kt\u00f3ra sk\u0142ania do pope\u0142niania niemoralnych czyn\u00f3w. By\u0107 mo\u017ce warto j\u0105 przeczyta\u0107 aby u\u015bwiadomi\u0107 sobie jak \u0142atwo wpa\u015b\u0107 w sid\u0142a egoizmu, zazdro\u015bci i zawi\u015bci. Ta ksi\u0105\u017cka mo\u017ce by\u0107 przestrog\u0105 przed konsumpcyjnym stylem \u017cycia, kt\u00f3ry czasami mo\u017ce doprowadzi\u0107 do degeneracji, a w efekcie do pope\u0142nienia zbrodni. <\/span><\/span><\/p>\n<p>&nbsp;<\/p>\n<p class=\"MsoNormal\" style=\"text-align: justify;\"><span style=\"line-height: 150%;\">\u00a0\u00a0 Dominika Tomkowska <span class=\"apple-style-span\">DKK dla doros\u0142ych<\/span><span class=\"apple-converted-space\">\u00a0<\/span><br \/>\n<span class=\"apple-style-span\">\u00a0 Filia Biblioteczna w Stojeszynie Pierwszym ,woj. lubelskie<\/span><\/span><\/p>\n<p><span style=\"font-size: 12px;\"><span style=\"font-family: Verdana;\">\u00a0<\/span><\/span><\/p>\n","protected":false},"excerpt":{"rendered":"<p>\u00a0 Krymina\u0142y autorstwa Charlotte Link ciesz\u0105 si\u0119 dobr\u0105 s\u0142aw\u0105 zar\u00f3wno w\u015br\u00f3d krytyk\u00f3w, ale tak\u017ce \u201ezwyk\u0142ych\u201d \u015bmiertelnik\u00f3w i fan\u00f3w w\u0142a\u015bnie tego gatunku. Osobi\u015bcie mia\u0142am ju\u017c do czynienia z ksi\u0105\u017ck\u0105 tej\u017ce autorki, [&hellip;]<\/p>\n","protected":false},"author":9,"featured_media":0,"comment_status":"open","ping_status":"open","sticky":false,"template":"","format":"standard","meta":{"_tec_requires_first_save":true,"_crdt_document":"","pgc_sgb_lightbox_settings":"","_EventAllDay":false,"_EventTimezone":"","_EventStartDate":"","_EventEndDate":"","_EventStartDateUTC":"","_EventEndDateUTC":"","_EventShowMap":false,"_EventShowMapLink":false,"_EventURL":"","_EventCost":"","_EventCostDescription":"","_EventCurrencySymbol":"","_EventCurrencyCode":"","_EventCurrencyPosition":"","_EventDateTimeSeparator":"","_EventTimeRangeSeparator":"","_EventOrganizerID":[],"_EventVenueID":[],"_OrganizerEmail":"","_OrganizerPhone":"","_OrganizerWebsite":"","_VenueAddress":"","_VenueCity":"","_VenueCountry":"","_VenueProvince":"","_VenueState":"","_VenueZip":"","_VenuePhone":"","_VenueURL":"","_VenueStateProvince":"","_VenueLat":"","_VenueLng":"","_VenueShowMap":false,"_VenueShowMapLink":false,"_tribe_blocks_recurrence_rules":"","_tribe_blocks_recurrence_description":"","_tribe_blocks_recurrence_exclusions":"","footnotes":""},"categories":[110],"tags":[],"class_list":["post-8618","post","type-post","status-publish","format-standard","hentry","category-recenzje-klubowiczow"],"publishpress_future_action":{"enabled":false,"date":"2026-05-06 09:06:27","action":"change-status","newStatus":"draft","terms":[],"taxonomy":"category","extraData":[]},"publishpress_future_workflow_manual_trigger":{"enabledWorkflows":[]},"_links":{"self":[{"href":"https:\/\/wbp.lublin.pl\/index.php\/wp-json\/wp\/v2\/posts\/8618","targetHints":{"allow":["GET"]}}],"collection":[{"href":"https:\/\/wbp.lublin.pl\/index.php\/wp-json\/wp\/v2\/posts"}],"about":[{"href":"https:\/\/wbp.lublin.pl\/index.php\/wp-json\/wp\/v2\/types\/post"}],"author":[{"embeddable":true,"href":"https:\/\/wbp.lublin.pl\/index.php\/wp-json\/wp\/v2\/users\/9"}],"replies":[{"embeddable":true,"href":"https:\/\/wbp.lublin.pl\/index.php\/wp-json\/wp\/v2\/comments?post=8618"}],"version-history":[{"count":2,"href":"https:\/\/wbp.lublin.pl\/index.php\/wp-json\/wp\/v2\/posts\/8618\/revisions"}],"predecessor-version":[{"id":12916,"href":"https:\/\/wbp.lublin.pl\/index.php\/wp-json\/wp\/v2\/posts\/8618\/revisions\/12916"}],"wp:attachment":[{"href":"https:\/\/wbp.lublin.pl\/index.php\/wp-json\/wp\/v2\/media?parent=8618"}],"wp:term":[{"taxonomy":"category","embeddable":true,"href":"https:\/\/wbp.lublin.pl\/index.php\/wp-json\/wp\/v2\/categories?post=8618"},{"taxonomy":"post_tag","embeddable":true,"href":"https:\/\/wbp.lublin.pl\/index.php\/wp-json\/wp\/v2\/tags?post=8618"}],"curies":[{"name":"wp","href":"https:\/\/api.w.org\/{rel}","templated":true}]}}