{"id":8635,"date":"2015-12-08T06:51:15","date_gmt":"2015-12-08T05:51:15","guid":{"rendered":"https:\/\/wbp.lublin.pl8\/index.php\/2015\/12\/08\/nabytki-do-ksigozbioru-naukowego-w-listopadzie-2015-r\/"},"modified":"2018-10-31T11:45:20","modified_gmt":"2018-10-31T10:45:20","slug":"nabytki-do-ksigozbioru-naukowego-w-listopadzie-2015-r","status":"publish","type":"post","link":"https:\/\/wbp.lublin.pl\/index.php\/2015\/12\/08\/nabytki-do-ksigozbioru-naukowego-w-listopadzie-2015-r\/","title":{"rendered":"Nabytki do Ksi\u0119gozbioru Naukowego w listopadzie 2015 r."},"content":{"rendered":"<h3><\/h3>\n<p><!--more--><\/p>\n<p style=\"text-align: center;\">(wyb\u00f3r)<\/p>\n<p style=\"text-align: left;\"><!-- [if gte mso 9]><xml> <w:WordDocument> <w:View>Normal<\/w:View> <w:Zoom>0<\/w:Zoom> <w:HyphenationZone>21<\/w:HyphenationZone> <w:PunctuationKerning \/> <w:ValidateAgainstSchemas \/> <w:SaveIfXMLInvalid>false<\/w:SaveIfXMLInvalid> <w:IgnoreMixedContent>false<\/w:IgnoreMixedContent> <w:AlwaysShowPlaceholderText>false<\/w:AlwaysShowPlaceholderText> <w:Compatibility> <w:BreakWrappedTables \/> <w:SnapToGridInCell \/> <w:WrapTextWithPunct \/> <w:UseAsianBreakRules \/> <w:DontGrowAutofit \/> <\/w:Compatibility> <w:BrowserLevel>MicrosoftInternetExplorer4<\/w:BrowserLevel> <\/w:WordDocument> <\/xml><![endif]--><\/p>\n<p style=\"text-align: left;\"><!-- [if gte mso 9]><xml> <w:LatentStyles DefLockedState=\"false\" LatentStyleCount=\"156\"> <\/w:LatentStyles> <\/xml><![endif]--><!-- [if gte mso 10]><\/p>\n\n\n\n\n\n<style> \/* Style Definitions *\/ table.MsoNormalTable {mso-style-name:Standardowy; mso-tstyle-rowband-size:0; mso-tstyle-colband-size:0; mso-style-noshow:yes; mso-style-parent:\"\"; mso-padding-alt:0cm 5.4pt 0cm 5.4pt; mso-para-margin:0cm; mso-para-margin-bottom:.0001pt; mso-pagination:widow-orphan; font-size:10.0pt; font-family:\"Times New Roman\"; mso-ansi-language:#0400; mso-fareast-language:#0400; mso-bidi-language:#0400;} <\/style>\n\n <![endif]--><\/p>\n<p class=\"MsoTitle\" style=\"margin-left: 27.0pt; text-align: left; text-indent: -18.0pt; line-height: 150%; mso-list: l0 level1 lfo1; tab-stops: list 27.0pt;\" align=\"left\"><span style=\"font-weight: normal;\"><span style=\"mso-list: Ignore;\">1.<span style=\"font: 7.0pt 'Times New Roman';\">\u00a0\u00a0\u00a0\u00a0\u00a0 <\/span><\/span><\/span>Bednarczyk M., <i style=\"mso-bidi-font-style: normal;\"><span style=\"font-weight: normal;\">Seksualno\u015b\u0107 m\u0142odzie\u017cy licealnej i jej uwarunkowania, <\/span><\/i><span style=\"font-weight: normal;\">Lublin 2015<\/span><\/p>\n<p class=\"MsoTitle\" style=\"margin-left: 27.0pt; text-align: left; text-indent: -18.0pt; line-height: 150%; mso-list: l0 level1 lfo1; tab-stops: list 27.0pt;\" align=\"left\"><span style=\"font-weight: normal;\"><span style=\"mso-list: Ignore;\">2.<span style=\"font: 7.0pt 'Times New Roman';\">\u00a0\u00a0\u00a0\u00a0\u00a0 <\/span><\/span><\/span>Borys\u0142awski R. (red.), <i style=\"mso-bidi-font-style: normal;\"><span style=\"font-weight: normal;\">Kryptohistorie : ukryte i utajone narracje w historii,<\/span><\/i> <span style=\"font-weight: normal;\">Katowice 2014<\/span><\/p>\n<p class=\"MsoTitle\" style=\"margin-left: 27.0pt; text-align: left; text-indent: -18.0pt; line-height: 150%; mso-list: l0 level1 lfo1; tab-stops: list 27.0pt;\" align=\"left\"><span style=\"font-weight: normal;\"><span style=\"mso-list: Ignore;\">3.<span style=\"font: 7.0pt 'Times New Roman';\">\u00a0\u00a0\u00a0\u00a0\u00a0 <\/span><\/span><\/span>Burski Z., <i style=\"mso-bidi-font-style: normal;\"><span style=\"font-weight: normal;\">Gospodarowanie energi\u0105, surowcami i materia\u0142ami w logistyce produkcji zak\u0142ad\u00f3w piwowarskich, <\/span><\/i><span style=\"font-weight: normal;\">Lublin 2014<\/span><\/p>\n<p class=\"MsoTitle\" style=\"margin-left: 27.0pt; text-align: left; text-indent: -18.0pt; line-height: 150%; mso-list: l0 level1 lfo1; tab-stops: list 27.0pt;\" align=\"left\"><span style=\"font-weight: normal;\"><span style=\"mso-list: Ignore;\">4.<span style=\"font: 7.0pt 'Times New Roman';\">\u00a0\u00a0\u00a0\u00a0\u00a0 <\/span><\/span><\/span>Chrobaczy\u0144ski J., <i style=\"mso-bidi-font-style: normal;\"><span style=\"font-weight: normal;\">Konteksty prze\u0142omu 1944-1945 : spo\u0142ecze\u0144stwo wobec wojennych rozstrzygni\u0119\u0107 : postawy, zachowania, nastroje, <\/span><\/i><span style=\"font-weight: normal;\">Krak\u00f3w 2015<\/span><\/p>\n<p class=\"MsoTitle\" style=\"margin-left: 27.0pt; text-align: left; text-indent: -18.0pt; line-height: 150%; mso-list: l0 level1 lfo1; tab-stops: list 27.0pt;\" align=\"left\"><span style=\"font-weight: normal;\"><span style=\"mso-list: Ignore;\">5.<span style=\"font: 7.0pt 'Times New Roman';\">\u00a0\u00a0\u00a0\u00a0\u00a0 <\/span><\/span><\/span>Darczewska J., <i style=\"mso-bidi-font-style: normal;\"><span style=\"font-weight: normal;\">Diabe\u0142 tkwi w szczeg\u00f3\u0142ach : wojna informacyjna w \u015bwietle doktryny wojennej Rosji, <\/span><\/i><span style=\"font-weight: normal;\">Warszawa 2015<\/span><\/p>\n<p class=\"MsoTitle\" style=\"margin-left: 27.0pt; text-align: left; text-indent: -18.0pt; line-height: 150%; mso-list: l0 level1 lfo1; tab-stops: list 27.0pt;\" align=\"left\"><span style=\"font-weight: normal;\"><span style=\"mso-list: Ignore;\">6.<span style=\"font: 7.0pt 'Times New Roman';\">\u00a0\u00a0\u00a0\u00a0\u00a0 <\/span><\/span><\/span>D\u0105bek J.,<span style=\"font-weight: normal;\"> <i style=\"mso-bidi-font-style: normal;\">Ko\u015bci\u00f3\u0142 i klasztor \u015bw. J\u00f3zefa w Sandomierzu wczoraj i dzi\u015b, <\/i>Sandomierz 2015<\/span><\/p>\n<p class=\"MsoTitle\" style=\"margin-left: 27.0pt; text-align: left; text-indent: -18.0pt; line-height: 150%; mso-list: l0 level1 lfo1; tab-stops: list 27.0pt;\" align=\"left\"><span style=\"font-weight: normal;\"><span style=\"mso-list: Ignore;\">7.<span style=\"font: 7.0pt 'Times New Roman';\">\u00a0\u00a0\u00a0\u00a0\u00a0 <\/span><\/span><\/span>D\u0105browska M., <i style=\"mso-bidi-font-style: normal;\"><span style=\"font-weight: normal;\">\u017bycie i dzie\u0142o Edwarda Abramowskiego, <\/span><\/i><span style=\"font-weight: normal;\">\u0141\u00f3d\u017a 2014<\/span><\/p>\n<p class=\"MsoTitle\" style=\"margin-left: 27.0pt; text-align: left; text-indent: -18.0pt; line-height: 150%; mso-list: l0 level1 lfo1; tab-stops: list 27.0pt;\" align=\"left\"><span style=\"font-weight: normal;\"><span style=\"mso-list: Ignore;\">8.<span style=\"font: 7.0pt 'Times New Roman';\">\u00a0\u00a0\u00a0\u00a0\u00a0 <\/span><\/span><\/span>Doma\u0144ska E.(red.), <i style=\"mso-bidi-font-style: normal;\"><span style=\"font-weight: normal;\">Historia &#8211; dzi\u015b : teoretyczne problemy wiedzy o przesz\u0142o\u015bci,<\/span><\/i><span style=\"font-weight: normal;\"> Krak\u00f3w 2014<\/span><\/p>\n<p class=\"MsoTitle\" style=\"margin-left: 27.0pt; text-align: left; text-indent: -18.0pt; line-height: 150%; mso-list: l0 level1 lfo1; tab-stops: list 27.0pt;\" align=\"left\"><span style=\"font-weight: normal;\"><span style=\"mso-list: Ignore;\">9.<span style=\"font: 7.0pt 'Times New Roman';\">\u00a0\u00a0\u00a0\u00a0\u00a0 <\/span><\/span><\/span>Dybel P., <i style=\"mso-bidi-font-style: normal;\"><span style=\"font-weight: normal;\">Dylematy demokracji : kontekst polski,<\/span><\/i><span style=\"font-weight: normal;\"> Krak\u00f3w 2015<\/span><\/p>\n<p class=\"MsoTitle\" style=\"margin-left: 27.0pt; text-align: left; text-indent: -18.0pt; line-height: 150%; mso-list: l0 level1 lfo1; tab-stops: list 27.0pt;\" align=\"left\"><span style=\"font-weight: normal;\"><span style=\"mso-list: Ignore;\">10.<span style=\"font: 7.0pt 'Times New Roman';\">\u00a0 <\/span><\/span><\/span>Fedorowicz A., <i style=\"mso-bidi-font-style: normal;\"><span style=\"font-weight: normal;\">Na dawnych szlakach. M\u0142ody las. Opowie\u015b\u0107 prawdziwa z lat wojny : zapiski sanitariuszki Oddzia\u0142u Partyzanckiego &#8222;Zenona&#8221; <\/span><\/i><span style=\"font-weight: normal;\">Lublin 2014<\/span><\/p>\n<p class=\"MsoTitle\" style=\"margin-left: 27.0pt; text-align: left; text-indent: -18.0pt; line-height: 150%; mso-list: l0 level1 lfo1; tab-stops: list 27.0pt;\" align=\"left\"><span style=\"font-weight: normal;\"><span style=\"mso-list: Ignore;\">11.<span style=\"font: 7.0pt 'Times New Roman';\">\u00a0 <\/span><\/span><\/span>Garlicka A. (red.), <i style=\"mso-bidi-font-style: normal;\"><span style=\"font-weight: normal;\">\u015alady Kontrapunktu,<\/span><\/i><span style=\"font-weight: normal;\"> Szczecin 2015<\/span><\/p>\n<p class=\"MsoTitle\" style=\"margin-left: 27.0pt; text-align: left; text-indent: -18.0pt; line-height: 150%; mso-list: l0 level1 lfo1; tab-stops: list 27.0pt;\" align=\"left\"><span style=\"font-weight: normal;\"><span style=\"mso-list: Ignore;\">12.<span style=\"font: 7.0pt 'Times New Roman';\">\u00a0 <\/span><\/span><\/span>Ga\u015b Z.B., <i style=\"mso-bidi-font-style: normal;\"><span style=\"font-weight: normal;\">K\u0142opoty z doros\u0142o\u015bci\u0105, <\/span><\/i><span style=\"font-weight: normal;\">Lublin 2015<\/span><\/p>\n<p class=\"MsoTitle\" style=\"margin-left: 27.0pt; text-align: left; text-indent: -18.0pt; line-height: 150%; mso-list: l0 level1 lfo1; tab-stops: list 27.0pt;\" align=\"left\"><span style=\"font-weight: normal;\"><span style=\"mso-list: Ignore;\">13.<span style=\"font: 7.0pt 'Times New Roman';\">\u00a0 <\/span><\/span><\/span>Gawinecka-Wo\u017aniak M., <i style=\"mso-bidi-font-style: normal;\"><span style=\"font-weight: normal;\">Polska &#8211; Dania : stosunki dwustronne w latach 1945-1968,<\/span><\/i> <span style=\"font-weight: normal;\">Toru\u0144 2015<\/span><\/p>\n<p class=\"MsoTitle\" style=\"margin-left: 27.0pt; text-align: left; text-indent: -18.0pt; line-height: 150%; mso-list: l0 level1 lfo1; tab-stops: list 27.0pt;\" align=\"left\"><span style=\"font-weight: normal;\"><span style=\"mso-list: Ignore;\">14.<span style=\"font: 7.0pt 'Times New Roman';\">\u00a0 <\/span><\/span><\/span>Gil G., <i style=\"mso-bidi-font-style: normal;\"><span style=\"font-weight: normal;\">Upadanie pa\u0144stwa w stosunkach mi\u0119dzynarodowych po zimnej wojnie,<\/span><\/i><span style=\"font-weight: normal;\"> Lublin 2015<\/span><\/p>\n<p class=\"MsoTitle\" style=\"margin-left: 27.0pt; text-align: left; text-indent: -18.0pt; line-height: 150%; mso-list: l0 level1 lfo1; tab-stops: list 27.0pt;\" align=\"left\"><span style=\"font-weight: normal;\"><span style=\"mso-list: Ignore;\">15.<span style=\"font: 7.0pt 'Times New Roman';\">\u00a0 <\/span><\/span><\/span>Grzybek D<span style=\"font-weight: normal;\">., <i style=\"mso-bidi-font-style: normal;\">Handel i pok\u00f3j : geneza i ewolucja liberalnego pacyfizmu,<\/i> Krak\u00f3w 2015<\/span><\/p>\n<p class=\"MsoTitle\" style=\"margin-left: 27.0pt; text-align: left; text-indent: -18.0pt; line-height: 150%; mso-list: l0 level1 lfo1; tab-stops: list 27.0pt;\" align=\"left\"><span style=\"font-weight: normal;\"><span style=\"mso-list: Ignore;\">16.<span style=\"font: 7.0pt 'Times New Roman';\">\u00a0 <\/span><\/span><\/span>Hermann M., <i style=\"mso-bidi-font-style: normal;\"><span style=\"font-weight: normal;\">O \u0142acinie tylko dobrze, <\/span><\/i><span style=\"font-weight: normal;\">Krak\u00f3w 2014<\/span><\/p>\n<p class=\"MsoTitle\" style=\"margin-left: 27.0pt; text-align: left; text-indent: -18.0pt; line-height: 150%; mso-list: l0 level1 lfo1; tab-stops: list 27.0pt;\" align=\"left\"><span style=\"font-weight: normal;\"><span style=\"mso-list: Ignore;\">17.<span style=\"font: 7.0pt 'Times New Roman';\">\u00a0 <\/span><\/span><\/span>Janus-Sitarz A., <i style=\"mso-bidi-font-style: normal;\"><span style=\"font-weight: normal;\">Trudne lekcje j\u0119zyka polskiego : ku rozwi\u0105zaniom praktycznym, <\/span><\/i><span style=\"font-weight: normal;\">Krak\u00f3w 2015<\/span><\/p>\n<p class=\"MsoTitle\" style=\"margin-left: 27.0pt; text-align: left; text-indent: -18.0pt; line-height: 150%; mso-list: l0 level1 lfo1; tab-stops: list 27.0pt;\" align=\"left\"><span style=\"font-weight: normal;\"><span style=\"mso-list: Ignore;\">18.<span style=\"font: 7.0pt 'Times New Roman';\">\u00a0 <\/span><\/span><\/span>Jauksz M., <i style=\"mso-bidi-font-style: normal;\"><span style=\"font-weight: normal;\">Krytyka dziewi\u0119tnastowiecznego rozumu : \u017ar\u00f3d\u0142a i konteksty &#8222;Pa\u0142uby&#8221; Karola Irzykowskiego, <\/span><\/i><span style=\"font-weight: normal;\">Krak\u00f3w 2015<\/span><\/p>\n<p class=\"MsoTitle\" style=\"margin-left: 27.0pt; text-align: left; text-indent: -18.0pt; line-height: 150%; mso-list: l0 level1 lfo1; tab-stops: list 27.0pt;\" align=\"left\"><span style=\"font-weight: normal;\"><span style=\"mso-list: Ignore;\">19.<span style=\"font: 7.0pt 'Times New Roman';\">\u00a0 <\/span><\/span><\/span>Jaworski E., <i style=\"mso-bidi-font-style: normal;\"><span style=\"font-weight: normal;\">Rewitalizacja zabytkowego obiektu Wojew\u00f3dzkiej i Miejskiej Biblioteki Publicznej im. Zbigniewa Herberta w Gorzowie Wielkopolskim,<\/span><\/i><span style=\"font-weight: normal;\"> Gorz\u00f3w Wielkopolski 2015<\/span><\/p>\n<p class=\"MsoTitle\" style=\"margin-left: 27.0pt; text-align: left; text-indent: -18.0pt; line-height: 150%; mso-list: l0 level1 lfo1; tab-stops: list 27.0pt;\" align=\"left\"><span style=\"font-weight: normal;\"><span style=\"mso-list: Ignore;\">20.<span style=\"font: 7.0pt 'Times New Roman';\">\u00a0 <\/span><\/span><\/span>Kopkowski R., <i style=\"mso-bidi-font-style: normal;\"><span style=\"font-weight: normal;\">Polskie dziedzictwo Conrada, <\/span><\/i><span style=\"font-weight: normal;\">Krak\u00f3w 2014<\/span><\/p>\n<p class=\"MsoTitle\" style=\"margin-left: 27.0pt; text-align: left; text-indent: -18.0pt; line-height: 150%; mso-list: l0 level1 lfo1; tab-stops: list 27.0pt;\" align=\"left\"><span style=\"font-weight: normal;\"><span style=\"mso-list: Ignore;\">21.<span style=\"font: 7.0pt 'Times New Roman';\">\u00a0 <\/span><\/span><\/span>Kozak I., <i style=\"mso-bidi-font-style: normal;\"><span style=\"font-weight: normal;\">Pobyt d\u0142ugoterminowy cudzoziemc\u00f3w w Polsce w \u015bwietle ustawy z 12 grudnia 2013 r. o cudzoziemcach, <\/span><\/i><span style=\"font-weight: normal;\">Lublin 2014<\/span><\/p>\n<p class=\"MsoTitle\" style=\"margin-left: 27.0pt; text-align: left; text-indent: -18.0pt; line-height: 150%; mso-list: l0 level1 lfo1; tab-stops: list 27.0pt;\" align=\"left\"><span style=\"font-weight: normal;\"><span style=\"mso-list: Ignore;\">22.<span style=\"font: 7.0pt 'Times New Roman';\">\u00a0 <\/span><\/span><\/span>Kozimala I., <i style=\"mso-bidi-font-style: normal;\"><span style=\"font-weight: normal;\">\u017bo\u0142nierze wykl\u0119ci : z dziej\u00f3w partyzantki antykomunistycznej w powiecie przeworskim w latach 1944-1956,<\/span><\/i><span style=\"font-weight: normal;\"> Przeworsk 2015<\/span><\/p>\n<p class=\"MsoTitle\" style=\"margin-left: 27.0pt; text-align: left; text-indent: -18.0pt; line-height: 150%; mso-list: l0 level1 lfo1; tab-stops: list 27.0pt;\" align=\"left\"><span style=\"font-weight: normal;\"><span style=\"mso-list: Ignore;\">23.<span style=\"font: 7.0pt 'Times New Roman';\">\u00a0 <\/span><\/span><\/span>Krasuski K., <i style=\"mso-bidi-font-style: normal;\"><span style=\"font-weight: normal;\">Republiki literackiej nowoczesno\u015bci,<\/span><\/i><span style=\"font-weight: normal;\"> Katowice 2014<\/span><\/p>\n<p class=\"MsoTitle\" style=\"margin-left: 27.0pt; text-align: left; text-indent: -18.0pt; line-height: 150%; mso-list: l0 level1 lfo1; tab-stops: list 27.0pt;\" align=\"left\"><span style=\"font-weight: normal;\"><span style=\"mso-list: Ignore;\">24.<span style=\"font: 7.0pt 'Times New Roman';\">\u00a0 <\/span><\/span><\/span>Kroutvor J., <i style=\"mso-bidi-font-style: normal;\"><span style=\"font-weight: normal;\">Praga mizerna i inne eseje,<\/span><\/i><span style=\"font-weight: normal;\"> Bydgoszcz 2014<\/span><\/p>\n<p class=\"MsoTitle\" style=\"margin-left: 27.0pt; text-align: left; text-indent: -18.0pt; line-height: 150%; mso-list: l0 level1 lfo1; tab-stops: list 27.0pt;\" align=\"left\"><span style=\"font-weight: normal;\"><span style=\"mso-list: Ignore;\">25.<span style=\"font: 7.0pt 'Times New Roman';\">\u00a0 <\/span><\/span><\/span>Kubiak A., <i style=\"mso-bidi-font-style: normal;\"><span style=\"font-weight: normal;\">Inne \u015bmierci : antropologia umierania i \u017ca\u0142oby w p\u00f3\u017anej nowoczesno\u015bci, <\/span><\/i><span style=\"font-weight: normal;\">Krak\u00f3w 2014<\/span><\/p>\n<p class=\"MsoTitle\" style=\"margin-left: 27.0pt; text-align: left; text-indent: -18.0pt; line-height: 150%; mso-list: l0 level1 lfo1; tab-stops: list 27.0pt;\" align=\"left\"><span style=\"font-weight: normal;\"><span style=\"mso-list: Ignore;\">26.<span style=\"font: 7.0pt 'Times New Roman';\">\u00a0 <\/span><\/span><\/span>Lawaty A., <i style=\"mso-bidi-font-style: normal;\"><span style=\"font-weight: normal;\">Intelektualne wizje i rewizje w dziejach stosunk\u00f3w polsko-niemieckich XVIII-XXI wieku, <\/span><\/i><span style=\"font-weight: normal;\">Krak\u00f3w 2015<\/span><\/p>\n<p class=\"MsoTitle\" style=\"margin-left: 27.0pt; text-align: left; text-indent: -18.0pt; line-height: 150%; mso-list: l0 level1 lfo1; tab-stops: list 27.0pt;\" align=\"left\"><span style=\"font-weight: normal;\"><span style=\"mso-list: Ignore;\">27.<span style=\"font: 7.0pt 'Times New Roman';\">\u00a0 <\/span><\/span><\/span>Lisek A., <i style=\"mso-bidi-font-style: normal;\"><span style=\"font-weight: normal;\">Ob\u00f3z stanis\u0142awowski w wojew\u00f3dztwie ruskim w okresie bezkr\u00f3lewia i wojny<br \/>\n<span style=\"mso-spacerun: yes;\">\u00a0<\/span>o tron Polski w latach 1733-1736,<\/span><\/i><span style=\"font-weight: normal;\"> Krak\u00f3w 2014<\/span><\/p>\n<p class=\"MsoTitle\" style=\"margin-left: 27.0pt; text-align: left; text-indent: -18.0pt; line-height: 150%; mso-list: l0 level1 lfo1; tab-stops: list 27.0pt;\" align=\"left\"><span style=\"font-weight: normal;\"><span style=\"mso-list: Ignore;\">28.<span style=\"font: 7.0pt 'Times New Roman';\">\u00a0 <\/span><\/span><\/span>Loska K., <i style=\"mso-bidi-font-style: normal;\"><span style=\"font-weight: normal;\">Mistrzowie kina japo\u0144skiego,<\/span><\/i><span style=\"font-weight: normal;\"> Krak\u00f3w 2015<\/span><\/p>\n<p class=\"MsoTitle\" style=\"margin-left: 27.0pt; text-align: left; text-indent: -18.0pt; line-height: 150%; mso-list: l0 level1 lfo1; tab-stops: list 27.0pt;\" align=\"left\"><span style=\"font-weight: normal;\"><span style=\"mso-list: Ignore;\">29.<span style=\"font: 7.0pt 'Times New Roman';\">\u00a0 <\/span><\/span><\/span>Matul K., <i style=\"mso-bidi-font-style: normal;\"><span style=\"font-weight: normal;\">Jak to by\u0142o mo\u017cliwe? : o powstaniu mi\u0119dzynarodowego biennale plakatu<br \/>\nWarszawie, <\/span><\/i><span style=\"font-weight: normal;\">Krak\u00f3w 2015<\/span><\/p>\n<p class=\"MsoTitle\" style=\"margin-left: 27.0pt; text-align: left; text-indent: -18.0pt; line-height: 150%; mso-list: l0 level1 lfo1; tab-stops: list 27.0pt;\" align=\"left\"><span style=\"font-weight: normal;\"><span style=\"mso-list: Ignore;\">30.<span style=\"font: 7.0pt 'Times New Roman';\">\u00a0 <\/span><\/span><\/span>P\u0119kala T.(red.),<span style=\"font-weight: normal;\"> <i style=\"mso-bidi-font-style: normal;\">Witkacy w kontekstach : Stanis\u0142aw Ignacy Witkiewicz a kryzys metafizyki,<\/i> Lublin 2015<\/span><\/p>\n<p class=\"MsoTitle\" style=\"margin-left: 27.0pt; text-align: left; text-indent: -18.0pt; line-height: 150%; mso-list: l0 level1 lfo1; tab-stops: list 27.0pt;\" align=\"left\"><span style=\"font-weight: normal;\"><span style=\"mso-list: Ignore;\">31.<span style=\"font: 7.0pt 'Times New Roman';\">\u00a0 <\/span><\/span><\/span>Piechocki J., <i style=\"mso-bidi-font-style: normal;\"><span style=\"font-weight: normal;\">Mosty i mostki Gorzowa Wielkopolskiego,<\/span><\/i> <span style=\"font-weight: normal;\">Gorz\u00f3w Wielkopolski 2015<\/span><\/p>\n<p class=\"MsoTitle\" style=\"margin-left: 27.0pt; text-align: left; text-indent: -18.0pt; line-height: 150%; mso-list: l0 level1 lfo1; tab-stops: list 27.0pt;\" align=\"left\"><span style=\"font-weight: normal;\"><span style=\"mso-list: Ignore;\">32.<span style=\"font: 7.0pt 'Times New Roman';\">\u00a0 <\/span><\/span><\/span>Piechocki Z., <i style=\"mso-bidi-font-style: normal;\"><span style=\"font-weight: normal;\">Czerpanie z pustki : poezje wybrane,<\/span><\/i> <span style=\"font-weight: normal;\">Gorz\u00f3w Wielkopolski 2015<\/span><\/p>\n<p class=\"MsoTitle\" style=\"margin-left: 27.0pt; text-align: left; text-indent: -18.0pt; line-height: 150%; mso-list: l0 level1 lfo1; tab-stops: list 27.0pt;\" align=\"left\"><span style=\"font-weight: normal;\"><span style=\"mso-list: Ignore;\">33.<span style=\"font: 7.0pt 'Times New Roman';\">\u00a0 <\/span><\/span><\/span>Pindel T., <i style=\"mso-bidi-font-style: normal;\"><span style=\"font-weight: normal;\">Realizm magiczny : przewodnik (praktyczny), <\/span><\/i><span style=\"font-weight: normal;\">Krak\u00f3w 2014<\/span><\/p>\n<p class=\"MsoTitle\" style=\"margin-left: 27.0pt; text-align: left; text-indent: -18.0pt; line-height: 150%; mso-list: l0 level1 lfo1; tab-stops: list 27.0pt;\" align=\"left\"><span style=\"font-weight: normal;\"><span style=\"mso-list: Ignore;\">34.<span style=\"font: 7.0pt 'Times New Roman';\">\u00a0 <\/span><\/span><\/span>Potulski J., <i style=\"mso-bidi-font-style: normal;\"><span style=\"font-weight: normal;\">Wsp\u00f3\u0142czesne problemy badawcze w politologii,<\/span><\/i><span style=\"font-weight: normal;\"> Gda\u0144sk 2015<\/span><\/p>\n<p class=\"MsoTitle\" style=\"margin-left: 27.0pt; text-align: left; text-indent: -18.0pt; line-height: 150%; mso-list: l0 level1 lfo1; tab-stops: list 27.0pt;\" align=\"left\"><span style=\"font-weight: normal;\"><span style=\"mso-list: Ignore;\">35.<span style=\"font: 7.0pt 'Times New Roman';\">\u00a0 <\/span><\/span><\/span>Przygodzki<span style=\"mso-spacerun: yes;\">\u00a0 <\/span>P., <i style=\"mso-bidi-font-style: normal;\"><span style=\"font-weight: normal;\">Test,<\/span><\/i> <span style=\"font-weight: normal;\">Lublin 2015<\/span><\/p>\n<p class=\"MsoTitle\" style=\"margin-left: 27.0pt; text-align: left; text-indent: -18.0pt; line-height: 150%; mso-list: l0 level1 lfo1; tab-stops: list 27.0pt;\" align=\"left\"><span style=\"font-weight: normal;\"><span style=\"mso-list: Ignore;\">36.<span style=\"font: 7.0pt 'Times New Roman';\">\u00a0 <\/span><\/span><\/span>Ptaszek R.T.(red.), <i style=\"mso-bidi-font-style: normal;\"><span style=\"font-weight: normal;\">&#8222;Wieczno\u015b\u0107, gdzie \u015bmierci nie ma&#8230;&#8221; : dawne oraz wsp\u00f3\u0142czesne eschatologie i wizje \u015bwiat\u00f3w duchowych, <\/span><\/i><span style=\"font-weight: normal;\">Lublin 2015<\/span><\/p>\n<p class=\"MsoTitle\" style=\"margin-left: 27.0pt; text-align: left; text-indent: -18.0pt; line-height: 150%; mso-list: l0 level1 lfo1; tab-stops: list 27.0pt;\" align=\"left\"><span style=\"font-weight: normal;\"><span style=\"mso-list: Ignore;\">37.<span style=\"font: 7.0pt 'Times New Roman';\">\u00a0 <\/span><\/span><\/span>Rewera M. (red.), <i style=\"mso-bidi-font-style: normal;\"><span style=\"font-weight: normal;\">Wok\u00f3\u0142 dopalaczy,<\/span><\/i> <span style=\"font-weight: normal;\">Warszawa 2014<\/span><\/p>\n<p class=\"MsoTitle\" style=\"margin-left: 27.0pt; text-align: left; text-indent: -18.0pt; line-height: 150%; mso-list: l0 level1 lfo1; tab-stops: list 27.0pt;\" align=\"left\"><span style=\"font-weight: normal;\"><span style=\"mso-list: Ignore;\">38.<span style=\"font: 7.0pt 'Times New Roman';\">\u00a0 <\/span><\/span><\/span>Saja K., <i style=\"mso-bidi-font-style: normal;\"><span style=\"font-weight: normal;\">Etyka normatywna : mi\u0119dzy konsekwencjalizmem a deontologi\u0105, <\/span><\/i><span style=\"font-weight: normal;\">Krak\u00f3w 2015<\/span><\/p>\n<p class=\"MsoTitle\" style=\"margin-left: 27.0pt; text-align: left; text-indent: -18.0pt; line-height: 150%; mso-list: l0 level1 lfo1; tab-stops: list 27.0pt;\" align=\"left\"><span style=\"font-weight: normal;\"><span style=\"mso-list: Ignore;\">39.<span style=\"font: 7.0pt 'Times New Roman';\">\u00a0 <\/span><\/span><\/span>Serzysko B. (red.), <i style=\"mso-bidi-font-style: normal;\"><span style=\"font-weight: normal;\">Teoretyczne i praktyczne aspekty zapewnienia jako\u015bci opieki<br \/>\nw podmiotach dzia\u0142alno\u015bci leczniczej, <\/span><\/i><span style=\"font-weight: normal;\">O\u015bwi\u0119cim 2015<\/span><\/p>\n<p class=\"MsoTitle\" style=\"margin-left: 27.0pt; text-align: left; text-indent: -18.0pt; line-height: 150%; mso-list: l0 level1 lfo1; tab-stops: list 27.0pt;\" align=\"left\"><span style=\"font-weight: normal;\"><span style=\"mso-list: Ignore;\">40.<span style=\"font: 7.0pt 'Times New Roman';\">\u00a0 <\/span><\/span><\/span>Sikora S., <i style=\"mso-bidi-font-style: normal;\"><span style=\"font-weight: normal;\">Emulsja,<\/span><\/i> <span style=\"font-weight: normal;\">Warszawa 2015<\/span><\/p>\n<p class=\"MsoTitle\" style=\"margin-left: 27.0pt; text-align: left; text-indent: -18.0pt; line-height: 150%; mso-list: l0 level1 lfo1; tab-stops: list 27.0pt;\" align=\"left\"><span style=\"font-weight: normal;\"><span style=\"mso-list: Ignore;\">41.<span style=\"font: 7.0pt 'Times New Roman';\">\u00a0 <\/span><\/span><\/span>Sikora T., <i style=\"mso-bidi-font-style: normal;\"><span style=\"font-weight: normal;\">Cztery pory roku, <\/span><\/i><span style=\"font-weight: normal;\">Lublin 2014<\/span><\/p>\n<p class=\"MsoTitle\" style=\"margin-left: 27.0pt; text-align: left; text-indent: -18.0pt; line-height: 150%; mso-list: l0 level1 lfo1; tab-stops: list 27.0pt;\" align=\"left\"><span style=\"font-weight: normal;\"><span style=\"mso-list: Ignore;\">42.<span style=\"font: 7.0pt 'Times New Roman';\">\u00a0 <\/span><\/span><\/span>Skrzyniarz R. (red.), <i style=\"mso-bidi-font-style: normal;\"><span style=\"font-weight: normal;\">Badanie biografii : \u017ar\u00f3d\u0142a, metody, konteksty, <\/span><\/i><span style=\"font-weight: normal;\">Lublin 2014<\/span><\/p>\n<p class=\"MsoTitle\" style=\"margin-left: 27.0pt; text-align: left; text-indent: -18.0pt; line-height: 150%; mso-list: l0 level1 lfo1; tab-stops: list 27.0pt;\" align=\"left\"><span style=\"font-weight: normal;\"><span style=\"mso-list: Ignore;\">43.<span style=\"font: 7.0pt 'Times New Roman';\">\u00a0 <\/span><\/span><\/span>Skwara M, <i style=\"mso-bidi-font-style: normal;\"><span style=\"font-weight: normal;\">Polskie serie recepcyjne wierszy Walta Whitmana : monografia wraz z antologi\u0105 przek\u0142ad\u00f3w, <\/span><\/i><span style=\"font-weight: normal;\">Krak\u00f3w 2014<\/span><\/p>\n<p class=\"MsoTitle\" style=\"margin-left: 27.0pt; text-align: left; text-indent: -18.0pt; line-height: 150%; mso-list: l0 level1 lfo1; tab-stops: list 27.0pt;\" align=\"left\"><span style=\"font-weight: normal;\"><span style=\"mso-list: Ignore;\">44.<span style=\"font: 7.0pt 'Times New Roman';\">\u00a0 <\/span><\/span><\/span>Sulej D., <i style=\"mso-bidi-font-style: normal;\"><span style=\"font-weight: normal;\">&#8222;Kosmos&#8221; jako gabinet luster : psychomachia Witolda Gombrowicza, <\/span><\/i><span style=\"font-weight: normal;\">Krak\u00f3w 2015<\/span><\/p>\n<p class=\"MsoTitle\" style=\"margin-left: 27.0pt; text-align: left; text-indent: -18.0pt; line-height: 150%; mso-list: l0 level1 lfo1; tab-stops: list 27.0pt;\" align=\"left\"><span style=\"font-weight: normal;\"><span style=\"mso-list: Ignore;\">45.<span style=\"font: 7.0pt 'Times New Roman';\">\u00a0 <\/span><\/span><\/span>Szcz\u0119sna E., <i style=\"mso-bidi-font-style: normal;\"><span style=\"font-weight: normal;\">Przekaz digitalny : z zagadnie\u0144 semiotyki, semantyki i komunikacji cyfrowej, <\/span><\/i><span style=\"font-weight: normal;\">Krak\u00f3w 2015<\/span><\/p>\n<p class=\"MsoTitle\" style=\"margin-left: 27.0pt; text-align: left; text-indent: -18.0pt; line-height: 150%; mso-list: l0 level1 lfo1; tab-stops: list 27.0pt;\" align=\"left\"><span style=\"font-weight: normal;\"><span style=\"mso-list: Ignore;\">46.<span style=\"font: 7.0pt 'Times New Roman';\">\u00a0 <\/span><\/span><\/span>Szczur W. Badula A., <i style=\"mso-bidi-font-style: normal;\"><span style=\"font-weight: normal;\">Krzy\u017ce i kapliczki przydro\u017cne w parafii Gaw\u0142uszowice,<\/span><\/i><span style=\"font-weight: normal;\"> Gaw\u0142uszowice 2014<\/span><\/p>\n<p class=\"MsoTitle\" style=\"margin-left: 27.0pt; text-align: left; text-indent: -18.0pt; line-height: 150%; mso-list: l0 level1 lfo1; tab-stops: list 27.0pt;\" align=\"left\"><span style=\"font-weight: normal;\"><span style=\"mso-list: Ignore;\">47.<span style=\"font: 7.0pt 'Times New Roman';\">\u00a0 <\/span><\/span><\/span>Wr\u00f3bel Sz., <i style=\"mso-bidi-font-style: normal;\"><span style=\"font-weight: normal;\">Lektury retroaktywne : rodowody wsp\u00f3\u0142czesnej my\u015bli filozoficznej, <\/span><\/i><span style=\"font-weight: normal;\">Krak\u00f3w 2014<\/span><\/p>\n<p class=\"MsoTitle\" style=\"margin-left: 27.0pt; text-align: left; text-indent: -18.0pt; line-height: 150%; mso-list: l0 level1 lfo1; tab-stops: list 27.0pt;\" align=\"left\"><span style=\"font-weight: normal;\"><span style=\"mso-list: Ignore;\">48.<span style=\"font: 7.0pt 'Times New Roman';\">\u00a0 <\/span><\/span><\/span>Zaj\u0105c P., <i style=\"mso-bidi-font-style: normal;\"><span style=\"font-weight: normal;\">Niepodleg\u0142o\u015b\u0107 Kosowa z perspektywy spo\u0142ecznej teorii stosunk\u00f3w mi\u0119dzynarodowych, <\/span><\/i><span style=\"font-weight: normal;\">Lublin 2015<\/span><\/p>\n<p class=\"MsoTitle\" style=\"margin-left: 27.0pt; text-align: left; text-indent: -18.0pt; line-height: 150%; mso-list: l0 level1 lfo1; tab-stops: list 27.0pt;\" align=\"left\"><span style=\"font-weight: normal;\"><span style=\"mso-list: Ignore;\">49.<span style=\"font: 7.0pt 'Times New Roman';\">\u00a0 <\/span><\/span><\/span>Zimnak M<i style=\"mso-bidi-font-style: normal;\"><span style=\"font-weight: normal;\">. Promocja edukacji akademickiej w Polsce po roku 2000, Krak\u00f3w 2015 <\/span><\/i><\/p>\n<p>&nbsp;<\/p>\n","protected":false},"excerpt":{"rendered":"","protected":false},"author":11,"featured_media":0,"comment_status":"closed","ping_status":"open","sticky":false,"template":"","format":"standard","meta":{"_tec_requires_first_save":true,"_crdt_document":"","pgc_sgb_lightbox_settings":"","_EventAllDay":false,"_EventTimezone":"","_EventStartDate":"","_EventEndDate":"","_EventStartDateUTC":"","_EventEndDateUTC":"","_EventShowMap":false,"_EventShowMapLink":false,"_EventURL":"","_EventCost":"","_EventCostDescription":"","_EventCurrencySymbol":"","_EventCurrencyCode":"","_EventCurrencyPosition":"","_EventDateTimeSeparator":"","_EventTimeRangeSeparator":"","_EventOrganizerID":[],"_EventVenueID":[],"_OrganizerEmail":"","_OrganizerPhone":"","_OrganizerWebsite":"","_VenueAddress":"","_VenueCity":"","_VenueCountry":"","_VenueProvince":"","_VenueState":"","_VenueZip":"","_VenuePhone":"","_VenueURL":"","_VenueStateProvince":"","_VenueLat":"","_VenueLng":"","_VenueShowMap":false,"_VenueShowMapLink":false,"_tribe_blocks_recurrence_rules":"","_tribe_blocks_recurrence_description":"","_tribe_blocks_recurrence_exclusions":"","footnotes":""},"categories":[509,57],"tags":[],"class_list":["post-8635","post","type-post","status-publish","format-standard","hentry","category-nowe-nabytki","category-nowe-nabytki-do-ksigozbioru-naukowego"],"publishpress_future_action":{"enabled":false,"date":"2026-05-10 11:45:47","action":"change-status","newStatus":"draft","terms":[],"taxonomy":"category","extraData":[]},"publishpress_future_workflow_manual_trigger":{"enabledWorkflows":[]},"_links":{"self":[{"href":"https:\/\/wbp.lublin.pl\/index.php\/wp-json\/wp\/v2\/posts\/8635","targetHints":{"allow":["GET"]}}],"collection":[{"href":"https:\/\/wbp.lublin.pl\/index.php\/wp-json\/wp\/v2\/posts"}],"about":[{"href":"https:\/\/wbp.lublin.pl\/index.php\/wp-json\/wp\/v2\/types\/post"}],"author":[{"embeddable":true,"href":"https:\/\/wbp.lublin.pl\/index.php\/wp-json\/wp\/v2\/users\/11"}],"replies":[{"embeddable":true,"href":"https:\/\/wbp.lublin.pl\/index.php\/wp-json\/wp\/v2\/comments?post=8635"}],"version-history":[{"count":3,"href":"https:\/\/wbp.lublin.pl\/index.php\/wp-json\/wp\/v2\/posts\/8635\/revisions"}],"predecessor-version":[{"id":13608,"href":"https:\/\/wbp.lublin.pl\/index.php\/wp-json\/wp\/v2\/posts\/8635\/revisions\/13608"}],"wp:attachment":[{"href":"https:\/\/wbp.lublin.pl\/index.php\/wp-json\/wp\/v2\/media?parent=8635"}],"wp:term":[{"taxonomy":"category","embeddable":true,"href":"https:\/\/wbp.lublin.pl\/index.php\/wp-json\/wp\/v2\/categories?post=8635"},{"taxonomy":"post_tag","embeddable":true,"href":"https:\/\/wbp.lublin.pl\/index.php\/wp-json\/wp\/v2\/tags?post=8635"}],"curies":[{"name":"wp","href":"https:\/\/api.w.org\/{rel}","templated":true}]}}