{"id":8683,"date":"2016-02-03T07:37:06","date_gmt":"2016-02-03T06:37:06","guid":{"rendered":"https:\/\/wbp.lublin.pl8\/index.php\/2016\/02\/03\/najlepsze-recenzje-grudnia\/"},"modified":"2018-06-24T14:44:50","modified_gmt":"2018-06-24T12:44:50","slug":"najlepsze-recenzje-grudnia","status":"publish","type":"post","link":"https:\/\/wbp.lublin.pl\/index.php\/2016\/02\/03\/najlepsze-recenzje-grudnia\/","title":{"rendered":"Najlepsza recenzja grudnia"},"content":{"rendered":"<p style=\"text-align: center;\"><strong><span style=\"color: rgb(255, 0, 255);\">Na<\/span><\/strong><span style=\"color: rgb(255, 0, 255);\"><strong>grod\u0119 za najlepszy tekst dzieci\u0119cy<\/strong><\/span><\/p>\n<p style=\"text-align: center;\">otrzymuje jedenastoletnia <span style=\"color: rgb(255, 0, 255);\"><strong>Julia Juryczyn<\/strong><\/span><strong> <\/strong><span style=\"color: rgb(255, 0, 255);\"><strong>z DKK w Biszczy<\/strong><\/span>,<\/p>\n<p style=\"text-align: center;\">za recenzj\u0119 <strong><em>Zezi i Gilera<\/em><\/strong> autorstwa Agnieszki Chyli\u0144skiej.<\/p>\n<p style=\"text-align: center;\"><span style=\"font-family: Verdana;\"><span style=\"font-size: 12px;\"> <\/span><\/span><span style=\"color: rgb(255, 0, 255);\"><b style=\"mso-bidi-font-weight:normal\">Gratulujemy naszej Klubowiczce Julii Juryczyn!<\/b><\/span><\/p>\n<p style=\"text-align: justify;\"><span style=\"font-family: Verdana;\"><span style=\"font-family: Verdana;\"><span style=\"font-size: 12px;\">Nagrod\u0119  ufundowa\u0142y wydawnictwa: <\/span><\/span><\/span><span style=\"font-family: Verdana;\"><span style=\"font-family: Verdana;\"><span style=\"font-size: 12px;\">Karakter, Czarne, Nasza Ksi\u0119garnia, Ezop, Zakamarki, Wydwnictwa Literackiego i W. A. B.<\/span><\/span><\/span><\/p>\n","protected":false},"excerpt":{"rendered":"<p>Nagrod\u0119 za najlepszy tekst dzieci\u0119cy otrzymuje jedenastoletnia Julia Juryczyn z DKK w Biszczy, za recenzj\u0119 Zezi i Gilera autorstwa Agnieszki Chyli\u0144skiej. Gratulujemy naszej Klubowiczce Julii Juryczyn! Nagrod\u0119 ufundowa\u0142y wydawnictwa: Karakter, [&hellip;]<\/p>\n","protected":false},"author":9,"featured_media":0,"comment_status":"open","ping_status":"open","sticky":false,"template":"","format":"standard","meta":{"_tec_requires_first_save":true,"_crdt_document":"","pgc_sgb_lightbox_settings":"","_EventAllDay":false,"_EventTimezone":"","_EventStartDate":"","_EventEndDate":"","_EventStartDateUTC":"","_EventEndDateUTC":"","_EventShowMap":false,"_EventShowMapLink":false,"_EventURL":"","_EventCost":"","_EventCostDescription":"","_EventCurrencySymbol":"","_EventCurrencyCode":"","_EventCurrencyPosition":"","_EventDateTimeSeparator":"","_EventTimeRangeSeparator":"","_EventOrganizerID":[],"_EventVenueID":[],"_OrganizerEmail":"","_OrganizerPhone":"","_OrganizerWebsite":"","_VenueAddress":"","_VenueCity":"","_VenueCountry":"","_VenueProvince":"","_VenueState":"","_VenueZip":"","_VenuePhone":"","_VenueURL":"","_VenueStateProvince":"","_VenueLat":"","_VenueLng":"","_VenueShowMap":false,"_VenueShowMapLink":false,"_tribe_blocks_recurrence_rules":"","_tribe_blocks_recurrence_description":"","_tribe_blocks_recurrence_exclusions":"","footnotes":""},"categories":[105],"tags":[],"class_list":["post-8683","post","type-post","status-publish","format-standard","hentry","category-aktualnosci-dkk"],"publishpress_future_action":{"enabled":false,"date":"2026-05-06 13:32:19","action":"change-status","newStatus":"draft","terms":[],"taxonomy":"category","extraData":[]},"publishpress_future_workflow_manual_trigger":{"enabledWorkflows":[]},"_links":{"self":[{"href":"https:\/\/wbp.lublin.pl\/index.php\/wp-json\/wp\/v2\/posts\/8683","targetHints":{"allow":["GET"]}}],"collection":[{"href":"https:\/\/wbp.lublin.pl\/index.php\/wp-json\/wp\/v2\/posts"}],"about":[{"href":"https:\/\/wbp.lublin.pl\/index.php\/wp-json\/wp\/v2\/types\/post"}],"author":[{"embeddable":true,"href":"https:\/\/wbp.lublin.pl\/index.php\/wp-json\/wp\/v2\/users\/9"}],"replies":[{"embeddable":true,"href":"https:\/\/wbp.lublin.pl\/index.php\/wp-json\/wp\/v2\/comments?post=8683"}],"version-history":[{"count":1,"href":"https:\/\/wbp.lublin.pl\/index.php\/wp-json\/wp\/v2\/posts\/8683\/revisions"}],"predecessor-version":[{"id":9475,"href":"https:\/\/wbp.lublin.pl\/index.php\/wp-json\/wp\/v2\/posts\/8683\/revisions\/9475"}],"wp:attachment":[{"href":"https:\/\/wbp.lublin.pl\/index.php\/wp-json\/wp\/v2\/media?parent=8683"}],"wp:term":[{"taxonomy":"category","embeddable":true,"href":"https:\/\/wbp.lublin.pl\/index.php\/wp-json\/wp\/v2\/categories?post=8683"},{"taxonomy":"post_tag","embeddable":true,"href":"https:\/\/wbp.lublin.pl\/index.php\/wp-json\/wp\/v2\/tags?post=8683"}],"curies":[{"name":"wp","href":"https:\/\/api.w.org\/{rel}","templated":true}]}}