{"id":8718,"date":"2016-03-15T08:51:15","date_gmt":"2016-03-15T07:51:15","guid":{"rendered":"https:\/\/wbp.lublin.pl8\/index.php\/2016\/03\/15\/nabytki-do-ksigozbioru-naukowego-w-lutym-2016-r\/"},"modified":"2018-10-31T11:45:16","modified_gmt":"2018-10-31T10:45:16","slug":"nabytki-do-ksigozbioru-naukowego-w-lutym-2016-r","status":"publish","type":"post","link":"https:\/\/wbp.lublin.pl\/index.php\/2016\/03\/15\/nabytki-do-ksigozbioru-naukowego-w-lutym-2016-r\/","title":{"rendered":"Nabytki do Ksi\u0119gozbioru Naukowego w lutym 2016 r."},"content":{"rendered":"<p style=\"text-align: center;\"><!--more-->(wyb\u00f3r)<\/p>\n<p style=\"text-align: left;\"><!-- [if gte mso 9]><xml> <w:WordDocument> <w:View>Normal<\/w:View> <w:Zoom>0<\/w:Zoom> <w:HyphenationZone>21<\/w:HyphenationZone> <w:PunctuationKerning \/> <w:ValidateAgainstSchemas \/> <w:SaveIfXMLInvalid>false<\/w:SaveIfXMLInvalid> <w:IgnoreMixedContent>false<\/w:IgnoreMixedContent> <w:AlwaysShowPlaceholderText>false<\/w:AlwaysShowPlaceholderText> <w:Compatibility> <w:BreakWrappedTables \/> <w:SnapToGridInCell \/> <w:WrapTextWithPunct \/> <w:UseAsianBreakRules \/> <w:DontGrowAutofit \/> <\/w:Compatibility> <w:BrowserLevel>MicrosoftInternetExplorer4<\/w:BrowserLevel> <\/w:WordDocument> <\/xml><![endif]--><\/p>\n<p style=\"text-align: left;\"><!-- [if gte mso 9]><xml> <w:LatentStyles DefLockedState=\"false\" LatentStyleCount=\"156\"> <\/w:LatentStyles> <\/xml><![endif]--><!-- [if gte mso 10]><\/p>\n\n\n\n\n\n<style> \/* Style Definitions *\/ table.MsoNormalTable {mso-style-name:Standardowy; mso-tstyle-rowband-size:0; mso-tstyle-colband-size:0; mso-style-noshow:yes; mso-style-parent:\"\"; mso-padding-alt:0cm 5.4pt 0cm 5.4pt; mso-para-margin:0cm; mso-para-margin-bottom:.0001pt; mso-pagination:widow-orphan; font-size:10.0pt; font-family:\"Times New Roman\"; mso-ansi-language:#0400; mso-fareast-language:#0400; mso-bidi-language:#0400;} <\/style>\n\n <![endif]--><\/p>\n<p>&nbsp;<\/p>\n<p><!-- [if gte mso 9]><xml> <w:WordDocument> <w:View>Normal<\/w:View> <w:Zoom>0<\/w:Zoom> <w:HyphenationZone>21<\/w:HyphenationZone> <w:PunctuationKerning \/> <w:ValidateAgainstSchemas \/> <w:SaveIfXMLInvalid>false<\/w:SaveIfXMLInvalid> <w:IgnoreMixedContent>false<\/w:IgnoreMixedContent> <w:AlwaysShowPlaceholderText>false<\/w:AlwaysShowPlaceholderText> <w:Compatibility> <w:BreakWrappedTables \/> <w:SnapToGridInCell \/> <w:WrapTextWithPunct \/> <w:UseAsianBreakRules \/> <w:DontGrowAutofit \/> <\/w:Compatibility> <w:BrowserLevel>MicrosoftInternetExplorer4<\/w:BrowserLevel> <\/w:WordDocument> <\/xml><![endif]--><\/p>\n<p><!-- [if gte mso 9]><xml> <w:LatentStyles DefLockedState=\"false\" LatentStyleCount=\"156\"> <\/w:LatentStyles> <\/xml><![endif]--><!-- [if gte mso 10]>\n\n\n\n<style> \/* Style Definitions *\/ table.MsoNormalTable {mso-style-name:Standardowy; mso-tstyle-rowband-size:0; mso-tstyle-colband-size:0; mso-style-noshow:yes; mso-style-parent:\"\"; mso-padding-alt:0cm 5.4pt 0cm 5.4pt; mso-para-margin:0cm; mso-para-margin-bottom:.0001pt; mso-pagination:widow-orphan; font-size:10.0pt; font-family:\"Times New Roman\"; mso-ansi-language:#0400; mso-fareast-language:#0400; mso-bidi-language:#0400;} <\/style>\n\n <![endif]--><\/p>\n<ol style=\"margin-top: 0cm;\" start=\"1\" type=\"1\">\n<li class=\"MsoNormal\" style=\"mso-list: l0 level1 lfo1; tab-stops: list 36.0pt right 16.0cm;\"><b style=\"mso-bidi-font-weight: normal;\">Baran J.<\/b> <i style=\"mso-bidi-font-style: normal;\">Szcz\u0119\u015bcie w czapce niewidce i 99 nowych wierszy,<\/i> Pozna\u0144 2015<\/li>\n<li class=\"MsoNormal\" style=\"mso-list: l0 level1 lfo1; tab-stops: list 36.0pt right 16.0cm;\"><b style=\"mso-bidi-font-weight: normal;\">Bohosiewicz A.<\/b><span style=\"mso-spacerun: yes;\">\u00a0 <\/span><i style=\"mso-bidi-font-style: normal;\">Ormia\u0144ska rodzina Bohosiewicz\u00f3w,<\/i> Krak\u00f3w 2015<\/li>\n<li class=\"MsoNormal\" style=\"mso-list: l0 level1 lfo1; tab-stops: list 36.0pt right 16.0cm;\"><b style=\"mso-bidi-font-weight: normal;\">Cabr\u00e9 J<\/b>. <i style=\"mso-bidi-font-style: normal;\">Ja\u015bnie pan,<\/i> Warszawa 2015<\/li>\n<li class=\"MsoNormal\" style=\"mso-list: l0 level1 lfo1; tab-stops: list 36.0pt right 16.0cm;\"><b style=\"mso-bidi-font-weight: normal;\">Chivers C.J.<\/b> <i style=\"mso-bidi-font-style: normal;\">Ka\u0142asznikow,<\/i> Krak\u00f3w 2015<\/li>\n<li class=\"MsoNormal\" style=\"mso-list: l0 level1 lfo1; tab-stops: list 36.0pt right 16.0cm;\"><b style=\"mso-bidi-font-weight: normal;\">Chrostowski W.<\/b> <i style=\"mso-bidi-font-style: normal;\">Mi\u0119dzy Synagog\u0105 a Ko\u015bcio\u0142em : dzieje \u015bw. Paw\u0142a ,<\/i> Krak\u00f3w 2015<\/li>\n<li class=\"MsoNormal\" style=\"mso-list: l0 level1 lfo1; tab-stops: list 36.0pt right 16.0cm;\"><b style=\"mso-bidi-font-weight: normal;\">Czy\u017cewski F.<\/b> (red.) <i style=\"mso-bidi-font-style: normal;\">Gdzie bije \u017ar\u00f3d\u0142o&#8230; : pie\u015bni ludowe pogranicza Polski i Bia\u0142orusi, <\/i>Lublin 2015<\/li>\n<li class=\"MsoNormal\" style=\"mso-list: l0 level1 lfo1; tab-stops: list 36.0pt right 16.0cm;\"><b style=\"mso-bidi-font-weight: normal;\">D\u0142u\u017cewska M. <\/b><i style=\"mso-bidi-font-style: normal;\">Dama : opowie\u015b\u0107 biograficzna o Marii Kaczy\u0144skiej,<\/i> Warszawa 2015<\/li>\n<li class=\"MsoNormal\" style=\"mso-list: l0 level1 lfo1; tab-stops: list 36.0pt right 16.0cm;\"><b style=\"mso-bidi-font-weight: normal;\">Dobak P.<\/b> <i style=\"mso-bidi-font-style: normal;\">Wspina\u0107 si\u0119,<\/i> Lublin 2015<\/li>\n<li class=\"MsoNormal\" style=\"mso-list: l0 level1 lfo1; tab-stops: list 36.0pt right 16.0cm;\"><b style=\"mso-bidi-font-weight: normal;\">Duda-Gwiazda J.<\/b> <i style=\"mso-bidi-font-style: normal;\">Historia przyzna\u0142a nam racj\u0119 ,<\/i> Warszawa 2015<\/li>\n<li class=\"MsoNormal\" style=\"mso-list: l0 level1 lfo1; tab-stops: list 36.0pt right 16.0cm;\"><b style=\"mso-bidi-font-weight: normal;\">Flak B. A. <\/b><span style=\"mso-spacerun: yes;\">\u00a0<\/span><i style=\"mso-bidi-font-style: normal;\">Niby nic,<\/i> Warszawa 2015<\/li>\n<li class=\"MsoNormal\" style=\"mso-list: l0 level1 lfo1; tab-stops: list 36.0pt right 16.0cm;\"><b style=\"mso-bidi-font-weight: normal;\">Fruwirth C.<\/b> <i style=\"mso-bidi-font-style: normal;\">Chmiel : jego uprawa i u\u017cycie,<\/i> Szczecin 2015<\/li>\n<li class=\"MsoNormal\" style=\"mso-list: l0 level1 lfo1; tab-stops: list 36.0pt right 16.0cm;\"><b style=\"mso-bidi-font-weight: normal;\">Gau\u00df K.M.<\/b> <i style=\"mso-bidi-font-style: normal;\">Umieraj\u0105cy Europejczycy : podr\u00f3\u017ce do sefardyjskich \u017byd\u00f3w z Sarajewa, Niemc\u00f3w z Gottschee, Arboresz\u00f3w, \u0141u\u017cyczan i Aromun\u00f3w,<\/i> Wo\u0142owiec 2015<\/li>\n<li class=\"MsoNormal\" style=\"mso-list: l0 level1 lfo1; tab-stops: list 36.0pt right 16.0cm;\"><b style=\"mso-bidi-font-weight: normal;\">Grosjean, P.H.<\/b> <i style=\"mso-bidi-font-style: normal;\">Kocha\u0107 w prawdzie,<\/i> Lublin 2015<\/li>\n<li class=\"MsoNormal\" style=\"mso-list: l0 level1 lfo1; tab-stops: list 36.0pt right 16.0cm;\"><b style=\"mso-bidi-font-weight: normal;\">Gwynne S. C.<\/b><span style=\"mso-spacerun: yes;\">\u00a0 <\/span><i style=\"mso-bidi-font-style: normal;\">Imperium ksi\u0119\u017cyca w pe\u0142ni : wzlot i upadek Komancz\u00f3w,<\/i> Wo\u0142owiec 2015<\/li>\n<li class=\"MsoNormal\" style=\"mso-list: l0 level1 lfo1; tab-stops: list 36.0pt;\"><b style=\"mso-bidi-font-weight: normal;\">Iwaszkiewicz J.<\/b> <i style=\"mso-bidi-font-style: normal;\">Piegi na katar : salony Jerzego Iwaszkiewicza,<\/i> Warszawa 2015<\/li>\n<li class=\"MsoNormal\" style=\"mso-list: l0 level1 lfo1; tab-stops: list 36.0pt right 16.0cm;\"><b style=\"mso-bidi-font-weight: normal;\"><span lang=\"EN-US\" style=\"mso-ansi-language: EN-US;\">James H.<\/span><\/b><span lang=\"EN-US\" style=\"mso-ansi-language: EN-US;\"> <i style=\"mso-bidi-font-style: normal;\">Roderick Hudson,<\/i> Warszawa 2015<\/span><\/li>\n<li class=\"MsoNormal\" style=\"mso-list: l0 level1 lfo1; tab-stops: list 36.0pt right 16.0cm;\"><b style=\"mso-bidi-font-weight: normal;\">Jankowska M.<\/b> <i style=\"mso-bidi-font-style: normal;\">Gabion,<\/i> Lublin 2015<\/li>\n<li class=\"MsoNormal\" style=\"mso-list: l0 level1 lfo1; tab-stops: list 36.0pt right 16.0cm;\"><b style=\"mso-bidi-font-weight: normal;\">Kami\u0144ska A.<\/b> <i style=\"mso-bidi-font-style: normal;\">Simona<\/i> <i style=\"mso-bidi-font-style: normal;\">: opowie\u015b\u0107 o niezwyczajnym \u017cyciu Simony Kossa,<\/i> Krak\u00f3w 2015<\/li>\n<li class=\"MsoNormal\" style=\"mso-list: l0 level1 lfo1; tab-stops: list 36.0pt right 16.0cm;\"><b style=\"mso-bidi-font-weight: normal;\">Kami\u0144ski S. <\/b><i style=\"mso-bidi-font-style: normal;\">Ch\u0142op polski i jego gaw\u0119dy w dos\u0142own\u00e9m orzeczu ludu naszego nad Sanem,<\/i> Szczecin 2015<\/li>\n<li class=\"MsoNormal\" style=\"mso-list: l0 level1 lfo1; tab-stops: list 36.0pt right 16.0cm;\"><b style=\"mso-bidi-font-weight: normal;\">Karasholi A. <\/b><i style=\"mso-bidi-font-style: normal;\">Gdyby nie by\u0142o Damaszku,<\/i> Lublin<span style=\"mso-spacerun: yes;\">\u00a0 <\/span>2015<\/li>\n<li class=\"MsoNormal\" style=\"mso-list: l0 level1 lfo1; tab-stops: list 36.0pt right 16.0cm;\"><b style=\"mso-bidi-font-weight: normal;\">Korpysz A. <\/b>(red.) <i style=\"mso-bidi-font-style: normal;\">J\u0119zyk pisarzy : problemy metaj\u0119zyka i metatekstu,<\/i> Warszawa 2015<\/li>\n<li class=\"MsoNormal\" style=\"mso-list: l0 level1 lfo1; tab-stops: list 36.0pt right 16.0cm;\"><b style=\"mso-bidi-font-weight: normal;\">Koz\u0142owski T. K.<\/b> <i style=\"mso-bidi-font-style: normal;\">Wielka wojna na Wschodzie 1914-1918 : od Ba\u0142tyku po Karpaty,<\/i> Warszawa 2015<\/li>\n<li class=\"MsoNormal\" style=\"mso-list: l0 level1 lfo1; tab-stops: list 36.0pt right 16.0cm;\"><b style=\"mso-bidi-font-weight: normal;\">Krzymowski M.<\/b> <i style=\"mso-bidi-font-style: normal;\">Jaros\u0142aw : tajemnice Kaczy\u0144skiego,<\/i> Warszawa 2015<\/li>\n<li class=\"MsoNormal\" style=\"mso-list: l0 level1 lfo1; tab-stops: list 36.0pt right 16.0cm;\"><b style=\"mso-bidi-font-weight: normal;\">Le Guin Ursula K. <\/b><i style=\"mso-bidi-font-style: normal;\">Sze\u015b\u0107 \u015bwiat\u00f3w Hain,<\/i> Warszawa 2015<\/li>\n<li class=\"MsoNormal\" style=\"mso-list: l0 level1 lfo1; tab-stops: list 36.0pt right 16.0cm;\"><b style=\"mso-bidi-font-weight: normal;\">Lee H.<\/b> <i style=\"mso-bidi-font-style: normal;\">Id\u017a, postaw wartownika,<\/i> Pozna\u0144 2015<\/li>\n<li class=\"MsoNormal\" style=\"mso-list: l0 level1 lfo1; tab-stops: list 36.0pt right 16.0cm;\"><b style=\"mso-bidi-font-weight: normal;\">\u0141azowska B<i style=\"mso-bidi-font-style: normal;\">.<span style=\"mso-spacerun: yes;\">\u00a0 <\/span><\/i><\/b><i style=\"mso-bidi-font-style: normal;\">Dzia\u0142alno\u015b\u0107 badawcza G\u0142\u00f3wnego Urz\u0119du Statystycznego w okresie II Rzeczypospolitej<\/i> , Warszawa 2015<\/li>\n<li class=\"MsoNormal\" style=\"mso-list: l0 level1 lfo1; tab-stops: list 36.0pt right 16.0cm;\"><b style=\"mso-bidi-font-weight: normal;\">Milewski P.<\/b> <i style=\"mso-bidi-font-style: normal;\">Dzienniki japo\u0144skie : zapiski z roku Kr\u00f3lika i roku Konia,<\/i> Krak\u00f3w 2015<\/li>\n<li class=\"MsoNormal\" style=\"mso-list: l0 level1 lfo1; tab-stops: list 36.0pt right 16.0cm;\"><b style=\"mso-bidi-font-weight: normal;\">Naipaul V. S.<\/b> <i style=\"mso-bidi-font-style: normal;\">Maska Afryki : ods\u0142ony afryka\u0144skiej religijno\u015bci, <\/i>Wo\u0142owiec 2015<\/li>\n<li class=\"MsoNormal\" style=\"mso-list: l0 level1 lfo1; tab-stops: list 36.0pt;\"><b style=\"mso-bidi-font-weight: normal;\">Or\u0142o\u015b K.<\/b> <i style=\"mso-bidi-font-style: normal;\">Dzieje dw\u00f3ch rodzin, Mackiewicz\u00f3w z Litwy i Or\u0142osi\u00f3w z Ukrainy, <\/i>Krak\u00f3w 2015<\/li>\n<li class=\"MsoNormal\" style=\"mso-list: l0 level1 lfo1; tab-stops: list 36.0pt right 16.0cm;\"><b style=\"mso-bidi-font-weight: normal;\">Pawlu\u015bkiewicz J. K. <\/b><span style=\"mso-spacerun: yes;\">\u00a0<\/span><i style=\"mso-bidi-font-style: normal;\">Jan Kanty osobny (Jan Kanty Pawlu\u015bkiewicz w rozmowie z Wac\u0142awem Krupi\u0144skim),<\/i> Krak\u00f3w 2015<\/li>\n<li class=\"MsoNormal\" style=\"mso-list: l0 level1 lfo1; tab-stops: list 36.0pt right 16.0cm;\"><b style=\"mso-bidi-font-weight: normal;\">Pazia B. <\/b>(red.) <i style=\"mso-bidi-font-style: normal;\">Prawda historyczna a prawda polityczna w badaniach naukowych : ludob\u00f3jstwo na kresach po\u0142udniowo-wschodniej Polski w latach 1939-1946,<\/i> Krak\u00f3w 2015<\/li>\n<li class=\"MsoNormal\" style=\"mso-list: l0 level1 lfo1; tab-stops: list 36.0pt right 16.0cm;\"><b style=\"mso-bidi-font-weight: normal;\">Piotrowski R.<\/b> <i style=\"mso-bidi-font-style: normal;\">Rozkaz: trzaska\u0107! : zapomniane akcje polskiego podziemia,<\/i> Warszawa 2015.<\/li>\n<li class=\"MsoNormal\" style=\"mso-list: l0 level1 lfo1; tab-stops: list 36.0pt right 16.0cm;\"><b style=\"mso-bidi-font-weight: normal;\">Ploh\u00ecj S. M.<\/b> <i style=\"mso-bidi-font-style: normal;\">Ostatnie imperium : historia upadku Zwi\u0105zku Sowieckiego<\/i>, Krak\u00f3w 2015<\/li>\n<li class=\"MsoNormal\" style=\"mso-list: l0 level1 lfo1; tab-stops: list 36.0pt right 16.0cm;\"><b style=\"mso-bidi-font-weight: normal;\">Pos\u0142uszna J.<\/b> (red.) <i style=\"mso-bidi-font-style: normal;\">Mistrz &#8211; mentor &#8211; wychowawca : z problematyki tw\u00f3rczego wychowania i edukacji,<\/i> Krak\u00f3w 2015<\/li>\n<li class=\"MsoNormal\" style=\"mso-list: l0 level1 lfo1; tab-stops: list 36.0pt right 16.0cm;\"><b style=\"mso-bidi-font-weight: normal;\">Rajski K.<\/b> <i style=\"mso-bidi-font-style: normal;\">Wilcz\u0119ta : rozmowy z dzie\u0107mi \u017bo\u0142nierzy Wykl\u0119tych,<\/i> Lublin 2015<\/li>\n<li class=\"MsoNormal\" style=\"mso-list: l0 level1 lfo1; tab-stops: list 36.0pt right 16.0cm;\"><b style=\"mso-bidi-font-weight: normal;\">Sabela B.<\/b> <i style=\"mso-bidi-font-style: normal;\">Wszystkie ziarna piasku,<\/i> Wo\u0142owiec 2015<\/li>\n<li class=\"MsoNormal\" style=\"mso-list: l0 level1 lfo1; tab-stops: list 36.0pt right 16.0cm;\"><b style=\"mso-bidi-font-weight: normal;\">Schrad M. L.<\/b> <i style=\"mso-bidi-font-style: normal;\">Imperium w\u00f3dki : alkohol, w\u0142adza i polityka w Rosji carskiej ,<\/i> Krak\u00f3w 2015<\/li>\n<li class=\"MsoNormal\" style=\"mso-list: l0 level1 lfo1; tab-stops: list 36.0pt right 16.0cm;\"><b style=\"mso-bidi-font-weight: normal;\">Sieroszewski A.<\/b> <i style=\"mso-bidi-font-style: normal;\">Wac\u0142awa Sieroszewskiego \u017cywot niespokojny,<\/i> Warszawa2015<\/li>\n<li class=\"MsoNormal\" style=\"mso-list: l0 level1 lfo1; tab-stops: list 36.0pt right 16.0cm;\"><b style=\"mso-bidi-font-weight: normal;\">Smith Z.<\/b> <i style=\"mso-bidi-font-style: normal;\">Lost and found : opowiadania ,<\/i> Krak\u00f3w 2015<\/li>\n<li class=\"MsoNormal\" style=\"mso-list: l0 level1 lfo1; tab-stops: list 36.0pt right 16.0cm;\"><b style=\"mso-bidi-font-weight: normal;\">Suvorov V.<\/b> <i style=\"mso-bidi-font-style: normal;\">Matka diab\u0142a : kulisy rz\u0105d\u00f3w Chruszczowa ,<\/i> Pozna\u0144 2015<\/li>\n<li class=\"MsoNormal\" style=\"mso-list: l0 level1 lfo1; tab-stops: list 36.0pt right 16.0cm;\"><b style=\"mso-bidi-font-weight: normal;\">Szczygie\u0142 M.<\/b> (red.) <i style=\"mso-bidi-font-style: normal;\">Antologia polskiego reporta\u017cu XX wieku t.3,<\/i> Wo\u0142owiec 2015<\/li>\n<li class=\"MsoNormal\" style=\"mso-list: l0 level1 lfo1; tab-stops: list 36.0pt right 16.0cm;\"><b style=\"mso-bidi-font-weight: normal;\">Tegmark M.<\/b> <i style=\"mso-bidi-font-style: normal;\">Nasz matematyczny Wszech\u015bwiat : w poszukiwaniu prawdziwej natury rzeczywisto\u015bci,<\/i> Warszawa 2015<\/li>\n<li class=\"MsoNormal\" style=\"mso-list: l0 level1 lfo1; tab-stops: list 36.0pt right 16.0cm;\"><b style=\"mso-bidi-font-weight: normal;\">Terlikowski T.<\/b> <i style=\"mso-bidi-font-style: normal;\">Herezja kardyna\u0142\u00f3w,<\/i> Krak\u00f3w 2015<\/li>\n<li class=\"MsoNormal\" style=\"mso-list: l0 level1 lfo1; tab-stops: list 36.0pt right 16.0cm;\"><b style=\"mso-bidi-font-weight: normal;\">Thompson E.<\/b> <i style=\"mso-bidi-font-style: normal;\">Hunowie,<\/i> Warszawa 2015<\/li>\n<li class=\"MsoNormal\" style=\"mso-list: l0 level1 lfo1; tab-stops: list 36.0pt right 16.0cm;\"><b style=\"mso-bidi-font-weight: normal;\">Thorne Kip S.<\/b> <i style=\"mso-bidi-font-style: normal;\">Interstellar i nauka,<\/i> Warszawa 2015<\/li>\n<li class=\"MsoNormal\" style=\"mso-list: l0 level1 lfo1; tab-stops: list 36.0pt right 16.0cm;\"><b style=\"mso-bidi-font-weight: normal;\">Urbanowski M. <\/b><i style=\"mso-bidi-font-style: normal;\">Praw\u0105 stron\u0105 literatury polskiej : szkice i portrety ,<\/i> \u0141omianki 2015<\/li>\n<li class=\"MsoNormal\" style=\"mso-list: l0 level1 lfo1; tab-stops: list 36.0pt right 16.0cm;\"><b style=\"mso-bidi-font-weight: normal;\">W\u0119glicka K.<\/b> <i style=\"mso-bidi-font-style: normal;\">Polacy z Kres\u00f3w : znani i nieznani,<\/i> Warszawa 2015<\/li>\n<li class=\"MsoNormal\" style=\"mso-list: l0 level1 lfo1; tab-stops: list 36.0pt;\"><b style=\"mso-bidi-font-weight: normal;\">Wilczek-Krupa M.<\/b> <i style=\"mso-bidi-font-style: normal;\">Kilar : geniusz o dw\u00f3ch twarzach,<\/i> Krak\u00f3w 2015<\/li>\n<li class=\"MsoNormal\" style=\"mso-list: l0 level1 lfo1; tab-stops: list 36.0pt;\"><b style=\"mso-bidi-font-weight: normal;\">Zawadzki Z.<\/b> <i style=\"mso-bidi-font-style: normal;\">Przetw\u00f3rnia ,<\/i>Warszawa 2015<\/li>\n<li class=\"MsoNormal\" style=\"mso-list: l0 level1 lfo1; tab-stops: list 36.0pt;\"><b style=\"mso-bidi-font-weight: normal;\">Zurli A.<\/b> <i style=\"mso-bidi-font-style: normal;\">Wojciech Kossak : malarz polskiej chwa\u0142y<\/i>, Warszawa 2015<\/li>\n<\/ol>\n<p>&nbsp;<\/p>\n","protected":false},"excerpt":{"rendered":"","protected":false},"author":11,"featured_media":0,"comment_status":"closed","ping_status":"open","sticky":false,"template":"","format":"standard","meta":{"_tec_requires_first_save":true,"_crdt_document":"","pgc_sgb_lightbox_settings":"","_EventAllDay":false,"_EventTimezone":"","_EventStartDate":"","_EventEndDate":"","_EventStartDateUTC":"","_EventEndDateUTC":"","_EventShowMap":false,"_EventShowMapLink":false,"_EventURL":"","_EventCost":"","_EventCostDescription":"","_EventCurrencySymbol":"","_EventCurrencyCode":"","_EventCurrencyPosition":"","_EventDateTimeSeparator":"","_EventTimeRangeSeparator":"","_EventOrganizerID":[],"_EventVenueID":[],"_OrganizerEmail":"","_OrganizerPhone":"","_OrganizerWebsite":"","_VenueAddress":"","_VenueCity":"","_VenueCountry":"","_VenueProvince":"","_VenueState":"","_VenueZip":"","_VenuePhone":"","_VenueURL":"","_VenueStateProvince":"","_VenueLat":"","_VenueLng":"","_VenueShowMap":false,"_VenueShowMapLink":false,"_tribe_blocks_recurrence_rules":"","_tribe_blocks_recurrence_description":"","_tribe_blocks_recurrence_exclusions":"","footnotes":""},"categories":[509,57],"tags":[],"class_list":["post-8718","post","type-post","status-publish","format-standard","hentry","category-nowe-nabytki","category-nowe-nabytki-do-ksigozbioru-naukowego"],"publishpress_future_action":{"enabled":false,"date":"2026-05-06 14:14:23","action":"change-status","newStatus":"draft","terms":[],"taxonomy":"category","extraData":[]},"publishpress_future_workflow_manual_trigger":{"enabledWorkflows":[]},"_links":{"self":[{"href":"https:\/\/wbp.lublin.pl\/index.php\/wp-json\/wp\/v2\/posts\/8718","targetHints":{"allow":["GET"]}}],"collection":[{"href":"https:\/\/wbp.lublin.pl\/index.php\/wp-json\/wp\/v2\/posts"}],"about":[{"href":"https:\/\/wbp.lublin.pl\/index.php\/wp-json\/wp\/v2\/types\/post"}],"author":[{"embeddable":true,"href":"https:\/\/wbp.lublin.pl\/index.php\/wp-json\/wp\/v2\/users\/11"}],"replies":[{"embeddable":true,"href":"https:\/\/wbp.lublin.pl\/index.php\/wp-json\/wp\/v2\/comments?post=8718"}],"version-history":[{"count":3,"href":"https:\/\/wbp.lublin.pl\/index.php\/wp-json\/wp\/v2\/posts\/8718\/revisions"}],"predecessor-version":[{"id":13606,"href":"https:\/\/wbp.lublin.pl\/index.php\/wp-json\/wp\/v2\/posts\/8718\/revisions\/13606"}],"wp:attachment":[{"href":"https:\/\/wbp.lublin.pl\/index.php\/wp-json\/wp\/v2\/media?parent=8718"}],"wp:term":[{"taxonomy":"category","embeddable":true,"href":"https:\/\/wbp.lublin.pl\/index.php\/wp-json\/wp\/v2\/categories?post=8718"},{"taxonomy":"post_tag","embeddable":true,"href":"https:\/\/wbp.lublin.pl\/index.php\/wp-json\/wp\/v2\/tags?post=8718"}],"curies":[{"name":"wp","href":"https:\/\/api.w.org\/{rel}","templated":true}]}}