{"id":8734,"date":"2016-04-05T11:50:02","date_gmt":"2016-04-05T09:50:02","guid":{"rendered":"https:\/\/wbp.lublin.pl8\/index.php\/2016\/04\/05\/informacja-o-naborze-do-xxii-edycji-nagrody-im-anny-platto\/"},"modified":"2018-07-01T23:04:54","modified_gmt":"2018-07-01T21:04:54","slug":"informacja-o-naborze-do-xxii-edycji-nagrody-im-anny-platto","status":"publish","type":"post","link":"https:\/\/wbp.lublin.pl\/index.php\/2016\/04\/05\/informacja-o-naborze-do-xxii-edycji-nagrody-im-anny-platto\/","title":{"rendered":"Informacja o naborze do XXII edycji Nagrody im. Anny Platto"},"content":{"rendered":"<p><!--more--><\/p>\n<p style=\"text-align: justify;\"><span style=\"font-family: Verdana;\"><span style=\"font-size: 12px;\"><span style=\"line-height: 150%;\">Wojew\u00f3dzka Biblioteka Publiczna im. Hieronima \u0141opaci\u0144skiego, Towarzystwo Biblioteki Publicznej im. Hieronima \u0141opaci\u0144skiego oraz Stowarzyszenie Bibliotekarzy Polskich Zarz\u0105d Okr\u0119gu w Lublinie og\u0142aszaj\u0105 nab\u00f3r do <strong>XXII edycji Nagrody im. Anny Platto<\/strong>. Do konkursu nale\u017cy zg\u0142asza\u0107 osoby wyr\u00f3\u017cniaj\u0105ce si\u0119 w pracy na rzecz upowszechniania literatury w\u015br\u00f3d dzieci\u0119co-m\u0142odzie\u017cowych czytelnik\u00f3w sieci bibliotek publicznych wojew\u00f3dztwa lubelskiego.<\/span><\/span><\/span><\/p>\n<p class=\"MsoNormal\" style=\"text-align: justify; text-indent: 35.4pt; line-height: 150%;\"><span style=\"font-family: Verdana;\"><span style=\"font-size: 12px;\"><span style=\"line-height: 150%;\">Wnioski, wraz z uzasadnieniem, mog\u0105 zg\u0142asza\u0107 biblioteki powiatowe, ogniwa SBP, organizatorzy bibliotek, instytucje i organizacje wsp\u00f3\u0142pracuj\u0105ce z bibliotekami oraz sami zainteresowani kandydaci. Wniosek (w formie wydruku lub na no\u015bniku elektronicznym) powinien zawiera\u0107 dokumentacj\u0119 podejmowanych dzia\u0142a\u0144 w roku kulturalno-o\u015bwiatowym.<\/span><\/span><\/span><\/p>\n<p class=\"MsoNormal\" style=\"text-align: justify; text-indent: 35.4pt; line-height: 150%;\"><span style=\"font-family: Verdana;\"><span style=\"font-size: 12px;\"><span style=\"line-height: 150%;\">Wnioski przyjmuje Dzia\u0142 Instrukcyjno-Metodyczny <b style=\"mso-bidi-font-weight: normal;\">do 29 kwietnia 2016 r.<\/b> Komisja Nagrody, powo\u0142ana przez Dyrektora WBP, w maju i czerwcu b\u0119dzie hospitowa\u0107 prowadzone przez kandydatki\/-\u00f3w zaj\u0119cia z m\u0142odymi czytelnikami oraz zapozna si\u0119 z warsztatem, dokumentacj\u0105 i efektami ich pracy.<\/span><\/span><\/span><\/p>\n<p class=\"MsoNormal\" style=\"text-align: justify; line-height: 150%;\"><span style=\"font-family: Verdana;\"><span style=\"font-size: 12px;\"><span style=\"line-height: 150%;\">\u00a0\u00a0\u00a0\u00a0\u00a0\u00a0\u00a0\u00a0\u00a0\u00a0\u00a0 Uroczysto\u015b\u0107 wr\u0119czenia Nagrody im. Anny Platto<b style=\"mso-bidi-font-weight: normal;\"> <\/b>odb\u0119dzie si\u0119 8 sierpnia 2016 r. w siedzibie WBP w Lublinie.<\/span><\/span><\/span><\/p>\n<p>&nbsp;<\/p>\n<p class=\"MsoNormal\" style=\"text-align: justify; text-indent: 35.4pt; line-height: 150%;\"><span style=\"font-size: 12px;\"><span style=\"line-height: 150%;\">Prosimy o poinformowanie wszystkich zainteresowanych o mo\u017cliwo\u015bci wzi\u0119cia udzia\u0142u w tegorocznej edycji Nagrody. <\/span><\/span><\/p>\n<p>\u00a0\u00a0\u00a0\u00a0\u00a0\u00a0\u00a0\u00a0\u00a0\u00a0\u00a0 <span style=\"font-size: 12px;\"> Informacje pod nr. telefonu 81-52-87-420<\/span><\/p>\n<p style=\"text-align: center;\">\u00a0<strong><a href=\"http:\/\/wbp.lublin.pl\/wp-content\/uploads\/2016\/04\/komunikaty_2016-04-05-Platto_REGULAMIN.doc\">REGULAMIN KONKURSU<\/a><\/strong><\/p>\n<p>&nbsp;<\/p>\n","protected":false},"excerpt":{"rendered":"","protected":false},"author":9,"featured_media":0,"comment_status":"open","ping_status":"open","sticky":false,"template":"","format":"standard","meta":{"_tec_requires_first_save":true,"_crdt_document":"","pgc_sgb_lightbox_settings":"","_EventAllDay":false,"_EventTimezone":"","_EventStartDate":"","_EventEndDate":"","_EventStartDateUTC":"","_EventEndDateUTC":"","_EventShowMap":false,"_EventShowMapLink":false,"_EventURL":"","_EventCost":"","_EventCostDescription":"","_EventCurrencySymbol":"","_EventCurrencyCode":"","_EventCurrencyPosition":"","_EventDateTimeSeparator":"","_EventTimeRangeSeparator":"","_EventOrganizerID":[],"_EventVenueID":[],"_OrganizerEmail":"","_OrganizerPhone":"","_OrganizerWebsite":"","_VenueAddress":"","_VenueCity":"","_VenueCountry":"","_VenueProvince":"","_VenueState":"","_VenueZip":"","_VenuePhone":"","_VenueURL":"","_VenueStateProvince":"","_VenueLat":"","_VenueLng":"","_VenueShowMap":false,"_VenueShowMapLink":false,"_tribe_blocks_recurrence_rules":"","_tribe_blocks_recurrence_description":"","_tribe_blocks_recurrence_exclusions":"","footnotes":""},"categories":[101],"tags":[],"class_list":["post-8734","post","type-post","status-publish","format-standard","hentry","category-komunikaty-branzowe-archiwum"],"publishpress_future_action":{"enabled":false,"date":"2026-05-06 16:01:00","action":"change-status","newStatus":"draft","terms":[],"taxonomy":"category","extraData":[]},"publishpress_future_workflow_manual_trigger":{"enabledWorkflows":[]},"_links":{"self":[{"href":"https:\/\/wbp.lublin.pl\/index.php\/wp-json\/wp\/v2\/posts\/8734","targetHints":{"allow":["GET"]}}],"collection":[{"href":"https:\/\/wbp.lublin.pl\/index.php\/wp-json\/wp\/v2\/posts"}],"about":[{"href":"https:\/\/wbp.lublin.pl\/index.php\/wp-json\/wp\/v2\/types\/post"}],"author":[{"embeddable":true,"href":"https:\/\/wbp.lublin.pl\/index.php\/wp-json\/wp\/v2\/users\/9"}],"replies":[{"embeddable":true,"href":"https:\/\/wbp.lublin.pl\/index.php\/wp-json\/wp\/v2\/comments?post=8734"}],"version-history":[{"count":2,"href":"https:\/\/wbp.lublin.pl\/index.php\/wp-json\/wp\/v2\/posts\/8734\/revisions"}],"predecessor-version":[{"id":12602,"href":"https:\/\/wbp.lublin.pl\/index.php\/wp-json\/wp\/v2\/posts\/8734\/revisions\/12602"}],"wp:attachment":[{"href":"https:\/\/wbp.lublin.pl\/index.php\/wp-json\/wp\/v2\/media?parent=8734"}],"wp:term":[{"taxonomy":"category","embeddable":true,"href":"https:\/\/wbp.lublin.pl\/index.php\/wp-json\/wp\/v2\/categories?post=8734"},{"taxonomy":"post_tag","embeddable":true,"href":"https:\/\/wbp.lublin.pl\/index.php\/wp-json\/wp\/v2\/tags?post=8734"}],"curies":[{"name":"wp","href":"https:\/\/api.w.org\/{rel}","templated":true}]}}