{"id":87980,"date":"2026-08-31T10:02:01","date_gmt":"2026-08-31T08:02:01","guid":{"rendered":"https:\/\/wbp.lublin.pl\/?p=87980"},"modified":"2026-08-31T10:07:27","modified_gmt":"2026-08-31T08:07:27","slug":"szkolenie-dla-bibliotekarzy-pracujacych-z-dziecmi-i-mlodzieza-w-obiektywie","status":"publish","type":"post","link":"https:\/\/wbp.lublin.pl\/index.php\/2026\/08\/31\/szkolenie-dla-bibliotekarzy-pracujacych-z-dziecmi-i-mlodzieza-w-obiektywie\/","title":{"rendered":"Szkolenie dla bibliotekarzy pracuj\u0105cych z dzie\u0107mi i m\u0142odzie\u017c\u0105 w obiektywie"},"content":{"rendered":"\n<p class=\"wp-block-paragraph\">28 sierpnia 2026 r.&nbsp; odby\u0142y si\u0119 warsztaty dla bibliotekarzy pracuj\u0105cych z dzie\u0107mi i m\u0142odzie\u017c\u0105 pt. \u201eNowoczesne formy animacji czytelnictwa w\u015br\u00f3d najm\u0142odszych i m\u0142odzie\u017cy z wykorzystaniem narz\u0119dzi AI\u201d cz. I.&nbsp; Szkolenie zosta\u0142o zorganizowane w ramach projektu \u201eBibliotekarz 360 \u2013 kompetencje przysz\u0142o\u015bci w pracy z czytelnikiem w ka\u017cdym wieku\u201d, realizowanego w ramach programu Ministra Kultury i Dziedzictwa Narodowego \u201ePartnerstwo dla ksi\u0105\u017cki\u201d.<\/p>\n\n\n\n<p class=\"wp-block-paragraph\">Spotkanie poprowadzi\u0142a Monika Schmeichel-Zarzeczna \u2013 trenerka i mened\u017cerka kultury, specjalizuj\u0105ca si\u0119 w edukacji cyfrowej i nowych technologiach, wsp\u00f3\u0142za\u0142o\u017cycielka Stowarzyszenia LABiB oraz ambasadorka EPALE.<\/p>\n\n\n\n<p class=\"wp-block-paragraph\">Podczas warsztat\u00f3w uczestnicy przyjrzeli si\u0119 zmianom zachodz\u0105cym w pracy bibliotekarza z m\u0142odym czytelnikiem oraz najnowszym trendom czytelniczym w\u015br\u00f3d dzieci i m\u0142odzie\u017cy. Wa\u017cnym elementem spotkania by\u0142o poznanie mo\u017cliwo\u015bci, jakie sztuczna inteligencja oferuje w codziennej pracy bibliotecznej i edukacyjnej. Rozmawiano m.in. o wykorzystaniu AI w animacji czytelnictwa, tworzeniu materia\u0142\u00f3w edukacyjnych, quiz\u00f3w i tre\u015bci literackich, a tak\u017ce o wykorzystaniu narz\u0119dzi AI jako wsparcia w projektowaniu scenariuszy zaj\u0119\u0107. Uczestnicy poznali r\u00f3wnie\u017c wybrane, bezpieczne narz\u0119dzia AI przeznaczone do zastosowa\u0144 edukacyjnych. Nie zabrak\u0142o tak\u017ce refleksji nad mo\u017cliwo\u015bciami i ograniczeniami sztucznej inteligencji oraz zasadami jej etycznego i bezpiecznego wykorzystywania w pracy z osobami nieletnimi.<\/p>\n\n\n\n<p class=\"wp-block-paragraph\">Warsztaty by\u0142y okazj\u0105 do zdobycia praktycznej wiedzy i poznania nowych sposob\u00f3w na wykorzystanie nowoczesnych technologii w dzia\u0142aniach wspieraj\u0105cych rozw\u00f3j czytelnictwa w\u015br\u00f3d najm\u0142odszych i m\u0142odzie\u017cy.<\/p>\n\n\n\n<figure class=\"wp-block-gallery has-nested-images columns-default is-cropped wp-block-gallery-1 is-layout-flex wp-block-gallery-is-layout-flex\">\n<figure class=\"wp-block-image size-large\"><a href=\"https:\/\/wbp.lublin.pl\/wp-content\/uploads\/2026\/08\/1-1.webp\"><img data-dominant-color=\"525e5c\" data-has-transparency=\"false\" style=\"--dominant-color: #525e5c;\" loading=\"lazy\" decoding=\"async\" width=\"1620\" height=\"1080\" sizes=\"auto, (max-width: 1620px) 100vw, 1620px\" data-id=\"87984\" src=\"https:\/\/wbp.lublin.pl\/wp-content\/uploads\/2026\/08\/1-1-1620x1080.webp\" alt=\"Szkolenie dla bibliotekarzy pracuj\u0105cych z dzie\u0107mi i m\u0142odzie\u017c\u0105 w obiektywie\" class=\"wp-image-87984 not-transparent\" srcset=\"https:\/\/wbp.lublin.pl\/wp-content\/uploads\/2026\/08\/1-1-1620x1080.webp 1620w, https:\/\/wbp.lublin.pl\/wp-content\/uploads\/2026\/08\/1-1-400x266.webp 400w, https:\/\/wbp.lublin.pl\/wp-content\/uploads\/2026\/08\/1-1-600x400.webp 600w, https:\/\/wbp.lublin.pl\/wp-content\/uploads\/2026\/08\/1-1-767x511.webp 767w, https:\/\/wbp.lublin.pl\/wp-content\/uploads\/2026\/08\/1-1-1536x1024.webp 1536w, https:\/\/wbp.lublin.pl\/wp-content\/uploads\/2026\/08\/1-1-947x631.webp 947w, https:\/\/wbp.lublin.pl\/wp-content\/uploads\/2026\/08\/1-1-623x415.webp 623w, https:\/\/wbp.lublin.pl\/wp-content\/uploads\/2026\/08\/1-1-84x56.webp 84w, https:\/\/wbp.lublin.pl\/wp-content\/uploads\/2026\/08\/1-1.webp 1820w\" \/><\/a><\/figure>\n\n\n\n<figure class=\"wp-block-image size-large\"><a href=\"https:\/\/wbp.lublin.pl\/wp-content\/uploads\/2026\/08\/1a-2.webp\"><img data-dominant-color=\"546260\" data-has-transparency=\"false\" style=\"--dominant-color: #546260;\" loading=\"lazy\" decoding=\"async\" width=\"1620\" height=\"1080\" sizes=\"auto, (max-width: 1620px) 100vw, 1620px\" data-id=\"87982\" src=\"https:\/\/wbp.lublin.pl\/wp-content\/uploads\/2026\/08\/1a-2-1620x1080.webp\" alt=\"Szkolenie dla bibliotekarzy pracuj\u0105cych z dzie\u0107mi i m\u0142odzie\u017c\u0105 w obiektywie\" class=\"wp-image-87982 not-transparent\" srcset=\"https:\/\/wbp.lublin.pl\/wp-content\/uploads\/2026\/08\/1a-2-1620x1080.webp 1620w, https:\/\/wbp.lublin.pl\/wp-content\/uploads\/2026\/08\/1a-2-400x266.webp 400w, https:\/\/wbp.lublin.pl\/wp-content\/uploads\/2026\/08\/1a-2-600x400.webp 600w, https:\/\/wbp.lublin.pl\/wp-content\/uploads\/2026\/08\/1a-2-767x511.webp 767w, https:\/\/wbp.lublin.pl\/wp-content\/uploads\/2026\/08\/1a-2-1536x1024.webp 1536w, https:\/\/wbp.lublin.pl\/wp-content\/uploads\/2026\/08\/1a-2-947x631.webp 947w, https:\/\/wbp.lublin.pl\/wp-content\/uploads\/2026\/08\/1a-2-623x415.webp 623w, https:\/\/wbp.lublin.pl\/wp-content\/uploads\/2026\/08\/1a-2-84x56.webp 84w, https:\/\/wbp.lublin.pl\/wp-content\/uploads\/2026\/08\/1a-2.webp 1868w\" \/><\/a><\/figure>\n\n\n\n<figure class=\"wp-block-image size-large\"><a href=\"https:\/\/wbp.lublin.pl\/wp-content\/uploads\/2026\/08\/2-1.webp\"><img data-dominant-color=\"7d7e79\" data-has-transparency=\"false\" style=\"--dominant-color: #7d7e79;\" loading=\"lazy\" decoding=\"async\" width=\"1620\" height=\"1080\" sizes=\"auto, (max-width: 1620px) 100vw, 1620px\" data-id=\"87987\" src=\"https:\/\/wbp.lublin.pl\/wp-content\/uploads\/2026\/08\/2-1-1620x1080.webp\" alt=\"Szkolenie dla bibliotekarzy pracuj\u0105cych z dzie\u0107mi i m\u0142odzie\u017c\u0105 w obiektywie\" class=\"wp-image-87987 not-transparent\" srcset=\"https:\/\/wbp.lublin.pl\/wp-content\/uploads\/2026\/08\/2-1-1620x1080.webp 1620w, https:\/\/wbp.lublin.pl\/wp-content\/uploads\/2026\/08\/2-1-400x267.webp 400w, https:\/\/wbp.lublin.pl\/wp-content\/uploads\/2026\/08\/2-1-600x400.webp 600w, https:\/\/wbp.lublin.pl\/wp-content\/uploads\/2026\/08\/2-1-768x512.webp 768w, https:\/\/wbp.lublin.pl\/wp-content\/uploads\/2026\/08\/2-1-1536x1024.webp 1536w, https:\/\/wbp.lublin.pl\/wp-content\/uploads\/2026\/08\/2-1-947x631.webp 947w, https:\/\/wbp.lublin.pl\/wp-content\/uploads\/2026\/08\/2-1-624x416.webp 624w, https:\/\/wbp.lublin.pl\/wp-content\/uploads\/2026\/08\/2-1-84x56.webp 84w, https:\/\/wbp.lublin.pl\/wp-content\/uploads\/2026\/08\/2-1.webp 1920w\" \/><\/a><\/figure>\n\n\n\n<figure class=\"wp-block-image size-large\"><a href=\"https:\/\/wbp.lublin.pl\/wp-content\/uploads\/2026\/08\/3-1.webp\"><img data-dominant-color=\"70726c\" data-has-transparency=\"false\" style=\"--dominant-color: #70726c;\" loading=\"lazy\" decoding=\"async\" width=\"1620\" height=\"1080\" sizes=\"auto, (max-width: 1620px) 100vw, 1620px\" data-id=\"87986\" src=\"https:\/\/wbp.lublin.pl\/wp-content\/uploads\/2026\/08\/3-1-1620x1080.webp\" alt=\"Szkolenie dla bibliotekarzy pracuj\u0105cych z dzie\u0107mi i m\u0142odzie\u017c\u0105 w obiektywie\" class=\"wp-image-87986 not-transparent\" srcset=\"https:\/\/wbp.lublin.pl\/wp-content\/uploads\/2026\/08\/3-1-1620x1080.webp 1620w, https:\/\/wbp.lublin.pl\/wp-content\/uploads\/2026\/08\/3-1-400x267.webp 400w, https:\/\/wbp.lublin.pl\/wp-content\/uploads\/2026\/08\/3-1-600x400.webp 600w, https:\/\/wbp.lublin.pl\/wp-content\/uploads\/2026\/08\/3-1-768x512.webp 768w, https:\/\/wbp.lublin.pl\/wp-content\/uploads\/2026\/08\/3-1-1536x1024.webp 1536w, https:\/\/wbp.lublin.pl\/wp-content\/uploads\/2026\/08\/3-1-947x631.webp 947w, https:\/\/wbp.lublin.pl\/wp-content\/uploads\/2026\/08\/3-1-624x416.webp 624w, https:\/\/wbp.lublin.pl\/wp-content\/uploads\/2026\/08\/3-1-84x56.webp 84w, https:\/\/wbp.lublin.pl\/wp-content\/uploads\/2026\/08\/3-1.webp 1920w\" \/><\/a><\/figure>\n\n\n\n<figure class=\"wp-block-image size-large\"><a href=\"https:\/\/wbp.lublin.pl\/wp-content\/uploads\/2026\/08\/6-1.webp\"><img data-dominant-color=\"646762\" data-has-transparency=\"false\" style=\"--dominant-color: #646762;\" loading=\"lazy\" decoding=\"async\" width=\"1620\" height=\"1080\" sizes=\"auto, (max-width: 1620px) 100vw, 1620px\" data-id=\"87985\" src=\"https:\/\/wbp.lublin.pl\/wp-content\/uploads\/2026\/08\/6-1-1620x1080.webp\" alt=\"Szkolenie dla bibliotekarzy pracuj\u0105cych z dzie\u0107mi i m\u0142odzie\u017c\u0105 w obiektywie\" class=\"wp-image-87985 not-transparent\" srcset=\"https:\/\/wbp.lublin.pl\/wp-content\/uploads\/2026\/08\/6-1-1620x1080.webp 1620w, https:\/\/wbp.lublin.pl\/wp-content\/uploads\/2026\/08\/6-1-400x267.webp 400w, https:\/\/wbp.lublin.pl\/wp-content\/uploads\/2026\/08\/6-1-600x400.webp 600w, https:\/\/wbp.lublin.pl\/wp-content\/uploads\/2026\/08\/6-1-768x512.webp 768w, https:\/\/wbp.lublin.pl\/wp-content\/uploads\/2026\/08\/6-1-1536x1024.webp 1536w, https:\/\/wbp.lublin.pl\/wp-content\/uploads\/2026\/08\/6-1-947x631.webp 947w, https:\/\/wbp.lublin.pl\/wp-content\/uploads\/2026\/08\/6-1-624x416.webp 624w, https:\/\/wbp.lublin.pl\/wp-content\/uploads\/2026\/08\/6-1-84x56.webp 84w, https:\/\/wbp.lublin.pl\/wp-content\/uploads\/2026\/08\/6-1.webp 1920w\" \/><\/a><\/figure>\n\n\n\n<figure class=\"wp-block-image size-large\"><a href=\"https:\/\/wbp.lublin.pl\/wp-content\/uploads\/2026\/08\/7-1.webp\"><img data-dominant-color=\"6a6564\" data-has-transparency=\"false\" style=\"--dominant-color: #6a6564;\" loading=\"lazy\" decoding=\"async\" width=\"1620\" height=\"1080\" sizes=\"auto, (max-width: 1620px) 100vw, 1620px\" data-id=\"87988\" src=\"https:\/\/wbp.lublin.pl\/wp-content\/uploads\/2026\/08\/7-1-1620x1080.webp\" alt=\"Szkolenie dla bibliotekarzy pracuj\u0105cych z dzie\u0107mi i m\u0142odzie\u017c\u0105 w obiektywie\" class=\"wp-image-87988 not-transparent\" srcset=\"https:\/\/wbp.lublin.pl\/wp-content\/uploads\/2026\/08\/7-1-1620x1080.webp 1620w, https:\/\/wbp.lublin.pl\/wp-content\/uploads\/2026\/08\/7-1-400x267.webp 400w, https:\/\/wbp.lublin.pl\/wp-content\/uploads\/2026\/08\/7-1-600x400.webp 600w, https:\/\/wbp.lublin.pl\/wp-content\/uploads\/2026\/08\/7-1-768x512.webp 768w, https:\/\/wbp.lublin.pl\/wp-content\/uploads\/2026\/08\/7-1-1536x1024.webp 1536w, https:\/\/wbp.lublin.pl\/wp-content\/uploads\/2026\/08\/7-1-947x631.webp 947w, https:\/\/wbp.lublin.pl\/wp-content\/uploads\/2026\/08\/7-1-624x416.webp 624w, https:\/\/wbp.lublin.pl\/wp-content\/uploads\/2026\/08\/7-1-84x56.webp 84w, https:\/\/wbp.lublin.pl\/wp-content\/uploads\/2026\/08\/7-1.webp 1920w\" \/><\/a><\/figure>\n\n\n\n<figure class=\"wp-block-image size-large\"><a href=\"https:\/\/wbp.lublin.pl\/wp-content\/uploads\/2026\/08\/8-1.webp\"><img data-dominant-color=\"71716e\" data-has-transparency=\"false\" style=\"--dominant-color: #71716e;\" loading=\"lazy\" decoding=\"async\" width=\"1620\" height=\"1080\" sizes=\"auto, (max-width: 1620px) 100vw, 1620px\" data-id=\"87989\" src=\"https:\/\/wbp.lublin.pl\/wp-content\/uploads\/2026\/08\/8-1-1620x1080.webp\" alt=\"Szkolenie dla bibliotekarzy pracuj\u0105cych z dzie\u0107mi i m\u0142odzie\u017c\u0105 w obiektywie\" class=\"wp-image-87989 not-transparent\" srcset=\"https:\/\/wbp.lublin.pl\/wp-content\/uploads\/2026\/08\/8-1-1620x1080.webp 1620w, https:\/\/wbp.lublin.pl\/wp-content\/uploads\/2026\/08\/8-1-400x267.webp 400w, https:\/\/wbp.lublin.pl\/wp-content\/uploads\/2026\/08\/8-1-600x400.webp 600w, https:\/\/wbp.lublin.pl\/wp-content\/uploads\/2026\/08\/8-1-768x512.webp 768w, https:\/\/wbp.lublin.pl\/wp-content\/uploads\/2026\/08\/8-1-1536x1024.webp 1536w, https:\/\/wbp.lublin.pl\/wp-content\/uploads\/2026\/08\/8-1-947x631.webp 947w, https:\/\/wbp.lublin.pl\/wp-content\/uploads\/2026\/08\/8-1-624x416.webp 624w, https:\/\/wbp.lublin.pl\/wp-content\/uploads\/2026\/08\/8-1-84x56.webp 84w, https:\/\/wbp.lublin.pl\/wp-content\/uploads\/2026\/08\/8-1.webp 1920w\" \/><\/a><\/figure>\n\n\n\n<figure class=\"wp-block-image size-large\"><a href=\"https:\/\/wbp.lublin.pl\/wp-content\/uploads\/2026\/08\/9-1.webp\"><img data-dominant-color=\"7e857e\" data-has-transparency=\"false\" style=\"--dominant-color: #7e857e;\" loading=\"lazy\" decoding=\"async\" width=\"1620\" height=\"1080\" sizes=\"auto, (max-width: 1620px) 100vw, 1620px\" data-id=\"87990\" src=\"https:\/\/wbp.lublin.pl\/wp-content\/uploads\/2026\/08\/9-1-1620x1080.webp\" alt=\"Szkolenie dla bibliotekarzy pracuj\u0105cych z dzie\u0107mi i m\u0142odzie\u017c\u0105 w obiektywie\" class=\"wp-image-87990 not-transparent\" srcset=\"https:\/\/wbp.lublin.pl\/wp-content\/uploads\/2026\/08\/9-1-1620x1080.webp 1620w, https:\/\/wbp.lublin.pl\/wp-content\/uploads\/2026\/08\/9-1-400x267.webp 400w, https:\/\/wbp.lublin.pl\/wp-content\/uploads\/2026\/08\/9-1-600x400.webp 600w, https:\/\/wbp.lublin.pl\/wp-content\/uploads\/2026\/08\/9-1-768x512.webp 768w, https:\/\/wbp.lublin.pl\/wp-content\/uploads\/2026\/08\/9-1-1536x1024.webp 1536w, https:\/\/wbp.lublin.pl\/wp-content\/uploads\/2026\/08\/9-1-947x631.webp 947w, https:\/\/wbp.lublin.pl\/wp-content\/uploads\/2026\/08\/9-1-624x416.webp 624w, https:\/\/wbp.lublin.pl\/wp-content\/uploads\/2026\/08\/9-1-84x56.webp 84w, https:\/\/wbp.lublin.pl\/wp-content\/uploads\/2026\/08\/9-1.webp 1920w\" \/><\/a><\/figure>\n\n\n\n<figure class=\"wp-block-image size-large\"><a href=\"https:\/\/wbp.lublin.pl\/wp-content\/uploads\/2026\/08\/10-1.webp\"><img data-dominant-color=\"686b62\" data-has-transparency=\"false\" style=\"--dominant-color: #686b62;\" loading=\"lazy\" decoding=\"async\" width=\"1620\" height=\"1080\" sizes=\"auto, (max-width: 1620px) 100vw, 1620px\" data-id=\"87983\" src=\"https:\/\/wbp.lublin.pl\/wp-content\/uploads\/2026\/08\/10-1-1620x1080.webp\" alt=\"Szkolenie dla bibliotekarzy pracuj\u0105cych z dzie\u0107mi i m\u0142odzie\u017c\u0105 w obiektywie\" class=\"wp-image-87983 not-transparent\" srcset=\"https:\/\/wbp.lublin.pl\/wp-content\/uploads\/2026\/08\/10-1-1620x1080.webp 1620w, https:\/\/wbp.lublin.pl\/wp-content\/uploads\/2026\/08\/10-1-400x267.webp 400w, https:\/\/wbp.lublin.pl\/wp-content\/uploads\/2026\/08\/10-1-600x400.webp 600w, https:\/\/wbp.lublin.pl\/wp-content\/uploads\/2026\/08\/10-1-768x512.webp 768w, https:\/\/wbp.lublin.pl\/wp-content\/uploads\/2026\/08\/10-1-1536x1024.webp 1536w, https:\/\/wbp.lublin.pl\/wp-content\/uploads\/2026\/08\/10-1-947x631.webp 947w, https:\/\/wbp.lublin.pl\/wp-content\/uploads\/2026\/08\/10-1-624x416.webp 624w, https:\/\/wbp.lublin.pl\/wp-content\/uploads\/2026\/08\/10-1-84x56.webp 84w, https:\/\/wbp.lublin.pl\/wp-content\/uploads\/2026\/08\/10-1.webp 1920w\" \/><\/a><\/figure>\n\n\n\n<figure class=\"wp-block-image size-large\"><a href=\"https:\/\/wbp.lublin.pl\/wp-content\/uploads\/2026\/08\/11-1.webp\"><img data-dominant-color=\"5d5e58\" data-has-transparency=\"false\" style=\"--dominant-color: #5d5e58;\" loading=\"lazy\" decoding=\"async\" width=\"1620\" height=\"1080\" sizes=\"auto, (max-width: 1620px) 100vw, 1620px\" data-id=\"87991\" src=\"https:\/\/wbp.lublin.pl\/wp-content\/uploads\/2026\/08\/11-1-1620x1080.webp\" alt=\"Szkolenie dla bibliotekarzy pracuj\u0105cych z dzie\u0107mi i m\u0142odzie\u017c\u0105 w obiektywie\" class=\"wp-image-87991 not-transparent\" srcset=\"https:\/\/wbp.lublin.pl\/wp-content\/uploads\/2026\/08\/11-1-1620x1080.webp 1620w, https:\/\/wbp.lublin.pl\/wp-content\/uploads\/2026\/08\/11-1-400x267.webp 400w, https:\/\/wbp.lublin.pl\/wp-content\/uploads\/2026\/08\/11-1-600x400.webp 600w, https:\/\/wbp.lublin.pl\/wp-content\/uploads\/2026\/08\/11-1-768x512.webp 768w, https:\/\/wbp.lublin.pl\/wp-content\/uploads\/2026\/08\/11-1-1536x1024.webp 1536w, https:\/\/wbp.lublin.pl\/wp-content\/uploads\/2026\/08\/11-1-947x631.webp 947w, https:\/\/wbp.lublin.pl\/wp-content\/uploads\/2026\/08\/11-1-624x416.webp 624w, https:\/\/wbp.lublin.pl\/wp-content\/uploads\/2026\/08\/11-1-84x56.webp 84w, https:\/\/wbp.lublin.pl\/wp-content\/uploads\/2026\/08\/11-1.webp 1920w\" \/><\/a><\/figure>\n<\/figure>\n\n\n\n<p class=\"wp-block-paragraph\">Zadanie dofinansowano ze \u015brodk\u00f3w Ministra Kultury i Dziedzictwa Narodowego pochodz\u0105cych z Funduszu Promocji Kultury \u2013 pa\u0144stwowego funduszu celowego<\/p>\n\n\n\n<p class=\"wp-block-paragraph\">Fot. Dorota Mo\u015bcibrodzka<\/p>\n\n\n<div class=\"wp-block-image\">\n<figure class=\"aligncenter size-full is-resized\"><img data-dominant-color=\"e9e2e1\" data-has-transparency=\"false\" loading=\"lazy\" decoding=\"async\" width=\"1600\" height=\"450\" sizes=\"auto, (max-width: 1600px) 100vw, 1600px\" src=\"https:\/\/wbp.lublin.pl\/wp-content\/uploads\/2026\/08\/MKIDN.webp\" alt=\"Automatycznie zapisany szkic\" class=\"wp-image-87981 not-transparent\" style=\"--dominant-color: #e9e2e1; aspect-ratio:5.073170731707317;width:416px;height:auto\" srcset=\"https:\/\/wbp.lublin.pl\/wp-content\/uploads\/2026\/08\/MKIDN.webp 1600w, https:\/\/wbp.lublin.pl\/wp-content\/uploads\/2026\/08\/MKIDN-400x112.jpg 400w, https:\/\/wbp.lublin.pl\/wp-content\/uploads\/2026\/08\/MKIDN-600x169.jpg 600w, https:\/\/wbp.lublin.pl\/wp-content\/uploads\/2026\/08\/MKIDN-768x216.jpg 768w, https:\/\/wbp.lublin.pl\/wp-content\/uploads\/2026\/08\/MKIDN-1536x432.jpg 1536w, https:\/\/wbp.lublin.pl\/wp-content\/uploads\/2026\/08\/MKIDN-622x175.jpg 622w, https:\/\/wbp.lublin.pl\/wp-content\/uploads\/2026\/08\/MKIDN-946x266.jpg 946w\" \/><\/figure>\n<\/div>\n\n\n<p class=\"has-text-align-right wp-block-paragraph\"><em>Dzia\u0142 Instrukcyjno-Metodyczny<\/em><\/p>\n","protected":false},"excerpt":{"rendered":"<p>28 sierpnia 2026 r.&nbsp; odby\u0142y si\u0119 warsztaty dla bibliotekarzy pracuj\u0105cych z dzie\u0107mi i m\u0142odzie\u017c\u0105 pt. \u201eNowoczesne formy animacji czytelnictwa w\u015br\u00f3d najm\u0142odszych i m\u0142odzie\u017cy z wykorzystaniem narz\u0119dzi AI\u201d cz. I.&nbsp; Szkolenie [&hellip;]<\/p>\n","protected":false},"author":21,"featured_media":87984,"comment_status":"closed","ping_status":"closed","sticky":false,"template":"","format":"standard","meta":{"_tec_requires_first_save":true,"pgc_sgb_lightbox_settings":"","_EventAllDay":false,"_EventTimezone":"","_EventStartDate":"","_EventEndDate":"","_EventStartDateUTC":"","_EventEndDateUTC":"","_EventShowMap":false,"_EventShowMapLink":false,"_EventURL":"","_EventCost":"","_EventCostDescription":"","_EventCurrencySymbol":"","_EventCurrencyCode":"","_EventCurrencyPosition":"","_EventDateTimeSeparator":"","_EventTimeRangeSeparator":"","_EventOrganizerID":[],"_EventVenueID":[],"_OrganizerEmail":"","_OrganizerPhone":"","_OrganizerWebsite":"","_VenueAddress":"","_VenueCity":"","_VenueCountry":"","_VenueProvince":"","_VenueState":"","_VenueZip":"","_VenuePhone":"","_VenueURL":"","_VenueStateProvince":"","_VenueLat":"","_VenueLng":"","_VenueShowMap":false,"_VenueShowMapLink":false,"_tribe_blocks_recurrence_rules":"","_tribe_blocks_recurrence_description":"","_tribe_blocks_recurrence_exclusions":"","footnotes":""},"categories":[537,1,10,53,52],"tags":[],"class_list":["post-87980","post","type-post","status-publish","format-standard","has-post-thumbnail","hentry","category-archiwum-wydarzen","category-bez-kategorii","category-aktualnosci","category-komunikaty","category-biblioteki-wojewodztwa-lubelskiego"],"publishpress_future_action":{"enabled":false,"date":"2026-09-08 08:03:14","action":"change-status","newStatus":"draft","terms":[],"taxonomy":"category","extraData":[]},"publishpress_future_workflow_manual_trigger":{"enabledWorkflows":[]},"_links":{"self":[{"href":"https:\/\/wbp.lublin.pl\/index.php\/wp-json\/wp\/v2\/posts\/87980","targetHints":{"allow":["GET"]}}],"collection":[{"href":"https:\/\/wbp.lublin.pl\/index.php\/wp-json\/wp\/v2\/posts"}],"about":[{"href":"https:\/\/wbp.lublin.pl\/index.php\/wp-json\/wp\/v2\/types\/post"}],"author":[{"embeddable":true,"href":"https:\/\/wbp.lublin.pl\/index.php\/wp-json\/wp\/v2\/users\/21"}],"replies":[{"embeddable":true,"href":"https:\/\/wbp.lublin.pl\/index.php\/wp-json\/wp\/v2\/comments?post=87980"}],"version-history":[{"count":4,"href":"https:\/\/wbp.lublin.pl\/index.php\/wp-json\/wp\/v2\/posts\/87980\/revisions"}],"predecessor-version":[{"id":87996,"href":"https:\/\/wbp.lublin.pl\/index.php\/wp-json\/wp\/v2\/posts\/87980\/revisions\/87996"}],"wp:featuredmedia":[{"embeddable":true,"href":"https:\/\/wbp.lublin.pl\/index.php\/wp-json\/wp\/v2\/media\/87984"}],"wp:attachment":[{"href":"https:\/\/wbp.lublin.pl\/index.php\/wp-json\/wp\/v2\/media?parent=87980"}],"wp:term":[{"taxonomy":"category","embeddable":true,"href":"https:\/\/wbp.lublin.pl\/index.php\/wp-json\/wp\/v2\/categories?post=87980"},{"taxonomy":"post_tag","embeddable":true,"href":"https:\/\/wbp.lublin.pl\/index.php\/wp-json\/wp\/v2\/tags?post=87980"}],"curies":[{"name":"wp","href":"https:\/\/api.w.org\/{rel}","templated":true}]}}