{"id":88026,"date":"2026-09-01T13:12:37","date_gmt":"2026-09-01T11:12:37","guid":{"rendered":"https:\/\/wbp.lublin.pl\/?p=88026"},"modified":"2026-09-01T13:12:38","modified_gmt":"2026-09-01T11:12:38","slug":"poranek-u-hieronima-odc-310","status":"publish","type":"post","link":"https:\/\/wbp.lublin.pl\/index.php\/2026\/09\/01\/poranek-u-hieronima-odc-310\/","title":{"rendered":"Poranek u Hieronima odc. 310"},"content":{"rendered":"\n<!--more-->\n\n\n\n<figure class=\"wp-block-image size-full\"><img data-dominant-color=\"edece8\" data-has-transparency=\"false\" style=\"--dominant-color: #edece8;\" loading=\"lazy\" decoding=\"async\" width=\"1366\" height=\"768\" sizes=\"auto, (max-width: 1366px) 100vw, 1366px\" src=\"https:\/\/wbp.lublin.pl\/wp-content\/uploads\/2026\/09\/8bbc1acb-1afc-455c-a50c-65ba2a8faa20.webp\" alt=\"Poranek u Hieronima odc. 310\" class=\"wp-image-88027 not-transparent\" srcset=\"https:\/\/wbp.lublin.pl\/wp-content\/uploads\/2026\/09\/8bbc1acb-1afc-455c-a50c-65ba2a8faa20.webp 1366w, https:\/\/wbp.lublin.pl\/wp-content\/uploads\/2026\/09\/8bbc1acb-1afc-455c-a50c-65ba2a8faa20-400x225.webp 400w, https:\/\/wbp.lublin.pl\/wp-content\/uploads\/2026\/09\/8bbc1acb-1afc-455c-a50c-65ba2a8faa20-600x337.webp 600w, https:\/\/wbp.lublin.pl\/wp-content\/uploads\/2026\/09\/8bbc1acb-1afc-455c-a50c-65ba2a8faa20-767x431.webp 767w, https:\/\/wbp.lublin.pl\/wp-content\/uploads\/2026\/09\/8bbc1acb-1afc-455c-a50c-65ba2a8faa20-946x532.webp 946w, https:\/\/wbp.lublin.pl\/wp-content\/uploads\/2026\/09\/8bbc1acb-1afc-455c-a50c-65ba2a8faa20-623x350.webp 623w\" \/><\/figure>\n\n\n\n<p class=\"wp-block-paragraph\">W najnowszym odcinku \u201ePoranka u Hieronima\u201d z laureatk\u0105 32. edycji Nagrody im. Anny Platto \u2013 Mari\u0105 Weso\u0142owsk\u0105 rozmawiamy o tym, dlaczego lubi pracowa\u0107 z m\u0142odzie\u017c\u0105, co j\u0105 nap\u0119dza do dzia\u0142ania i motywuje w codziennej pracy.<\/p>\n\n\n\n<p class=\"wp-block-paragraph\">Od wrze\u015bnia \u201ePoranek u Hieronima\u201d jest emitowany w ka\u017cd\u0105 \u015brod\u0119 o godz. 10.00 na fb Biblioteki <a href=\"https:\/\/www.facebook.com\/wbplublin\">https:\/\/www.facebook.com\/wbplublin<\/a><\/p>\n\n\n\n<p class=\"wp-block-paragraph\">Zapraszamy do obejrzenia!<\/p>\n\n\n\n<p class=\"wp-block-paragraph\"><em>Dzia\u0142 Informacji i Promocji<\/em><\/p>\n","protected":false},"excerpt":{"rendered":"","protected":false},"author":21,"featured_media":88027,"comment_status":"closed","ping_status":"closed","sticky":false,"template":"","format":"standard","meta":{"_tec_requires_first_save":true,"pgc_sgb_lightbox_settings":"","_EventAllDay":false,"_EventTimezone":"","_EventStartDate":"","_EventEndDate":"","_EventStartDateUTC":"","_EventEndDateUTC":"","_EventShowMap":false,"_EventShowMapLink":false,"_EventURL":"","_EventCost":"","_EventCostDescription":"","_EventCurrencySymbol":"","_EventCurrencyCode":"","_EventCurrencyPosition":"","_EventDateTimeSeparator":"","_EventTimeRangeSeparator":"","_EventOrganizerID":[],"_EventVenueID":[],"_OrganizerEmail":"","_OrganizerPhone":"","_OrganizerWebsite":"","_VenueAddress":"","_VenueCity":"","_VenueCountry":"","_VenueProvince":"","_VenueState":"","_VenueZip":"","_VenuePhone":"","_VenueURL":"","_VenueStateProvince":"","_VenueLat":"","_VenueLng":"","_VenueShowMap":false,"_VenueShowMapLink":false,"_tribe_blocks_recurrence_rules":"","_tribe_blocks_recurrence_description":"","_tribe_blocks_recurrence_exclusions":"","footnotes":""},"categories":[638,10,53],"tags":[],"class_list":["post-88026","post","type-post","status-publish","format-standard","has-post-thumbnail","hentry","category-poranek-u-hieronima","category-aktualnosci","category-komunikaty"],"publishpress_future_action":{"enabled":false,"date":"2026-09-09 08:24:09","action":"change-status","newStatus":"draft","terms":[],"taxonomy":"category","extraData":[]},"publishpress_future_workflow_manual_trigger":{"enabledWorkflows":[]},"_links":{"self":[{"href":"https:\/\/wbp.lublin.pl\/index.php\/wp-json\/wp\/v2\/posts\/88026","targetHints":{"allow":["GET"]}}],"collection":[{"href":"https:\/\/wbp.lublin.pl\/index.php\/wp-json\/wp\/v2\/posts"}],"about":[{"href":"https:\/\/wbp.lublin.pl\/index.php\/wp-json\/wp\/v2\/types\/post"}],"author":[{"embeddable":true,"href":"https:\/\/wbp.lublin.pl\/index.php\/wp-json\/wp\/v2\/users\/21"}],"replies":[{"embeddable":true,"href":"https:\/\/wbp.lublin.pl\/index.php\/wp-json\/wp\/v2\/comments?post=88026"}],"version-history":[{"count":1,"href":"https:\/\/wbp.lublin.pl\/index.php\/wp-json\/wp\/v2\/posts\/88026\/revisions"}],"predecessor-version":[{"id":88029,"href":"https:\/\/wbp.lublin.pl\/index.php\/wp-json\/wp\/v2\/posts\/88026\/revisions\/88029"}],"wp:featuredmedia":[{"embeddable":true,"href":"https:\/\/wbp.lublin.pl\/index.php\/wp-json\/wp\/v2\/media\/88027"}],"wp:attachment":[{"href":"https:\/\/wbp.lublin.pl\/index.php\/wp-json\/wp\/v2\/media?parent=88026"}],"wp:term":[{"taxonomy":"category","embeddable":true,"href":"https:\/\/wbp.lublin.pl\/index.php\/wp-json\/wp\/v2\/categories?post=88026"},{"taxonomy":"post_tag","embeddable":true,"href":"https:\/\/wbp.lublin.pl\/index.php\/wp-json\/wp\/v2\/tags?post=88026"}],"curies":[{"name":"wp","href":"https:\/\/api.w.org\/{rel}","templated":true}]}}