{"id":88062,"date":"2026-09-04T11:48:05","date_gmt":"2026-09-04T09:48:05","guid":{"rendered":"https:\/\/wbp.lublin.pl\/?p=88062"},"modified":"2026-09-04T11:48:05","modified_gmt":"2026-09-04T09:48:05","slug":"konferencja-regionalna-wojewodzkiej-rady-towarzystw-regionalnych-kraszczady-krajobraz-pamiec-ludzie-przyszlosc-ziemi-krasnostawskiej","status":"publish","type":"post","link":"https:\/\/wbp.lublin.pl\/index.php\/2026\/09\/04\/konferencja-regionalna-wojewodzkiej-rady-towarzystw-regionalnych-kraszczady-krajobraz-pamiec-ludzie-przyszlosc-ziemi-krasnostawskiej\/","title":{"rendered":"Konferencja regionalna Wojew\u00f3dzkiej Rady Towarzystw Regionalnych \u201eKraszczady. Krajobraz, pami\u0119\u0107, ludzie, przysz\u0142o\u015b\u0107 ziemi krasnostawskiej\u201d"},"content":{"rendered":"\n<!--more-->\n\n\n\n<p class=\"has-text-align-center wp-block-paragraph\">Konferencja b\u0119dzie przestrzeni\u0105 spotkania badaczy, regionalist\u00f3w, ludzi kultury, samorz\u0105dowc\u00f3w oraz wszystkich os\u00f3b zainteresowanych dziedzictwem <strong>Kraszczad <\/strong>&#8211; ich histori\u0105, krajobrazem, pami\u0119ci\u0105 miejsca i wsp\u00f3\u0142czesnymi wyzwaniami zwi\u0105zanymi z przysz\u0142o\u015bci\u0105 regionu. W programie przewidziano wyst\u0105pienia, dyskusje oraz rozmow\u0119 o tym, jak opowiada\u0107 o miejscu poprzez ludzi, pami\u0119\u0107 i krajobraz &#8211; z szacunkiem dla przesz\u0142o\u015bci i odpowiedzialno\u015bci\u0105 za przysz\u0142o\u015b\u0107.<\/p>\n\n\n\n<p class=\"has-text-align-center wp-block-paragraph\"><strong>12-13 wrze\u015bnia 2026 r.<br><\/strong>Muzeum Regionalne w Krasnymstawie<br>ul. Pi\u0142sudskiego 5A, 22-300 Krasnystaw<\/p>\n\n\n<div class=\"wp-block-image\">\n<figure class=\"aligncenter size-large\"><a href=\"https:\/\/wbp.lublin.pl\/wp-content\/uploads\/2026\/09\/Bedzie-nam-niezwykle-milo-goscic-Panstwa-podczas-tego-wydarzenia-scaled.webp\"><img data-dominant-color=\"eee7e1\" data-has-transparency=\"false\" style=\"--dominant-color: #eee7e1;\" loading=\"lazy\" decoding=\"async\" width=\"1010\" height=\"1080\" sizes=\"auto, (max-width: 1010px) 100vw, 1010px\" src=\"https:\/\/wbp.lublin.pl\/wp-content\/uploads\/2026\/09\/Bedzie-nam-niezwykle-milo-goscic-Panstwa-podczas-tego-wydarzenia-1010x1080.webp\" alt=\"Konferencja regionalna Wojew\u00f3dzkiej Rady Towarzystw Regionalnych \u201eKraszczady. Krajobraz, pami\u0119\u0107, ludzie, przysz\u0142o\u015b\u0107 ziemi krasnostawskiej\u201d\" class=\"wp-image-88066 not-transparent\" srcset=\"https:\/\/wbp.lublin.pl\/wp-content\/uploads\/2026\/09\/Bedzie-nam-niezwykle-milo-goscic-Panstwa-podczas-tego-wydarzenia-1010x1080.webp 1010w, https:\/\/wbp.lublin.pl\/wp-content\/uploads\/2026\/09\/Bedzie-nam-niezwykle-milo-goscic-Panstwa-podczas-tego-wydarzenia-561x600.webp 561w, https:\/\/wbp.lublin.pl\/wp-content\/uploads\/2026\/09\/Bedzie-nam-niezwykle-milo-goscic-Panstwa-podczas-tego-wydarzenia-374x400.webp 374w, https:\/\/wbp.lublin.pl\/wp-content\/uploads\/2026\/09\/Bedzie-nam-niezwykle-milo-goscic-Panstwa-podczas-tego-wydarzenia-768x821.webp 768w, https:\/\/wbp.lublin.pl\/wp-content\/uploads\/2026\/09\/Bedzie-nam-niezwykle-milo-goscic-Panstwa-podczas-tego-wydarzenia-1437x1536.webp 1437w, https:\/\/wbp.lublin.pl\/wp-content\/uploads\/2026\/09\/Bedzie-nam-niezwykle-milo-goscic-Panstwa-podczas-tego-wydarzenia-1915x2048.webp 1915w, https:\/\/wbp.lublin.pl\/wp-content\/uploads\/2026\/09\/Bedzie-nam-niezwykle-milo-goscic-Panstwa-podczas-tego-wydarzenia-947x1012.webp 947w, https:\/\/wbp.lublin.pl\/wp-content\/uploads\/2026\/09\/Bedzie-nam-niezwykle-milo-goscic-Panstwa-podczas-tego-wydarzenia-624x667.webp 624w\" \/><\/a><\/figure>\n<\/div>\n\n<div class=\"wp-block-image\">\n<figure class=\"aligncenter size-full\"><img data-dominant-color=\"b6c2b8\" data-has-transparency=\"false\" style=\"--dominant-color: #b6c2b8;\" loading=\"lazy\" decoding=\"async\" width=\"1322\" height=\"295\" sizes=\"auto, (max-width: 1322px) 100vw, 1322px\" src=\"https:\/\/wbp.lublin.pl\/wp-content\/uploads\/2026\/09\/image.webp\" alt=\"Konferencja regionalna Wojew\u00f3dzkiej Rady Towarzystw Regionalnych \u201eKraszczady. Krajobraz, pami\u0119\u0107, ludzie, przysz\u0142o\u015b\u0107 ziemi krasnostawskiej\u201d\" class=\"wp-image-88067 not-transparent\" srcset=\"https:\/\/wbp.lublin.pl\/wp-content\/uploads\/2026\/09\/image.webp 1322w, https:\/\/wbp.lublin.pl\/wp-content\/uploads\/2026\/09\/image-400x89.webp 400w, https:\/\/wbp.lublin.pl\/wp-content\/uploads\/2026\/09\/image-600x134.webp 600w, https:\/\/wbp.lublin.pl\/wp-content\/uploads\/2026\/09\/image-766x171.webp 766w, https:\/\/wbp.lublin.pl\/wp-content\/uploads\/2026\/09\/image-946x211.webp 946w, https:\/\/wbp.lublin.pl\/wp-content\/uploads\/2026\/09\/image-623x139.webp 623w\" \/><\/figure>\n<\/div>\n\n\n<p class=\"wp-block-paragraph\"><\/p>\n","protected":false},"excerpt":{"rendered":"","protected":false},"author":30,"featured_media":88069,"comment_status":"closed","ping_status":"closed","sticky":false,"template":"","format":"standard","meta":{"_tec_requires_first_save":true,"pgc_sgb_lightbox_settings":"","_EventAllDay":false,"_EventTimezone":"","_EventStartDate":"","_EventEndDate":"","_EventStartDateUTC":"","_EventEndDateUTC":"","_EventShowMap":false,"_EventShowMapLink":false,"_EventURL":"","_EventCost":"","_EventCostDescription":"","_EventCurrencySymbol":"","_EventCurrencyCode":"","_EventCurrencyPosition":"","_EventDateTimeSeparator":"","_EventTimeRangeSeparator":"","_EventOrganizerID":[],"_EventVenueID":[],"_OrganizerEmail":"","_OrganizerPhone":"","_OrganizerWebsite":"","_VenueAddress":"","_VenueCity":"","_VenueCountry":"","_VenueProvince":"","_VenueState":"","_VenueZip":"","_VenuePhone":"","_VenueURL":"","_VenueStateProvince":"","_VenueLat":"","_VenueLng":"","_VenueShowMap":false,"_VenueShowMapLink":false,"_tribe_blocks_recurrence_rules":"","_tribe_blocks_recurrence_description":"","_tribe_blocks_recurrence_exclusions":"","footnotes":""},"categories":[10,88],"tags":[],"class_list":["post-88062","post","type-post","status-publish","format-standard","has-post-thumbnail","hentry","category-aktualnosci","category-wyklady-i-konferencje"],"publishpress_future_action":{"enabled":false,"date":"2026-09-12 08:22:43","action":"change-status","newStatus":"draft","terms":[],"taxonomy":"category","extraData":[]},"publishpress_future_workflow_manual_trigger":{"enabledWorkflows":[]},"_links":{"self":[{"href":"https:\/\/wbp.lublin.pl\/index.php\/wp-json\/wp\/v2\/posts\/88062","targetHints":{"allow":["GET"]}}],"collection":[{"href":"https:\/\/wbp.lublin.pl\/index.php\/wp-json\/wp\/v2\/posts"}],"about":[{"href":"https:\/\/wbp.lublin.pl\/index.php\/wp-json\/wp\/v2\/types\/post"}],"author":[{"embeddable":true,"href":"https:\/\/wbp.lublin.pl\/index.php\/wp-json\/wp\/v2\/users\/30"}],"replies":[{"embeddable":true,"href":"https:\/\/wbp.lublin.pl\/index.php\/wp-json\/wp\/v2\/comments?post=88062"}],"version-history":[{"count":1,"href":"https:\/\/wbp.lublin.pl\/index.php\/wp-json\/wp\/v2\/posts\/88062\/revisions"}],"predecessor-version":[{"id":88070,"href":"https:\/\/wbp.lublin.pl\/index.php\/wp-json\/wp\/v2\/posts\/88062\/revisions\/88070"}],"wp:featuredmedia":[{"embeddable":true,"href":"https:\/\/wbp.lublin.pl\/index.php\/wp-json\/wp\/v2\/media\/88069"}],"wp:attachment":[{"href":"https:\/\/wbp.lublin.pl\/index.php\/wp-json\/wp\/v2\/media?parent=88062"}],"wp:term":[{"taxonomy":"category","embeddable":true,"href":"https:\/\/wbp.lublin.pl\/index.php\/wp-json\/wp\/v2\/categories?post=88062"},{"taxonomy":"post_tag","embeddable":true,"href":"https:\/\/wbp.lublin.pl\/index.php\/wp-json\/wp\/v2\/tags?post=88062"}],"curies":[{"name":"wp","href":"https:\/\/api.w.org\/{rel}","templated":true}]}}