{"id":88120,"date":"2026-09-05T09:49:55","date_gmt":"2026-09-05T07:49:55","guid":{"rendered":"https:\/\/wbp.lublin.pl\/?p=88120"},"modified":"2026-09-05T09:49:55","modified_gmt":"2026-09-05T07:49:55","slug":"jubileuszowa-wystawa-prac-plastycznych-z-okazji-65-lecia-dzialalnosci-psnp","status":"publish","type":"post","link":"https:\/\/wbp.lublin.pl\/index.php\/2026\/09\/05\/jubileuszowa-wystawa-prac-plastycznych-z-okazji-65-lecia-dzialalnosci-psnp\/","title":{"rendered":"Jubileuszowa wystawa prac plastycznych z okazji 65-lecia dzia\u0142alno\u015bci PSNP"},"content":{"rendered":"\n<!--more-->\n\n\n\n<p class=\"has-text-align-center wp-block-paragraph\"><strong>Zarz\u0105d Polskiego Stowarzyszenia Nauczycieli Plastyk\u00f3w<\/strong><\/p>\n\n\n\n<p class=\"has-text-align-center wp-block-paragraph\">oraz<\/p>\n\n\n\n<p class=\"has-text-align-center wp-block-paragraph\"><strong>Dyrekcja Wojew\u00f3dzkiej Biblioteki Publicznej im. Hieronima \u0141opaci\u0144skiego w Lublinie<\/strong><\/p>\n\n\n\n<p class=\"has-text-align-center wp-block-paragraph\">zapraszaj\u0105 na <br>jubileuszow\u0105 wystaw\u0119 prac plastycznych z okazji 65-lecia dzia\u0142alno\u015bci PSNP<\/p>\n\n\n<div class=\"wp-block-image\">\n<figure class=\"aligncenter size-large\"><img data-dominant-color=\"938976\" data-has-transparency=\"false\" style=\"--dominant-color: #938976;\" loading=\"lazy\" decoding=\"async\" width=\"1619\" height=\"1080\" sizes=\"auto, (max-width: 1619px) 100vw, 1619px\" src=\"https:\/\/wbp.lublin.pl\/wp-content\/uploads\/2026\/09\/DSC_2000-1-1619x1080.webp\" alt=\"Jubileuszowa wystawa prac plastycznych z okazji 65-lecia dzia\u0142alno\u015bci PSNP\" class=\"wp-image-88121 not-transparent\" srcset=\"https:\/\/wbp.lublin.pl\/wp-content\/uploads\/2026\/09\/DSC_2000-1-1619x1080.webp 1619w, https:\/\/wbp.lublin.pl\/wp-content\/uploads\/2026\/09\/DSC_2000-1-400x267.webp 400w, https:\/\/wbp.lublin.pl\/wp-content\/uploads\/2026\/09\/DSC_2000-1-600x400.webp 600w, https:\/\/wbp.lublin.pl\/wp-content\/uploads\/2026\/09\/DSC_2000-1-768x512.webp 768w, https:\/\/wbp.lublin.pl\/wp-content\/uploads\/2026\/09\/DSC_2000-1-1536x1024.webp 1536w, https:\/\/wbp.lublin.pl\/wp-content\/uploads\/2026\/09\/DSC_2000-1-2048x1366.webp 2048w, https:\/\/wbp.lublin.pl\/wp-content\/uploads\/2026\/09\/DSC_2000-1-946x631.webp 946w, https:\/\/wbp.lublin.pl\/wp-content\/uploads\/2026\/09\/DSC_2000-1-624x416.webp 624w, https:\/\/wbp.lublin.pl\/wp-content\/uploads\/2026\/09\/DSC_2000-1-84x56.webp 84w\" \/><\/figure>\n<\/div>\n\n\n<p class=\"has-text-align-center wp-block-paragraph\">Wystawa czynna w dniach <strong>04.09-30.09<\/strong> w godzinach pracy Biblioteki<br>Galeria Biblioteki<br>(2 pi\u0119tro &#8211; bezpo\u015bredni dojazd wind\u0105 nie jest mo\u017cliwy)<\/p>\n\n\n<div class=\"wp-block-image\">\n<figure class=\"aligncenter size-full\"><img data-dominant-color=\"f0ece9\" data-has-transparency=\"false\" style=\"--dominant-color: #f0ece9;\" loading=\"lazy\" decoding=\"async\" width=\"651\" height=\"108\" sizes=\"auto, (max-width: 651px) 100vw, 651px\" src=\"https:\/\/wbp.lublin.pl\/wp-content\/uploads\/2026\/09\/image-1.webp\" alt=\"Jubileuszowa wystawa prac plastycznych z okazji 65-lecia dzia\u0142alno\u015bci PSNP\" class=\"wp-image-88122 not-transparent\" srcset=\"https:\/\/wbp.lublin.pl\/wp-content\/uploads\/2026\/09\/image-1.webp 651w, https:\/\/wbp.lublin.pl\/wp-content\/uploads\/2026\/09\/image-1-400x66.webp 400w, https:\/\/wbp.lublin.pl\/wp-content\/uploads\/2026\/09\/image-1-600x100.webp 600w, https:\/\/wbp.lublin.pl\/wp-content\/uploads\/2026\/09\/image-1-621x103.webp 621w\" \/><\/figure>\n<\/div>\n\n\n<p class=\"has-text-align-right wp-block-paragraph\"><em>Dzia\u0142 Informacji i Promocji<\/em><\/p>\n\n\n\n<p class=\"wp-block-paragraph\"><\/p>\n","protected":false},"excerpt":{"rendered":"","protected":false},"author":30,"featured_media":88121,"comment_status":"closed","ping_status":"closed","sticky":false,"template":"","format":"standard","meta":{"_tec_requires_first_save":true,"pgc_sgb_lightbox_settings":"","_EventAllDay":false,"_EventTimezone":"","_EventStartDate":"","_EventEndDate":"","_EventStartDateUTC":"","_EventEndDateUTC":"","_EventShowMap":false,"_EventShowMapLink":false,"_EventURL":"","_EventCost":"","_EventCostDescription":"","_EventCurrencySymbol":"","_EventCurrencyCode":"","_EventCurrencyPosition":"","_EventDateTimeSeparator":"","_EventTimeRangeSeparator":"","_EventOrganizerID":[],"_EventVenueID":[],"_OrganizerEmail":"","_OrganizerPhone":"","_OrganizerWebsite":"","_VenueAddress":"","_VenueCity":"","_VenueCountry":"","_VenueProvince":"","_VenueState":"","_VenueZip":"","_VenuePhone":"","_VenueURL":"","_VenueStateProvince":"","_VenueLat":"","_VenueLng":"","_VenueShowMap":false,"_VenueShowMapLink":false,"_tribe_blocks_recurrence_rules":"","_tribe_blocks_recurrence_description":"","_tribe_blocks_recurrence_exclusions":"","footnotes":""},"categories":[10,55],"tags":[],"class_list":["post-88120","post","type-post","status-publish","format-standard","has-post-thumbnail","hentry","category-aktualnosci","category-wystawy"],"publishpress_future_action":{"enabled":false,"date":"2026-09-12 13:52:11","action":"change-status","newStatus":"draft","terms":[],"taxonomy":"category","extraData":[]},"publishpress_future_workflow_manual_trigger":{"enabledWorkflows":[]},"_links":{"self":[{"href":"https:\/\/wbp.lublin.pl\/index.php\/wp-json\/wp\/v2\/posts\/88120","targetHints":{"allow":["GET"]}}],"collection":[{"href":"https:\/\/wbp.lublin.pl\/index.php\/wp-json\/wp\/v2\/posts"}],"about":[{"href":"https:\/\/wbp.lublin.pl\/index.php\/wp-json\/wp\/v2\/types\/post"}],"author":[{"embeddable":true,"href":"https:\/\/wbp.lublin.pl\/index.php\/wp-json\/wp\/v2\/users\/30"}],"replies":[{"embeddable":true,"href":"https:\/\/wbp.lublin.pl\/index.php\/wp-json\/wp\/v2\/comments?post=88120"}],"version-history":[{"count":1,"href":"https:\/\/wbp.lublin.pl\/index.php\/wp-json\/wp\/v2\/posts\/88120\/revisions"}],"predecessor-version":[{"id":88123,"href":"https:\/\/wbp.lublin.pl\/index.php\/wp-json\/wp\/v2\/posts\/88120\/revisions\/88123"}],"wp:featuredmedia":[{"embeddable":true,"href":"https:\/\/wbp.lublin.pl\/index.php\/wp-json\/wp\/v2\/media\/88121"}],"wp:attachment":[{"href":"https:\/\/wbp.lublin.pl\/index.php\/wp-json\/wp\/v2\/media?parent=88120"}],"wp:term":[{"taxonomy":"category","embeddable":true,"href":"https:\/\/wbp.lublin.pl\/index.php\/wp-json\/wp\/v2\/categories?post=88120"},{"taxonomy":"post_tag","embeddable":true,"href":"https:\/\/wbp.lublin.pl\/index.php\/wp-json\/wp\/v2\/tags?post=88120"}],"curies":[{"name":"wp","href":"https:\/\/api.w.org\/{rel}","templated":true}]}}