{"id":8832,"date":"2016-05-23T11:43:28","date_gmt":"2016-05-23T09:43:28","guid":{"rendered":"https:\/\/wbp.lublin.pl8\/index.php\/2016\/05\/23\/finalistki-gryfii-2016\/"},"modified":"2018-06-24T14:44:49","modified_gmt":"2018-06-24T12:44:49","slug":"finalistki-gryfii-2016","status":"publish","type":"post","link":"https:\/\/wbp.lublin.pl\/index.php\/2016\/05\/23\/finalistki-gryfii-2016\/","title":{"rendered":"FINALISTKI GRYFII 2016"},"content":{"rendered":"<p>Jury w sk\u0142adzie: Joanna Laprus-Mikulska (przewodnicz\u0105ca), prof.  Robert Cie\u015blak, Artur Daniel Liskowacki oraz Konrad Wojty\u0142a. Do tej pory  Gryfi\u0119 wygra\u0142y         cztery autorki: Magdalena Tulli, Zyta Oryszyn,  Ma\u0142gorzata Rejmer oraz Ewa Winnicka, przedstawi\u0142o          pi\u0119\u0107 autorek  nominowanych do fina\u0142u Og\u00f3lnopolskiej Nagrody Literackiej dla Autorki  Gryfia:<\/p>\n<p>Anna Janko      <em>Ma\u0142a Zag\u0142ada<\/em><\/p>\n<p>Katarzyna Gondek      <em>Otolit<\/em><\/p>\n<p>Magdalena Kici\u0144ska      <em>Pani Stefa<\/em><\/p>\n<p>Renata Lis      <em>W lodach Prowansji. Bunin na wygnaniu<\/em><\/p>\n<p>Agata Tuszy\u0144ska      <em>Narzeczona Schulza<\/em><\/p>\n<p>Wi\u0119cej informacji tutaj.<\/p>\n<p><a href=\"http:\/\/www.instytutksiazki.pl\/wydarzenia,aktualnosci,35242,finalistki-gryfii-2016.html\">         http:\/\/www.instytutksiazki.pl\/wydarzenia,aktualnosci,35242,finalistki-gryfii-2016.html     <\/a><strong><br \/> <\/strong><\/p>\n","protected":false},"excerpt":{"rendered":"<p>Jury w sk\u0142adzie: Joanna Laprus-Mikulska (przewodnicz\u0105ca), prof. Robert Cie\u015blak, Artur Daniel Liskowacki oraz Konrad Wojty\u0142a. Do tej pory Gryfi\u0119 wygra\u0142y cztery autorki: Magdalena Tulli, Zyta Oryszyn, Ma\u0142gorzata Rejmer oraz Ewa [&hellip;]<\/p>\n","protected":false},"author":9,"featured_media":0,"comment_status":"open","ping_status":"open","sticky":false,"template":"","format":"standard","meta":{"_tec_requires_first_save":true,"_crdt_document":"","pgc_sgb_lightbox_settings":"","_EventAllDay":false,"_EventTimezone":"","_EventStartDate":"","_EventEndDate":"","_EventStartDateUTC":"","_EventEndDateUTC":"","_EventShowMap":false,"_EventShowMapLink":false,"_EventURL":"","_EventCost":"","_EventCostDescription":"","_EventCurrencySymbol":"","_EventCurrencyCode":"","_EventCurrencyPosition":"","_EventDateTimeSeparator":"","_EventTimeRangeSeparator":"","_EventOrganizerID":[],"_EventVenueID":[],"_OrganizerEmail":"","_OrganizerPhone":"","_OrganizerWebsite":"","_VenueAddress":"","_VenueCity":"","_VenueCountry":"","_VenueProvince":"","_VenueState":"","_VenueZip":"","_VenuePhone":"","_VenueURL":"","_VenueStateProvince":"","_VenueLat":"","_VenueLng":"","_VenueShowMap":false,"_VenueShowMapLink":false,"_tribe_blocks_recurrence_rules":"","_tribe_blocks_recurrence_description":"","_tribe_blocks_recurrence_exclusions":"","footnotes":""},"categories":[105],"tags":[],"class_list":["post-8832","post","type-post","status-publish","format-standard","hentry","category-aktualnosci-dkk"],"publishpress_future_action":{"enabled":false,"date":"2026-05-06 12:18:48","action":"change-status","newStatus":"draft","terms":[],"taxonomy":"category","extraData":[]},"publishpress_future_workflow_manual_trigger":{"enabledWorkflows":[]},"_links":{"self":[{"href":"https:\/\/wbp.lublin.pl\/index.php\/wp-json\/wp\/v2\/posts\/8832","targetHints":{"allow":["GET"]}}],"collection":[{"href":"https:\/\/wbp.lublin.pl\/index.php\/wp-json\/wp\/v2\/posts"}],"about":[{"href":"https:\/\/wbp.lublin.pl\/index.php\/wp-json\/wp\/v2\/types\/post"}],"author":[{"embeddable":true,"href":"https:\/\/wbp.lublin.pl\/index.php\/wp-json\/wp\/v2\/users\/9"}],"replies":[{"embeddable":true,"href":"https:\/\/wbp.lublin.pl\/index.php\/wp-json\/wp\/v2\/comments?post=8832"}],"version-history":[{"count":1,"href":"https:\/\/wbp.lublin.pl\/index.php\/wp-json\/wp\/v2\/posts\/8832\/revisions"}],"predecessor-version":[{"id":9449,"href":"https:\/\/wbp.lublin.pl\/index.php\/wp-json\/wp\/v2\/posts\/8832\/revisions\/9449"}],"wp:attachment":[{"href":"https:\/\/wbp.lublin.pl\/index.php\/wp-json\/wp\/v2\/media?parent=8832"}],"wp:term":[{"taxonomy":"category","embeddable":true,"href":"https:\/\/wbp.lublin.pl\/index.php\/wp-json\/wp\/v2\/categories?post=8832"},{"taxonomy":"post_tag","embeddable":true,"href":"https:\/\/wbp.lublin.pl\/index.php\/wp-json\/wp\/v2\/tags?post=8832"}],"curies":[{"name":"wp","href":"https:\/\/api.w.org\/{rel}","templated":true}]}}