{"id":8901,"date":"2016-07-12T08:39:49","date_gmt":"2016-07-12T06:39:49","guid":{"rendered":"https:\/\/wbp.lublin.pl8\/index.php\/2016\/07\/12\/sabaa-zieliska-beata-jak-wysoko-siga-mio-ycie-po-broad-peak\/"},"modified":"2018-07-02T21:57:52","modified_gmt":"2018-07-02T19:57:52","slug":"sabaa-zieliska-beata-jak-wysoko-siga-mio-ycie-po-broad-peak","status":"publish","type":"post","link":"https:\/\/wbp.lublin.pl\/index.php\/2016\/07\/12\/sabaa-zieliska-beata-jak-wysoko-siga-mio-ycie-po-broad-peak\/","title":{"rendered":"Saba\u0142a-Zieli\u0144ska Beata: Jak wysoko si\u0119ga mi\u0142o\u015b\u0107? \u017bycie po Broad Peak"},"content":{"rendered":"<p><span style=\"font-family: Verdana;\"><span style=\"font-size: 12px;\"><span id=\"1468313350351S\" style=\"display: none;\">\u00a0<\/span><\/span><\/span><\/p>\n<p style=\"text-align: justify;\"><span style=\"font-family: Verdana;\"><span style=\"font-size: 12px;\"><b style=\"mso-bidi-font-weight: normal;\"><span style=\"line-height: 150%;\">&#8222;Jak wysoko si\u0119ga mi\u0142o\u015b\u0107? \u017bycie po Broad Peak&#8221;<\/span><\/b><span style=\"line-height: 150%;\"> to najnowsza ksi\u0105\u017cka zakopia\u0144skiej dziennikarki radiowej Beaty Saba\u0142y-Zieli\u0144skiej. Ju\u017c z podtytu\u0142u dowiadujemy si\u0119, \u017ce jest to &#8222;opowie\u015b\u0107 \u017cony himalaisty&#8221; Ewy Berbeki. Od razu przypomina si\u0119 g\u0142o\u015bna, medialna sprawa sprzed kilku lat, kiedy radio i telewizja najpierw informowa\u0142y o pierwszym zimowym zdobyciu g\u00f3ry przez polskich himalaist\u00f3w a potem z jeszcze wi\u0119kszym rozmachem o \u015bmierci dw\u00f3ch z nich. Przez kolejnych kilka tygodni mogli\u015bmy ogl\u0105da\u0107 wywiady ze specjalistami &#8222;od g\u00f3r&#8221;, dywagacje i prokuratorskie \u015bledztwo, co si\u0119 w tych g\u00f3rach wydarzy\u0142o, \u017ce dwaj z czterech zdobywc\u00f3w szczytu nie wr\u00f3cili, \u017ce zgin\u0119li.<\/span><\/span><\/span><\/p>\n<p>&nbsp;<\/p>\n<p style=\"text-align: justify;\"><span style=\"line-height: 150%;\">Wydaje si\u0119, \u017ce skoro ju\u017c na pocz\u0105tku historii wiemy jak ona si\u0119 sko\u0144czy, to po co czyta\u0107, gdzie tu emocje, zwroty akcji, ciekawo\u015b\u0107? A jednak ta ksi\u0105\u017cka urzeka ju\u017c od pierwszych stron. Napisana \u015bwietnym, potoczystym j\u0119zykiem historia rodziny Berbek\u00f3w, pe\u0142na anegdot, mi\u0142ych wspomnie\u0144, cudownych moment\u00f3w, jak narodziny kolejnych syn\u00f3w ale te\u017c czas\u00f3w trudnych, smutnych, jak w \u017cyciu. Ale nad ca\u0142o\u015bci\u0105 opowie\u015bci dominuj\u0105 g\u00f3ry, mi\u0142o\u015b\u0107 do nich g\u0142\u00f3wnego &#8222;nieobecnego&#8221;, Ma\u0107ka Berbeki i pe\u0142na<\/span> <span style=\"line-height: 150%;\">akceptacja i zrozumienie dla tej mi\u0142o\u015bci jego \u017cony Ewy.<\/span><\/p>\n<p>&nbsp;<\/p>\n<p class=\"MsoNormal\" style=\"margin-bottom: .0001pt; text-align: justify; line-height: 150%;\"><span style=\"line-height: 150%;\">\u00a0\u00a0\u00a0\u00a0\u00a0\u00a0\u00a0\u00a0\u00a0\u00a0\u00a0 To wraz z ni\u0105 przenosimy si\u0119 w r\u00f3\u017cne miejsca \u015bwiata, gdzie je\u017adzi\u0142a z m\u0119\u017cem i wraz z ni\u0105 udajemy si\u0119 w ostatni\u0105 podr\u00f3\u017c w g\u00f3ry, podr\u00f3\u017c po\u017cegnaln\u0105. Wraz z czterema synami wyruszy\u0142a znowu pod Broad Peak, wyruszy\u0142a by po raz ostatni &#8222;poby\u0107&#8221; z m\u0119\u017cem i si\u0119 z nim symbolicznie po\u017cegna\u0107.<\/span><\/p>\n<p>&nbsp;<\/p>\n<p class=\"MsoNormal\" style=\"margin-bottom: .0001pt; text-align: justify; line-height: 150%;\"><span style=\"line-height: 150%;\">\u00a0\u00a0\u00a0\u00a0\u00a0\u00a0\u00a0\u00a0\u00a0\u00a0\u00a0 I chocia\u017c nigdy nie rozumia\u0142am, dlaczego ludzie, kt\u00f3rzy maj\u0105 rodziny, dzieci, ryzukuj\u0105 \u017cycie dla w\u0142asnch pasji to t\u0119 ksi\u0105\u017ck\u0119 przeczyta\u0142am jednym tchem. Polecam wszystkim, a dla tych, kt\u00f3rzy kochaj\u0105 g\u00f3ry, to lektura obowi\u0105zkowa.<\/span><\/p>\n<p>&nbsp;<\/p>\n<p class=\"MsoNormal\" style=\"margin-bottom: .0001pt; text-align: justify; line-height: 150%;\"><span style=\"line-height: 150%;\">\u00a0\u00a0\u00a0\u00a0\u00a0\u00a0\u00a0\u00a0\u00a0\u00a0\u00a0 I jeszcze fragment, kt\u00f3ry pozwoli\u0142 mi chocia\u017c troch\u0119 zrozumie\u0107 ludzi g\u00f3r: Wychodz\u0105c w g\u00f3ry, cz\u0142owiek wkracza w inny \u015bwiat. Znacznie spokojniejszy, z u\u015bmiechni\u0119tymi i niezwykle serdecznymi lud\u017ami. I w\u0142a\u015bnie w\u0119druj\u0105c w\u015br\u00f3d nich, zmagaj\u0105c si\u0119 ze sob\u0105 i w\u0142asnymi s\u0142abo\u015bciami, wszystko nagle zrozumia\u0142am&#8230;.W Himalajach obcujemy z najlepsz\u0105 stron\u0105 ludzkiej duszy! To jest ta tajemnica. Tam jest harmonia i dystans do \u015bwiata. Oaza spokoju. To miejsce, w kt\u00f3rym mamy szans\u0119 odnale\u017a\u0107 siebie, a poszukiwanie siebie to najbardziej ekscytuj\u0105ca wyprawa&#8221;.<\/span><span style=\"font-family: Verdana;\"><span style=\"font-size: 12px;\">\u00a0<\/span><\/span><\/p>\n<p>&nbsp;<\/p>\n<p class=\"MsoNormal\" style=\"margin-bottom: 0.0001pt; text-align: justify; line-height: 115%;\"><span style=\"line-height: 115%;\">Iwona Ma\u0144ka<\/span><\/p>\n<p>&nbsp;<\/p>\n<p class=\"MsoNormal\" style=\"margin-bottom: 0.0001pt; text-align: justify; line-height: 115%;\"><span style=\"line-height: 115%;\">DKK dla doros\u0142ych<br \/>\nw Modliborzycach,<br \/>\nwoj. lubelskie<\/span><\/p>\n<p><span style=\"font-family: Verdana;\"><span style=\"font-size: 12px;\">\u00a0<\/span><\/span><\/p>\n<p><span id=\"1468313350287E\" style=\"display: none;\">\u00a0<\/span><\/p>\n","protected":false},"excerpt":{"rendered":"<p>\u00a0 &#8222;Jak wysoko si\u0119ga mi\u0142o\u015b\u0107? \u017bycie po Broad Peak&#8221; to najnowsza ksi\u0105\u017cka zakopia\u0144skiej dziennikarki radiowej Beaty Saba\u0142y-Zieli\u0144skiej. Ju\u017c z podtytu\u0142u dowiadujemy si\u0119, \u017ce jest to &#8222;opowie\u015b\u0107 \u017cony himalaisty&#8221; Ewy Berbeki. [&hellip;]<\/p>\n","protected":false},"author":9,"featured_media":0,"comment_status":"open","ping_status":"open","sticky":false,"template":"","format":"standard","meta":{"_tec_requires_first_save":true,"_crdt_document":"","pgc_sgb_lightbox_settings":"","_EventAllDay":false,"_EventTimezone":"","_EventStartDate":"","_EventEndDate":"","_EventStartDateUTC":"","_EventEndDateUTC":"","_EventShowMap":false,"_EventShowMapLink":false,"_EventURL":"","_EventCost":"","_EventCostDescription":"","_EventCurrencySymbol":"","_EventCurrencyCode":"","_EventCurrencyPosition":"","_EventDateTimeSeparator":"","_EventTimeRangeSeparator":"","_EventOrganizerID":[],"_EventVenueID":[],"_OrganizerEmail":"","_OrganizerPhone":"","_OrganizerWebsite":"","_VenueAddress":"","_VenueCity":"","_VenueCountry":"","_VenueProvince":"","_VenueState":"","_VenueZip":"","_VenuePhone":"","_VenueURL":"","_VenueStateProvince":"","_VenueLat":"","_VenueLng":"","_VenueShowMap":false,"_VenueShowMapLink":false,"_tribe_blocks_recurrence_rules":"","_tribe_blocks_recurrence_description":"","_tribe_blocks_recurrence_exclusions":"","footnotes":""},"categories":[110],"tags":[],"class_list":["post-8901","post","type-post","status-publish","format-standard","hentry","category-recenzje-klubowiczow"],"publishpress_future_action":{"enabled":false,"date":"2026-05-06 06:24:11","action":"change-status","newStatus":"draft","terms":[],"taxonomy":"category","extraData":[]},"publishpress_future_workflow_manual_trigger":{"enabledWorkflows":[]},"_links":{"self":[{"href":"https:\/\/wbp.lublin.pl\/index.php\/wp-json\/wp\/v2\/posts\/8901","targetHints":{"allow":["GET"]}}],"collection":[{"href":"https:\/\/wbp.lublin.pl\/index.php\/wp-json\/wp\/v2\/posts"}],"about":[{"href":"https:\/\/wbp.lublin.pl\/index.php\/wp-json\/wp\/v2\/types\/post"}],"author":[{"embeddable":true,"href":"https:\/\/wbp.lublin.pl\/index.php\/wp-json\/wp\/v2\/users\/9"}],"replies":[{"embeddable":true,"href":"https:\/\/wbp.lublin.pl\/index.php\/wp-json\/wp\/v2\/comments?post=8901"}],"version-history":[{"count":2,"href":"https:\/\/wbp.lublin.pl\/index.php\/wp-json\/wp\/v2\/posts\/8901\/revisions"}],"predecessor-version":[{"id":12962,"href":"https:\/\/wbp.lublin.pl\/index.php\/wp-json\/wp\/v2\/posts\/8901\/revisions\/12962"}],"wp:attachment":[{"href":"https:\/\/wbp.lublin.pl\/index.php\/wp-json\/wp\/v2\/media?parent=8901"}],"wp:term":[{"taxonomy":"category","embeddable":true,"href":"https:\/\/wbp.lublin.pl\/index.php\/wp-json\/wp\/v2\/categories?post=8901"},{"taxonomy":"post_tag","embeddable":true,"href":"https:\/\/wbp.lublin.pl\/index.php\/wp-json\/wp\/v2\/tags?post=8901"}],"curies":[{"name":"wp","href":"https:\/\/api.w.org\/{rel}","templated":true}]}}