{"id":8902,"date":"2016-07-12T09:31:41","date_gmt":"2016-07-12T07:31:41","guid":{"rendered":"https:\/\/wbp.lublin.pl8\/index.php\/2016\/07\/12\/orbitowski-ukasz-inna-dusza\/"},"modified":"2018-07-02T21:57:31","modified_gmt":"2018-07-02T19:57:31","slug":"orbitowski-ukasz-inna-dusza","status":"publish","type":"post","link":"https:\/\/wbp.lublin.pl\/index.php\/2016\/07\/12\/orbitowski-ukasz-inna-dusza\/","title":{"rendered":"Orbitowski \u0141ukasz: Inna dusza"},"content":{"rendered":"<p class=\"MsoNormal\" style=\"text-align: justify; text-indent: 35.4pt;\"><span style=\"font-family: Verdana;\"><span style=\"font-size: 12px;\"><span style=\"line-height: 107%;\">\u201eInna dusza\u201d \u0141ukasza Orbitowskiego zawiera wstrz\u0105saj\u0105ce \u015bwiadectwo o \u017cyciu spo\u0142ecze\u0144stwa polskiego w latach dziewi\u0119\u0107dziesi\u0105tych XX wieku.<\/span><\/span><\/span><\/p>\n<p class=\"MsoNormal\" style=\"text-align: justify; text-indent: 35.4pt;\"><span style=\"font-family: Verdana;\"><span style=\"font-size: 12px;\"><span style=\"line-height: 107%;\">Autor stara si\u0119 szczeg\u00f3\u0142owo przedstawi\u0107 procesy kszta\u0142towania si\u0119 osobowo\u015bci ludzi, kt\u00f3rym nowe warunki spo\u0142eczno-polityczne zagwarantowa\u0142y wolno\u015b\u0107. Czy wszyscy potrafi\u0105 rozs\u0105dnie z tego korzysta\u0107? Niestety wiele jednostek nie potrafi uszanowa\u0107 prawa do wolno\u015bci r\u00f3wnie\u017c wsp\u00f3\u0142mieszka\u0144c\u00f3w. \u0179le poj\u0119ta wolno\u015b\u0107 osobista potrafi zrodzi\u0107 zazdro\u015b\u0107, wrogo\u015b\u0107 i agresj\u0119 nawet u jednostek normalnie zachowuj\u0105cych si\u0119. O J\u0119drku s\u0105siedzi maj\u0105 dobr\u0105 opini\u0119: \u201eZawsze by\u0142 mi\u0142y, uczynny, weso\u0142y. Nikt niczego nie podejrzewa\u0142\u201d. A on potrafi\u0142 zabi\u0107 bez wyra\u017anego powodu. Na sali s\u0105dowej stwierdza: \u201eCo\u015b mi po prostu kaza\u0142o to zrobi\u0107, co\u015b we mnie i nie we mnie jednak, tak to widz\u0119\u201d. Wr\u0119cz przekonany jest, \u017ce dopu\u015bci\u0142 si\u0119 czynu zbrodniczego poza w\u0142asn\u0105 wol\u0105. Nie czuje si\u0119 odpowiedzialny za swoje czyny. S\u0105d stara si\u0119 doj\u015b\u0107 prawdy \u2013 dlaczego to zrobi\u0142?<\/span><\/span><\/span><\/p>\n<p class=\"MsoNormal\" style=\"text-align: justify; text-indent: 35.4pt;\"><span style=\"font-family: Verdana;\"><span style=\"font-size: 12px;\"><span style=\"line-height: 107%;\">Ca\u0142y proces uzewn\u0119trznia gro\u017ane zjawiska spo\u0142eczne: znieczulicy, okrucie\u0144stwa, braku szacunku dla drugiego cz\u0142owieka u jednostek zdeprawowanych. Przera\u017caj\u0105cy to przekaz dla og\u00f3\u0142u.<\/span><\/span><\/span><\/p>\n<p class=\"MsoNormal\" style=\"text-align: justify; text-indent: 35.4pt;\"><span style=\"font-family: Verdana;\"><span style=\"font-size: 12px;\"><span style=\"line-height: 107%;\">W procesie dochodzeniowym J\u0119drek przyznaje si\u0119 do zab\u00f3jstwa kolegi i kole\u017canki, i szczeg\u00f3\u0142owo opisuje swoje kroki w chwili pope\u0142nienia zbrodni, jak i sposobu zacierania \u015blad\u00f3w. Ten fragment utworu jest wyj\u0105tkowo drastyczny. Budzi groz\u0119. Taka dok\u0142adna relacja zasadna jest pewnie w dokumentach dochodzeniowych wzgl\u0119dnie w kronikach s\u0105dowych. W utworze literackim budzi wielki niepok\u00f3j. Czy mo\u017cna by\u0107 pewnym, \u017ce nie stanie si\u0119 pobudk\u0105 do wypaczonych zachowa\u0144 os\u00f3b np. z zaburzeniami samokontroli?<\/span><\/span><\/span><\/p>\n<p class=\"MsoNormal\" style=\"text-align: justify; text-indent: 35.4pt;\"><span style=\"font-family: Verdana;\"><span style=\"font-size: 12px;\"><span style=\"line-height: 107%;\">Wstrz\u0105saj\u0105ca lektura. Dla czytelnika o du\u017cej odporno\u015bci psychicznej.<\/span><\/span><\/span><\/p>\n<p class=\"MsoNormal\" style=\"text-align: justify; text-indent: 35.4pt;\">A<span style=\"font-family: Verdana;\"><span style=\"font-size: 12px;\"><span style=\"line-height: 107%;\">ntonina Podolak<br \/>\nDKK J\u00f3zef\u00f3w<\/span><\/span><\/span><\/p>\n<p>&nbsp;<\/p>\n","protected":false},"excerpt":{"rendered":"<p>\u201eInna dusza\u201d \u0141ukasza Orbitowskiego zawiera wstrz\u0105saj\u0105ce \u015bwiadectwo o \u017cyciu spo\u0142ecze\u0144stwa polskiego w latach dziewi\u0119\u0107dziesi\u0105tych XX wieku. Autor stara si\u0119 szczeg\u00f3\u0142owo przedstawi\u0107 procesy kszta\u0142towania si\u0119 osobowo\u015bci ludzi, kt\u00f3rym nowe warunki spo\u0142eczno-polityczne [&hellip;]<\/p>\n","protected":false},"author":9,"featured_media":0,"comment_status":"open","ping_status":"open","sticky":false,"template":"","format":"standard","meta":{"_tec_requires_first_save":true,"_crdt_document":"","pgc_sgb_lightbox_settings":"","_EventAllDay":false,"_EventTimezone":"","_EventStartDate":"","_EventEndDate":"","_EventStartDateUTC":"","_EventEndDateUTC":"","_EventShowMap":false,"_EventShowMapLink":false,"_EventURL":"","_EventCost":"","_EventCostDescription":"","_EventCurrencySymbol":"","_EventCurrencyCode":"","_EventCurrencyPosition":"","_EventDateTimeSeparator":"","_EventTimeRangeSeparator":"","_EventOrganizerID":[],"_EventVenueID":[],"_OrganizerEmail":"","_OrganizerPhone":"","_OrganizerWebsite":"","_VenueAddress":"","_VenueCity":"","_VenueCountry":"","_VenueProvince":"","_VenueState":"","_VenueZip":"","_VenuePhone":"","_VenueURL":"","_VenueStateProvince":"","_VenueLat":"","_VenueLng":"","_VenueShowMap":false,"_VenueShowMapLink":false,"_tribe_blocks_recurrence_rules":"","_tribe_blocks_recurrence_description":"","_tribe_blocks_recurrence_exclusions":"","footnotes":""},"categories":[110],"tags":[],"class_list":["post-8902","post","type-post","status-publish","format-standard","hentry","category-recenzje-klubowiczow"],"publishpress_future_action":{"enabled":false,"date":"2026-05-06 07:41:08","action":"change-status","newStatus":"draft","terms":[],"taxonomy":"category","extraData":[]},"publishpress_future_workflow_manual_trigger":{"enabledWorkflows":[]},"_links":{"self":[{"href":"https:\/\/wbp.lublin.pl\/index.php\/wp-json\/wp\/v2\/posts\/8902","targetHints":{"allow":["GET"]}}],"collection":[{"href":"https:\/\/wbp.lublin.pl\/index.php\/wp-json\/wp\/v2\/posts"}],"about":[{"href":"https:\/\/wbp.lublin.pl\/index.php\/wp-json\/wp\/v2\/types\/post"}],"author":[{"embeddable":true,"href":"https:\/\/wbp.lublin.pl\/index.php\/wp-json\/wp\/v2\/users\/9"}],"replies":[{"embeddable":true,"href":"https:\/\/wbp.lublin.pl\/index.php\/wp-json\/wp\/v2\/comments?post=8902"}],"version-history":[{"count":2,"href":"https:\/\/wbp.lublin.pl\/index.php\/wp-json\/wp\/v2\/posts\/8902\/revisions"}],"predecessor-version":[{"id":12937,"href":"https:\/\/wbp.lublin.pl\/index.php\/wp-json\/wp\/v2\/posts\/8902\/revisions\/12937"}],"wp:attachment":[{"href":"https:\/\/wbp.lublin.pl\/index.php\/wp-json\/wp\/v2\/media?parent=8902"}],"wp:term":[{"taxonomy":"category","embeddable":true,"href":"https:\/\/wbp.lublin.pl\/index.php\/wp-json\/wp\/v2\/categories?post=8902"},{"taxonomy":"post_tag","embeddable":true,"href":"https:\/\/wbp.lublin.pl\/index.php\/wp-json\/wp\/v2\/tags?post=8902"}],"curies":[{"name":"wp","href":"https:\/\/api.w.org\/{rel}","templated":true}]}}