{"id":8953,"date":"2016-07-29T08:15:35","date_gmt":"2016-07-29T06:15:35","guid":{"rendered":"https:\/\/wbp.lublin.pl8\/index.php\/2016\/07\/29\/rosn-ogrodek-biblioteki-w-ramach-projektu-centrum-spotkania-kultur\/"},"modified":"2018-07-04T19:46:37","modified_gmt":"2018-07-04T17:46:37","slug":"rosn-ogrodek-biblioteki-w-ramach-projektu-centrum-spotkania-kultur","status":"publish","type":"post","link":"https:\/\/wbp.lublin.pl\/index.php\/2016\/07\/29\/rosn-ogrodek-biblioteki-w-ramach-projektu-centrum-spotkania-kultur\/","title":{"rendered":"\u201eRosn\u0119\u201d \u2013 ogr\u00f3dek Biblioteki w ramach projektu Centrum Spotkania Kultur"},"content":{"rendered":"<p><!--more--><\/p>\n<p class=\"MsoNormal\" style=\"text-align: justify;\">26 lipca 2016 r. <b style=\"mso-bidi-font-weight: normal;\">Agata Kozio\u0142<\/b> (Dzia\u0142 Informacji i Promocji) udzieli\u0142a wywiadu dla Radia TOK FM. W rozmowie z red. <b style=\"mso-bidi-font-weight: normal;\">Ann\u0105 Gmiterek-Zab\u0142ock\u0105<\/b> opowiedzia\u0142a o <a href=\"http:\/\/hl.wbp.lublin.pl\/wbp\/index.php\/wydarzenia\/wiadomosci\/1804-projekt-rosn-mamy-swoj-ogrodek.html\">warzywnym ogr\u00f3dku Biblioteki<\/a>, za\u0142o\u017conym w ramach projektu \u201eRosn\u0119\u201d na patio <b style=\"mso-bidi-font-weight: normal;\">Centrum Spotkania Kultur<\/b> w Lublinie.<\/p>\n<p style=\"text-align: center;\"><img data-dominant-color=\"63605b\" data-has-transparency=\"false\" style=\"--dominant-color: #63605b;\" decoding=\"async\" class=\"size-full wp-image-8939 not-transparent\" title=\" \" src=\"http:\/\/wbp.lublin.pl\/wp-content\/uploads\/2016\/07\/wydarzenia_aktualnosci_2016_2016-07-28-Ogrodek-CSK_1.JPG\" alt=\" \" height=\"100\" \/> <img data-dominant-color=\"68645f\" data-has-transparency=\"false\" style=\"--dominant-color: #68645f;\" decoding=\"async\" class=\"size-full wp-image-8940 not-transparent\" title=\" \" src=\"http:\/\/wbp.lublin.pl\/wp-content\/uploads\/2016\/07\/wydarzenia_aktualnosci_2016_2016-07-28-Ogrodek-CSK_2.JPG\" alt=\" \" height=\"100\" \/> <img data-dominant-color=\"6b6862\" data-has-transparency=\"false\" style=\"--dominant-color: #6b6862;\" decoding=\"async\" class=\"size-full wp-image-8941 not-transparent\" title=\" \" src=\"http:\/\/wbp.lublin.pl\/wp-content\/uploads\/2016\/07\/wydarzenia_aktualnosci_2016_2016-07-28-Ogrodek-CSK_3.JPG\" alt=\" \" height=\"100\" \/> <img data-dominant-color=\"716861\" data-has-transparency=\"false\" style=\"--dominant-color: #716861;\" decoding=\"async\" class=\"size-full wp-image-8942 not-transparent\" title=\" \" src=\"http:\/\/wbp.lublin.pl\/wp-content\/uploads\/2016\/07\/wydarzenia_aktualnosci_2016_2016-07-28-Ogrodek-CSK_4.JPG\" alt=\" \" height=\"100\" \/> <img data-dominant-color=\"73726b\" data-has-transparency=\"false\" style=\"--dominant-color: #73726b;\" decoding=\"async\" class=\"size-full wp-image-8943 not-transparent\" title=\" \" src=\"http:\/\/wbp.lublin.pl\/wp-content\/uploads\/2016\/07\/wydarzenia_aktualnosci_2016_2016-07-28-Ogrodek-CSK_5.JPG\" alt=\" \" height=\"100\" \/> <img data-dominant-color=\"706d67\" data-has-transparency=\"false\" style=\"--dominant-color: #706d67;\" decoding=\"async\" class=\"size-full wp-image-8944 not-transparent\" title=\" \" src=\"http:\/\/wbp.lublin.pl\/wp-content\/uploads\/2016\/07\/wydarzenia_aktualnosci_2016_2016-07-28-Ogrodek-CSK_6.JPG\" alt=\" \" height=\"100\" \/> <img data-dominant-color=\"87898b\" data-has-transparency=\"false\" style=\"--dominant-color: #87898b;\" decoding=\"async\" class=\"size-full wp-image-8945 not-transparent\" title=\" \" src=\"http:\/\/wbp.lublin.pl\/wp-content\/uploads\/2016\/07\/wydarzenia_aktualnosci_2016_2016-07-28-Ogrodek-CSK_7.JPG\" alt=\" \" height=\"100\" \/> <img data-dominant-color=\"6e6e6b\" data-has-transparency=\"false\" style=\"--dominant-color: #6e6e6b;\" decoding=\"async\" class=\"size-full wp-image-8946 not-transparent\" title=\" \" src=\"http:\/\/wbp.lublin.pl\/wp-content\/uploads\/2016\/07\/wydarzenia_aktualnosci_2016_2016-07-28-Ogrodek-CSK_8.JPG\" alt=\" \" height=\"100\" \/> <img data-dominant-color=\"686864\" data-has-transparency=\"false\" style=\"--dominant-color: #686864;\" decoding=\"async\" class=\"size-full wp-image-8947 not-transparent\" title=\" \" src=\"http:\/\/wbp.lublin.pl\/wp-content\/uploads\/2016\/07\/wydarzenia_aktualnosci_2016_2016-07-28-Ogrodek-CSK_9.JPG\" alt=\" \" height=\"100\" \/> <img data-dominant-color=\"8d8c7d\" data-has-transparency=\"false\" style=\"--dominant-color: #8d8c7d;\" decoding=\"async\" class=\"size-full wp-image-8948 not-transparent\" title=\" \" src=\"http:\/\/wbp.lublin.pl\/wp-content\/uploads\/2016\/07\/wydarzenia_aktualnosci_2016_2016-07-28-Ogrodek-CSK_10.JPG\" alt=\" \" height=\"100\" \/> <img data-dominant-color=\"33352f\" data-has-transparency=\"false\" style=\"--dominant-color: #33352f;\" decoding=\"async\" class=\"size-full wp-image-8949 not-transparent\" title=\" \" src=\"http:\/\/wbp.lublin.pl\/wp-content\/uploads\/2016\/07\/wydarzenia_aktualnosci_2016_2016-07-28-Ogrodek-CSK_11.JPG\" alt=\" \" height=\"100\" \/> <img data-dominant-color=\"87837e\" data-has-transparency=\"false\" style=\"--dominant-color: #87837e;\" decoding=\"async\" class=\"size-full wp-image-8950 not-transparent\" title=\" \" src=\"http:\/\/wbp.lublin.pl\/wp-content\/uploads\/2016\/07\/wydarzenia_aktualnosci_2016_2016-07-28-Ogrodek-CSK_12.JPG\" alt=\" \" height=\"100\" \/> <img data-dominant-color=\"6e6b66\" data-has-transparency=\"false\" style=\"--dominant-color: #6e6b66;\" decoding=\"async\" class=\"size-full wp-image-8951 not-transparent\" title=\" \" src=\"http:\/\/wbp.lublin.pl\/wp-content\/uploads\/2016\/07\/wydarzenia_aktualnosci_2016_2016-07-28-Ogrodek-CSK_13.JPG\" alt=\" \" height=\"100\" \/> <img data-dominant-color=\"646d48\" data-has-transparency=\"false\" style=\"--dominant-color: #646d48;\" decoding=\"async\" class=\"size-full wp-image-8952 not-transparent\" title=\" \" src=\"http:\/\/wbp.lublin.pl\/wp-content\/uploads\/2016\/07\/wydarzenia_aktualnosci_2016_2016-07-28-Ogrodek-CSK_14.JPG\" alt=\" \" height=\"100\" \/><\/p>\n<p class=\"MsoNormal\" style=\"text-align: center;\" align=\"center\"><b style=\"mso-bidi-font-weight: normal;\"><i style=\"mso-bidi-font-style: normal;\">Fot. Dorota Julianna Mo\u015bcibrodzka<\/i><\/b><\/p>\n","protected":false},"excerpt":{"rendered":"","protected":false},"author":7,"featured_media":8917,"comment_status":"open","ping_status":"open","sticky":false,"template":"","format":"standard","meta":{"_tec_requires_first_save":true,"_crdt_document":"","pgc_sgb_lightbox_settings":"","_EventAllDay":false,"_EventTimezone":"","_EventStartDate":"","_EventEndDate":"","_EventStartDateUTC":"","_EventEndDateUTC":"","_EventShowMap":false,"_EventShowMapLink":false,"_EventURL":"","_EventCost":"","_EventCostDescription":"","_EventCurrencySymbol":"","_EventCurrencyCode":"","_EventCurrencyPosition":"","_EventDateTimeSeparator":"","_EventTimeRangeSeparator":"","_EventOrganizerID":[],"_EventVenueID":[],"_OrganizerEmail":"","_OrganizerPhone":"","_OrganizerWebsite":"","_VenueAddress":"","_VenueCity":"","_VenueCountry":"","_VenueProvince":"","_VenueState":"","_VenueZip":"","_VenuePhone":"","_VenueURL":"","_VenueStateProvince":"","_VenueLat":"","_VenueLng":"","_VenueShowMap":false,"_VenueShowMapLink":false,"_tribe_blocks_recurrence_rules":"","_tribe_blocks_recurrence_description":"","_tribe_blocks_recurrence_exclusions":"","footnotes":""},"categories":[10,53],"tags":[],"class_list":["post-8953","post","type-post","status-publish","format-standard","has-post-thumbnail","hentry","category-aktualnosci","category-komunikaty"],"publishpress_future_action":{"enabled":false,"date":"2026-05-06 17:41:44","action":"change-status","newStatus":"draft","terms":[],"taxonomy":"category","extraData":[]},"publishpress_future_workflow_manual_trigger":{"enabledWorkflows":[]},"_links":{"self":[{"href":"https:\/\/wbp.lublin.pl\/index.php\/wp-json\/wp\/v2\/posts\/8953","targetHints":{"allow":["GET"]}}],"collection":[{"href":"https:\/\/wbp.lublin.pl\/index.php\/wp-json\/wp\/v2\/posts"}],"about":[{"href":"https:\/\/wbp.lublin.pl\/index.php\/wp-json\/wp\/v2\/types\/post"}],"author":[{"embeddable":true,"href":"https:\/\/wbp.lublin.pl\/index.php\/wp-json\/wp\/v2\/users\/7"}],"replies":[{"embeddable":true,"href":"https:\/\/wbp.lublin.pl\/index.php\/wp-json\/wp\/v2\/comments?post=8953"}],"version-history":[{"count":3,"href":"https:\/\/wbp.lublin.pl\/index.php\/wp-json\/wp\/v2\/posts\/8953\/revisions"}],"predecessor-version":[{"id":12391,"href":"https:\/\/wbp.lublin.pl\/index.php\/wp-json\/wp\/v2\/posts\/8953\/revisions\/12391"}],"wp:featuredmedia":[{"embeddable":true,"href":"https:\/\/wbp.lublin.pl\/index.php\/wp-json\/wp\/v2\/media\/8917"}],"wp:attachment":[{"href":"https:\/\/wbp.lublin.pl\/index.php\/wp-json\/wp\/v2\/media?parent=8953"}],"wp:term":[{"taxonomy":"category","embeddable":true,"href":"https:\/\/wbp.lublin.pl\/index.php\/wp-json\/wp\/v2\/categories?post=8953"},{"taxonomy":"post_tag","embeddable":true,"href":"https:\/\/wbp.lublin.pl\/index.php\/wp-json\/wp\/v2\/tags?post=8953"}],"curies":[{"name":"wp","href":"https:\/\/api.w.org\/{rel}","templated":true}]}}