{"id":8983,"date":"2016-08-31T10:42:48","date_gmt":"2016-08-31T08:42:48","guid":{"rendered":"https:\/\/wbp.lublin.pl8\/index.php\/2016\/08\/31\/zaproszenie-na-cykl-szkole-qod-projektu-do-efektu-oferta-szyta-na-miarq\/"},"modified":"2018-07-01T22:59:41","modified_gmt":"2018-07-01T20:59:41","slug":"zaproszenie-na-cykl-szkole-qod-projektu-do-efektu-oferta-szyta-na-miarq","status":"publish","type":"post","link":"https:\/\/wbp.lublin.pl\/index.php\/2016\/08\/31\/zaproszenie-na-cykl-szkole-qod-projektu-do-efektu-oferta-szyta-na-miarq\/","title":{"rendered":"ZAPROSZENIE NA CYKL SZKOLE\u0143 &#8222;OD PROJEKTU DO EFEKTU-OFERTA SZYTA NA MIAR\u0118&#8221;"},"content":{"rendered":"<p><!--more--><\/p>\n<p style=\"text-align: right;\"><!-- [if gte mso 9]><xml> <w:WordDocument> <w:View>Normal<\/w:View> <w:Zoom>0<\/w:Zoom> <w:HyphenationZone>21<\/w:HyphenationZone> <w:PunctuationKerning \/> <w:ValidateAgainstSchemas \/> <w:SaveIfXMLInvalid>false<\/w:SaveIfXMLInvalid> <w:IgnoreMixedContent>false<\/w:IgnoreMixedContent> <w:AlwaysShowPlaceholderText>false<\/w:AlwaysShowPlaceholderText> <w:Compatibility> <w:BreakWrappedTables \/> <w:SnapToGridInCell \/> <w:WrapTextWithPunct \/> <w:UseAsianBreakRules \/> <w:DontGrowAutofit \/> <\/w:Compatibility> <w:BrowserLevel>MicrosoftInternetExplorer4<\/w:BrowserLevel> <\/w:WordDocument> <\/xml><![endif]--><!-- [if gte mso 9]><xml> <w:LatentStyles DefLockedState=\"false\" LatentStyleCount=\"156\"> <\/w:LatentStyles> <\/xml><![endif]--><!-- [if gte mso 10]><\/p>\n\n\n\n\n\n<style> \/* Style Definitions *\/ table.MsoNormalTable {mso-style-name:Standardowy; mso-tstyle-rowband-size:0; mso-tstyle-colband-size:0; mso-style-noshow:yes; mso-style-parent:\"\"; mso-padding-alt:0cm 5.4pt 0cm 5.4pt; mso-para-margin:0cm; mso-para-margin-bottom:.0001pt; mso-pagination:widow-orphan; font-size:10.0pt; font-family:\"Times New Roman\"; mso-ansi-language:#0400; mso-fareast-language:#0400; mso-bidi-language:#0400;} <\/style>\n\n <![endif]--><!-- [if gte mso 9]><xml> <o:shapedefaults v:ext=\"edit\" spidmax=\"1028\" \/> <\/xml><![endif]--><!-- [if gte mso 9]><xml> <o:shapelayout v:ext=\"edit\"> <o:idmap v:ext=\"edit\" data=\"1\" \/> <\/o:shapelayout><\/xml><![endif]--><span style=\"mso-spacerun: yes;\">\u00a0\u00a0\u00a0\u00a0\u00a0\u00a0\u00a0\u00a0\u00a0\u00a0\u00a0\u00a0<\/span><span style=\"font-size: 12px;\">\u00a0\u00a0\u00a0\u00a0 Lublin, 31 sierpnia 2016 r. <\/span><\/p>\n<p class=\"MsoNormal\" style=\"text-align: center;\"><span style=\"font-size: 12px;\"><strong><span style=\"color: #ff0000;\">BRAK WOLNYCH MIEJSC!<\/span><\/strong><br \/>\n<\/span><\/p>\n<p class=\"MsoNormal\" style=\"text-align: justify; line-height: 115%;\"><span style=\"font-size: 12px;\"><span style=\"line-height: 115%;\">\u00a0\u00a0\u00a0\u00a0\u00a0\u00a0\u00a0\u00a0\u00a0\u00a0\u00a0 Wojew\u00f3dzka Biblioteka Publiczna im. Hieronima \u0141opaci\u0144skiego w Lublinie zaprasza bibliotekarzy wojew\u00f3dztwa lubelskiego <b>na cykl szkole\u0144 \u201eOd Projektu do efektu \u2013 oferta szyta na miar\u0119\u201d<\/b> wsp\u00f3\u0142finansowanych ze \u015brodk\u00f3w Instytutu Ksi\u0105\u017cki w ramach zadania \u201eSzkolenia dla bibliotekarzy 2016\u201d. <\/span><\/span><\/p>\n<p class=\"MsoNormal\" style=\"text-align: justify; text-indent: 35.4pt; line-height: 115%;\"><span style=\"font-size: 12px;\"><span style=\"line-height: 115%;\">Celem szkole\u0144 jest wzmacnianie kompetencji bibliotekarzy w zakresie pracy\u00a0\u00a0\u00a0\u00a0\u00a0\u00a0\u00a0\u00a0\u00a0\u00a0\u00a0\u00a0\u00a0\u00a0 z m\u0142odzie\u017c\u0105 oraz rozszerzenie oferty bibliotek dla tej grupy u\u017cytkownik\u00f3w<\/span><\/span><\/p>\n<p class=\"MsoNormal\" style=\"text-align: justify; line-height: 115%;\"><span style=\"font-size: 12px;\"><span style=\"line-height: 115%;\">\u00a0\u00a0\u00a0\u00a0\u00a0\u00a0\u00a0\u00a0\u00a0\u00a0\u00a0 Cykl sk\u0142ada\u0107 si\u0119 b\u0119dzie z trzech dni szkoleniowych.<\/span><\/span><\/p>\n<p class=\"MsoNormal\" style=\"text-align: justify; line-height: 115%;\"><span style=\"font-size: 12px;\"><span style=\"line-height: 115%;\">\u00a0\u00a0\u00a0\u00a0\u00a0\u00a0\u00a0\u00a0\u00a0\u00a0\u00a0 Pierwszy dzie\u0144 <b>(14 wrze\u015bnia 2016 r.) <\/b>obejmowa\u0107 b\u0119dzie wizyt\u0119 w Miejskiej Bibliotece Publicznej w Bia\u0142ej Podlaskiej, prezentacj\u0119 sprz\u0119tu specjalistycznego i dzia\u0142alno\u015bci Barwnej \u2013 Multimedialnej Biblioteki dla Dzieci i M\u0142odzie\u017cy oraz warsztaty \u201eMapa my\u015bli bibliotekarza\u201d.<\/span><\/span><\/p>\n<p class=\"MsoNormal\" style=\"text-align: justify; line-height: 115%;\"><span style=\"font-size: 12px;\"><span style=\"line-height: 115%;\">\u00a0\u00a0\u00a0\u00a0\u00a0\u00a0\u00a0\u00a0\u00a0\u00a0\u00a0 Drugi dzie\u0144 (<b>15 wrze\u015bnia 2016 r.) <\/b>wype\u0142ni prezentacja dzia\u0142a\u0144 Miejskiej Biblioteki Publicznej we W\u0142odawie skierowanych do m\u0142odzie\u017cy oraz warsztaty &#8222;Gry towarzyskie &#8211; najciekawsze tytu\u0142y i pomys\u0142y na ich wykorzystanie w pracy bibliotekarza&#8221; oraz &#8222;W jaki spos\u00f3b uatrakcyjni\u0107 zwyk\u0142e czytanie tekst\u00f3w literackich?&#8221;.<\/span><\/span><\/p>\n<p>&nbsp;<\/p>\n<p class=\"MsoNormal\" style=\"text-align: justify; line-height: 115%;\"><span style=\"line-height: 115%;\">\u00a0\u00a0\u00a0\u00a0\u00a0\u00a0\u00a0\u00a0\u00a0\u00a0\u00a0 Trzeciego dnia szkolenia (<b>11 pa\u017adziernika 2016 r.) <\/b>w siedzibie WBP \u00a0\u00a0\u00a0\u00a0\u00a0\u00a0\u00a0\u00a0\u00a0\u00a0\u00a0\u00a0\u00a0\u00a0\u00a0\u00a0\u00a0\u00a0\u00a0\u00a0\u00a0im. H. \u0141opaci\u0144skiego w Lublinie<b> <\/b>odb\u0119d\u0105 si\u0119 warsztaty z projektowania i tworzenia komiks\u00f3w skierowanych do m\u0142odych czytelnik\u00f3w.<\/span><\/p>\n<p class=\"MsoNormal\" style=\"text-align: justify; line-height: 115%;\"><span style=\"font-size: 12px;\"><span style=\"line-height: 115%;\">\u00a0\u00a0\u00a0\u00a0\u00a0\u00a0\u00a0\u00a0\u00a0\u00a0\u00a0 Uczestnicy cyklu szkole\u0144 b\u0119d\u0105 mieli zapewnione wy\u017cywienie, autokar, ubezpieczenie i nocleg w hotelu w Bia\u0142ej Podlaskiej (14\/15 wrze\u015bnia 2016 r.).<\/span><\/span><\/p>\n<p class=\"MsoNormal\" style=\"text-align: justify; line-height: 115%;\"><span style=\"font-size: 12px;\"><span style=\"line-height: 115%;\">\u00a0\u00a0\u00a0\u00a0\u00a0\u00a0\u00a0\u00a0\u00a0\u00a0\u00a0 Uczestnicy przyje\u017cd\u017caj\u0105 na koszt instytucji deleguj\u0105cych.<\/span><\/span><\/p>\n<p>&nbsp;<\/p>\n<p class=\"MsoNormal\" style=\"text-align: justify; line-height: 115%;\"><span style=\"line-height: 115%;\">\u00a0\u00a0\u00a0\u00a0\u00a0\u00a0\u00a0\u00a0\u00a0\u00a0\u00a0 <b>Do uczestnictwa w szkoleniu szczeg\u00f3lnie zapraszamy pracownik\u00f3w bibliotek pracuj\u0105cych z m\u0142odzie\u017c\u0105, a tak\u017ce planuj\u0105cymi rozszerzenie oferty swoich plac\u00f3wek \u00a0\u00a0\u00a0\u00a0\u00a0\u00a0\u00a0\u00a0w tym zakresie.<\/b><\/span><\/p>\n<p class=\"MsoNormal\" style=\"margin-left: 35.4pt; text-align: justify; line-height: 115%;\"><span style=\"font-size: 12px;\"><span style=\"line-height: 115%;\">Zapisy przyjmujemy <b>do dnia 9 wrze\u015bnia 2016 r.<\/b> pod nr telefonu 81\u00a0528-74-21. Liczba miejsc ograniczona!<\/span><\/span><\/p>\n<p class=\"MsoNormal\" style=\"margin-left: 35.4pt; text-align: justify; line-height: 115%;\"><span style=\"font-size: 12px;\"><span style=\"line-height: 115%;\">\u00a0<\/span><\/span><\/p>\n<p>&nbsp;<\/p>\n<p class=\"MsoNormal\" style=\"text-align: center; line-height: 150%;\" align=\"center\"><b style=\"mso-bidi-font-weight: normal;\"><span style=\"line-height: 150%;\">Program szczeg\u00f3\u0142owy:<\/span><\/b><\/p>\n<p>&nbsp;<\/p>\n<p class=\"MsoNormal\" style=\"text-align: justify; line-height: 150%;\"><u><span style=\"line-height: 150%;\">14 wrze\u015bnia 2016 r.<\/span><\/u><\/p>\n<p class=\"MsoNormal\" style=\"text-align: justify; line-height: 150%;\"><span style=\"font-size: 12px;\"><span style=\"line-height: 150%;\">10.00 \u2013 wyjazd z Placu Zamkowego w Lublinie <\/span><\/span><\/p>\n<p class=\"MsoNormal\" style=\"text-align: justify; line-height: 150%;\"><span style=\"font-size: 12px;\"><span style=\"line-height: 150%;\">12.30 \u2013 13.00 \u2013 zwiedzanie Miejskiej Biblioteki Publicznej w Bia\u0142ej Podlaskiej<\/span><\/span><\/p>\n<p class=\"MsoNormal\" style=\"text-align: justify; line-height: 150%;\"><span style=\"font-size: 12px;\"><span style=\"line-height: 150%;\">13.00 \u2013 15.00 \u2013 warsztaty \u201eMapa my\u015bli bibliotekarza\u201d<\/span><\/span><\/p>\n<p class=\"MsoNormal\" style=\"text-align: justify; line-height: 150%;\"><span style=\"font-size: 12px;\"><span style=\"line-height: 150%;\">15.00 \u2013 15.30 \u2013 obiad<\/span><\/span><\/p>\n<p class=\"MsoNormal\" style=\"text-align: justify; line-height: 150%;\"><span style=\"line-height: 150%;\">15.30 \u2013 17.30 \u2013 warsztaty \u201eMulticentrum jako przyk\u0142ad nowoczesnej oferty edukacyjnej bibliotek\u201d<\/span><\/p>\n<p><span style=\"font-size: 12px;\"><span style=\"line-height: 150%;\">17.30 \u2013 18.30 \u2013 zwiedzanie Bia\u0142ej Podlaskiej<\/span><\/span><\/p>\n<p class=\"MsoNormal\" style=\"text-align: justify; line-height: 150%;\"><span style=\"font-size: 12px;\"><span style=\"line-height: 150%;\">19.00 \u2013 kolacja i zakwaterowanie w Zaje\u017adzie \u201eJolanta\u201d w Czosn\u00f3wce<\/span><\/span><\/p>\n<p class=\"MsoNormal\" style=\"text-align: justify; line-height: 150%;\"><span style=\"font-size: 12px;\"><span style=\"line-height: 150%;\">Mariola Szupiluk \u2013 kierownik Barwnej Multimedialnej Biblioteki dla Dzieci i M\u0142odzie\u017cy, polonistka (Filologia polska UMCS), pedagog (Pedagogika spo\u0142eczna, PSW w Bia\u0142ej Podlaskiej) i bibliotekarka (Informacja naukowa UMCS); do\u015bwiadczona prowadz\u0105ca zaj\u0119cia z dzie\u0107mi i m\u0142odzie\u017c\u0105 z zakresu edukacji czytelniczo medialnej.<\/span><\/span><\/p>\n<p class=\"MsoNormal\" style=\"text-align: justify; line-height: 150%;\"><span style=\"font-size: 12px;\"><span style=\"line-height: 150%;\">Jaros\u0142aw Panasiuk &#8211; kierownik Multicentrum, absolwent informatyki stosowanej, edukacji techniczno-informatycznej i podyplomowych studi\u00f3w kwalifikacji pedagogicznych.<\/span><\/span><\/p>\n<p>&nbsp;<\/p>\n<p class=\"MsoNormal\" style=\"text-align: justify; line-height: 150%;\"><u><span style=\"line-height: 150%;\">15 wrze\u015bnia 2016 r.<\/span><\/u><\/p>\n<p><span style=\"font-size: 12px;\"><span style=\"line-height: 150%;\">8.30 \u2013 wyjazd do W\u0142odawy<\/span><\/span><\/p>\n<p class=\"MsoNormal\" style=\"text-align: justify; line-height: 150%;\"><span style=\"font-size: 12px;\"><span style=\"line-height: 150%;\">9.30 \u2013 10.30 \u2013 zwiedzanie Miejskiej Biblioteki Publicznej we W\u0142odawie<\/span><\/span><\/p>\n<p class=\"MsoNormal\" style=\"text-align: justify; line-height: 150%;\"><span style=\"font-size: 12px;\"><span style=\"line-height: 150%;\">10.30 \u2013 12.00 \u2013 warsztaty \u201eGry towarzyskie &#8211; najciekawsze tytu\u0142y i pomys\u0142y na ich wykorzystanie w pracy bibliotekarza&#8221;<\/span><\/span><\/p>\n<p class=\"MsoNormal\" style=\"text-align: justify; line-height: 150%;\"><span style=\"font-size: 12px;\"><span style=\"line-height: 150%;\">12.00 \u2013 12.15 &#8211; przerwa<\/span><\/span><\/p>\n<p class=\"MsoNormal\" style=\"text-align: justify; line-height: 150%;\"><span style=\"font-size: 12px;\"><span style=\"line-height: 150%;\">12.15 \u2013 13.45 \u2013 warsztaty \u201eW jaki spos\u00f3b uatrakcyjni\u0107 zwyk\u0142e czytanie tekst\u00f3w literackich? Jak pobudzi\u0107 dzieci do w\u0142asnej kreatywno\u015bci tw\u00f3rczej&#8221;<\/span><\/span><\/p>\n<p class=\"MsoNormal\" style=\"text-align: justify; line-height: 150%;\"><span style=\"font-size: 12px;\"><span style=\"line-height: 150%;\">13.45 \u2013 14.30 \u2013 obiad<\/span><\/span><\/p>\n<p class=\"MsoNormal\" style=\"line-height: 150%;\"><span style=\"font-size: 12px;\"><span style=\"line-height: 150%;\">ok. 16.30 \u2013 powr\u00f3t do Lublina<\/span><\/span><\/p>\n<p class=\"MsoNormal\" style=\"text-align: justify; line-height: 150%;\"><span style=\"font-size: 12px;\"><span style=\"line-height: 150%;\">Urszula Panasiuk &#8211; pracuje w MBP we W\u0142odawie na stanowisku ds. animacji kulturalnej, absolwentka kulturoznawstwa (KUL) i pedagogiki (UMCS).<\/span><\/span><\/p>\n<p class=\"MsoNormal\" style=\"text-align: justify; line-height: 150%;\"><span style=\"font-size: 12px;\"><span style=\"line-height: 150%;\">Agnieszka Wr\u00f3bel &#8211; pracuje w BPG Ha\u0144sk, laureatka Nagrody im. Anny Platto w 2015 r.<\/span><\/span><\/p>\n<p>&nbsp;<\/p>\n<p class=\"MsoNormal\" style=\"line-height: 150%;\"><u><span style=\"line-height: 150%;\">11 pa\u017adziernika 2016 r.<\/span><\/u><\/p>\n<p>&nbsp;<\/p>\n<p class=\"MsoNormal\" style=\"text-align: justify; line-height: 150%;\"><b><span style=\"line-height: 150%;\">Warsztaty z projektowania i tworzenia komiks\u00f3w skierowanych do m\u0142odych czytelnik\u00f3w<\/span><\/b><\/p>\n<p><span style=\"font-size: 12px;\"><span style=\"line-height: 150%;\">10.00 \u2013 13.00 \u2013 warsztaty<\/span><\/span><\/p>\n<p class=\"MsoNormal\" style=\"line-height: 150%;\"><span style=\"font-size: 12px;\"><span style=\"line-height: 150%;\">13.00 \u2013 13.30 \u2013 obiad<\/span><\/span><\/p>\n<p class=\"MsoNormal\" style=\"text-align: justify; line-height: 150%;\"><span style=\"font-size: 12px;\"><span style=\"line-height: 150%;\">13.30 \u2013 15.30 \u2013 warsztaty<\/span><\/span><\/p>\n<p class=\"MsoNormal\" style=\"text-align: justify; line-height: 150%;\"><span style=\"font-size: 12px;\"><span style=\"line-height: 150%;\">Jakub Syty \u2013 autor i t\u0142umacz kilkudziesi\u0119ciu komiks\u00f3w wydanych w latach 2006-2016.<\/span><\/span><\/p>\n<p class=\"MsoNormal\" style=\"text-align: justify; line-height: 115%;\"><span style=\"font-size: 12px;\"><span style=\"line-height: 115%;\">\u00a0<\/span><\/span><\/p>\n<p class=\"MsoNormal\" style=\"text-align: center; mso-hyphenate: auto;\" align=\"center\"><span style=\"font-size: 12px;\">\u00a0\u00a0 <\/span><a href=\"http:\/\/hl.wbp.lublin.pl\"><span style=\"font-size: 12px;\"><img data-dominant-color=\"d3d3d3\" data-has-transparency=\"false\" style=\"--dominant-color: #d3d3d3;\" loading=\"lazy\" decoding=\"async\" class=\"alignleft size-full wp-image-8980 not-transparent\" src=\"http:\/\/wbp.lublin.pl\/wp-content\/uploads\/2016\/08\/komunikaty_2016-08-31_cykl_szkolen_hl.jpg\" alt=\"\" width=\"80\" height=\"100\" align=\"left\" \/><\/span><\/a><span style=\"font-size: 12px;\">\u00a0\u00a0 <\/span><a href=\"http:\/\/www.instytutksiazki.pl\"><span style=\"font-size: 12px;\"><img data-dominant-color=\"a78e8e\" data-has-transparency=\"false\" style=\"--dominant-color: #a78e8e;\" loading=\"lazy\" decoding=\"async\" class=\"size-full wp-image-8981 not-transparent\" src=\"http:\/\/wbp.lublin.pl\/wp-content\/uploads\/2016\/08\/komunikaty_2016-08-31_cykl_szkolen_ik.jpg\" alt=\"\" width=\"88\" height=\"100\" align=\"absMiddle\" \/><\/span><\/a> <a href=\"https:\/\/men.gov.pl\/pl\/finansowanie-edukacji\/narodowy-program-rozwoju-czytelnictwa\"><span style=\"font-size: 12px;\"><img data-dominant-color=\"dcd2d5\" data-has-transparency=\"false\" style=\"--dominant-color: #dcd2d5;\" loading=\"lazy\" decoding=\"async\" class=\"alignright size-full wp-image-8982 not-transparent\" src=\"http:\/\/wbp.lublin.pl\/wp-content\/uploads\/2016\/08\/komunikaty_2016-08-31_cykl_szkolen_nprc.jpg\" alt=\"\" width=\"255\" height=\"100\" align=\"right\" \/><\/span><\/a><\/p>\n<p>&nbsp;<\/p>\n","protected":false},"excerpt":{"rendered":"","protected":false},"author":9,"featured_media":0,"comment_status":"open","ping_status":"open","sticky":false,"template":"","format":"standard","meta":{"_tec_requires_first_save":true,"_crdt_document":"","pgc_sgb_lightbox_settings":"","_EventAllDay":false,"_EventTimezone":"","_EventStartDate":"","_EventEndDate":"","_EventStartDateUTC":"","_EventEndDateUTC":"","_EventShowMap":false,"_EventShowMapLink":false,"_EventURL":"","_EventCost":"","_EventCostDescription":"","_EventCurrencySymbol":"","_EventCurrencyCode":"","_EventCurrencyPosition":"","_EventDateTimeSeparator":"","_EventTimeRangeSeparator":"","_EventOrganizerID":[],"_EventVenueID":[],"_OrganizerEmail":"","_OrganizerPhone":"","_OrganizerWebsite":"","_VenueAddress":"","_VenueCity":"","_VenueCountry":"","_VenueProvince":"","_VenueState":"","_VenueZip":"","_VenuePhone":"","_VenueURL":"","_VenueStateProvince":"","_VenueLat":"","_VenueLng":"","_VenueShowMap":false,"_VenueShowMapLink":false,"_tribe_blocks_recurrence_rules":"","_tribe_blocks_recurrence_description":"","_tribe_blocks_recurrence_exclusions":"","footnotes":""},"categories":[101],"tags":[],"class_list":["post-8983","post","type-post","status-publish","format-standard","hentry","category-komunikaty-branzowe-archiwum"],"publishpress_future_action":{"enabled":false,"date":"2026-05-06 15:55:04","action":"change-status","newStatus":"draft","terms":[],"taxonomy":"category","extraData":[]},"publishpress_future_workflow_manual_trigger":{"enabledWorkflows":[]},"_links":{"self":[{"href":"https:\/\/wbp.lublin.pl\/index.php\/wp-json\/wp\/v2\/posts\/8983","targetHints":{"allow":["GET"]}}],"collection":[{"href":"https:\/\/wbp.lublin.pl\/index.php\/wp-json\/wp\/v2\/posts"}],"about":[{"href":"https:\/\/wbp.lublin.pl\/index.php\/wp-json\/wp\/v2\/types\/post"}],"author":[{"embeddable":true,"href":"https:\/\/wbp.lublin.pl\/index.php\/wp-json\/wp\/v2\/users\/9"}],"replies":[{"embeddable":true,"href":"https:\/\/wbp.lublin.pl\/index.php\/wp-json\/wp\/v2\/comments?post=8983"}],"version-history":[{"count":4,"href":"https:\/\/wbp.lublin.pl\/index.php\/wp-json\/wp\/v2\/posts\/8983\/revisions"}],"predecessor-version":[{"id":12589,"href":"https:\/\/wbp.lublin.pl\/index.php\/wp-json\/wp\/v2\/posts\/8983\/revisions\/12589"}],"wp:attachment":[{"href":"https:\/\/wbp.lublin.pl\/index.php\/wp-json\/wp\/v2\/media?parent=8983"}],"wp:term":[{"taxonomy":"category","embeddable":true,"href":"https:\/\/wbp.lublin.pl\/index.php\/wp-json\/wp\/v2\/categories?post=8983"},{"taxonomy":"post_tag","embeddable":true,"href":"https:\/\/wbp.lublin.pl\/index.php\/wp-json\/wp\/v2\/tags?post=8983"}],"curies":[{"name":"wp","href":"https:\/\/api.w.org\/{rel}","templated":true}]}}