{"id":9037,"date":"2016-10-17T10:04:10","date_gmt":"2016-10-17T08:04:10","guid":{"rendered":"https:\/\/wbp.lublin.pl8\/index.php\/2016\/10\/17\/nagroda-makuszyskiego-dla-zuzanny-orliskiej\/"},"modified":"2018-06-24T14:44:46","modified_gmt":"2018-06-24T12:44:46","slug":"nagroda-makuszyskiego-dla-zuzanny-orliskiej","status":"publish","type":"post","link":"https:\/\/wbp.lublin.pl\/index.php\/2016\/10\/17\/nagroda-makuszyskiego-dla-zuzanny-orliskiej\/","title":{"rendered":"Nagroda Makuszy\u0144skiego dla Zuzanny Orli\u0144skiej"},"content":{"rendered":"<p style=\"text-align: justify;\">Ksi\u0105\u017cka <b style=\"mso-bidi-font-weight:normal\"><i style=\"mso-bidi-font-style:normal\">Stary Noe<\/i> Zuzanny Orli\u0144skiej<\/b>, wydana przez Wydawnictwo Literatura z \u0141odzi, <b style=\"mso-bidi-font-weight:normal\">otrzyma\u0142a g\u0142\u00f3wny laur 23. Og\u00f3lnopolskiej Nagrody Literackiej im. Kornela Makuszy\u0144skiego<\/b> &#8211; statuetk\u0119 przedstawiaj\u0105c\u0105 stworzon\u0105 przez Kornela Makuszy\u0144skiego posta\u0107 Kozio\u0142ka Mato\u0142ka d\u0142uta Andrzeja Renesa.<\/p>\n<p class=\"MsoNormal\" style=\"text-align:justify\">Prezydent O\u015bwi\u0119cimia, Janusz Chwierut, przyzna\u0142 dwa wyr\u00f3\u017cnienia dla:<\/p>\n<ul style=\"margin-top:0cm\" type=\"disc\">\n<li class=\"MsoNormal\" style=\"text-align:justify;mso-list:l0 level1 lfo1;    tab-stops:list 36.0pt\"><b style=\"mso-bidi-font-weight:normal\"><i style=\"mso-bidi-font-style:normal\">Mat i \u015bwiat<\/i> Agnieszki      Suchowierskiej<\/b> za udan\u0105 pr\u00f3b\u0119 po\u0142\u0105czenia tradycyjnego motywu      w\u0119druj\u0105cej zabawki z wa\u017cnymi sprawami wsp\u00f3\u0142czesnego \u015bwiata;<\/li>\n<li class=\"MsoNormal\" style=\"text-align:justify;mso-list:l0 level1 lfo1;    tab-stops:list 36.0pt\"><b style=\"mso-bidi-font-weight:normal\"><i style=\"mso-bidi-font-style:normal\">Ale historia Mieszko, ty wikingu!<\/i>      Gra\u017cyny B\u0105kiewicz<\/b> za intryguj\u0105c\u0105 zabaw\u0119 z histori\u0105, \u0142\u0105cz\u0105c\u0105 narracj\u0119      literack\u0105 z elementami komiksu.<\/li>\n<\/ul>\n<p>\u00a0<\/p>\n","protected":false},"excerpt":{"rendered":"<p>Ksi\u0105\u017cka Stary Noe Zuzanny Orli\u0144skiej, wydana przez Wydawnictwo Literatura z \u0141odzi, otrzyma\u0142a g\u0142\u00f3wny laur 23. Og\u00f3lnopolskiej Nagrody Literackiej im. Kornela Makuszy\u0144skiego &#8211; statuetk\u0119 przedstawiaj\u0105c\u0105 stworzon\u0105 przez Kornela Makuszy\u0144skiego posta\u0107 Kozio\u0142ka [&hellip;]<\/p>\n","protected":false},"author":9,"featured_media":0,"comment_status":"open","ping_status":"open","sticky":false,"template":"","format":"standard","meta":{"_tec_requires_first_save":true,"_crdt_document":"","pgc_sgb_lightbox_settings":"","_EventAllDay":false,"_EventTimezone":"","_EventStartDate":"","_EventEndDate":"","_EventStartDateUTC":"","_EventEndDateUTC":"","_EventShowMap":false,"_EventShowMapLink":false,"_EventURL":"","_EventCost":"","_EventCostDescription":"","_EventCurrencySymbol":"","_EventCurrencyCode":"","_EventCurrencyPosition":"","_EventDateTimeSeparator":"","_EventTimeRangeSeparator":"","_EventOrganizerID":[],"_EventVenueID":[],"_OrganizerEmail":"","_OrganizerPhone":"","_OrganizerWebsite":"","_VenueAddress":"","_VenueCity":"","_VenueCountry":"","_VenueProvince":"","_VenueState":"","_VenueZip":"","_VenuePhone":"","_VenueURL":"","_VenueStateProvince":"","_VenueLat":"","_VenueLng":"","_VenueShowMap":false,"_VenueShowMapLink":false,"_tribe_blocks_recurrence_rules":"","_tribe_blocks_recurrence_description":"","_tribe_blocks_recurrence_exclusions":"","footnotes":""},"categories":[105],"tags":[],"class_list":["post-9037","post","type-post","status-publish","format-standard","hentry","category-aktualnosci-dkk"],"publishpress_future_action":{"enabled":false,"date":"2026-05-06 14:56:04","action":"change-status","newStatus":"draft","terms":[],"taxonomy":"category","extraData":[]},"publishpress_future_workflow_manual_trigger":{"enabledWorkflows":[]},"_links":{"self":[{"href":"https:\/\/wbp.lublin.pl\/index.php\/wp-json\/wp\/v2\/posts\/9037","targetHints":{"allow":["GET"]}}],"collection":[{"href":"https:\/\/wbp.lublin.pl\/index.php\/wp-json\/wp\/v2\/posts"}],"about":[{"href":"https:\/\/wbp.lublin.pl\/index.php\/wp-json\/wp\/v2\/types\/post"}],"author":[{"embeddable":true,"href":"https:\/\/wbp.lublin.pl\/index.php\/wp-json\/wp\/v2\/users\/9"}],"replies":[{"embeddable":true,"href":"https:\/\/wbp.lublin.pl\/index.php\/wp-json\/wp\/v2\/comments?post=9037"}],"version-history":[{"count":1,"href":"https:\/\/wbp.lublin.pl\/index.php\/wp-json\/wp\/v2\/posts\/9037\/revisions"}],"predecessor-version":[{"id":9162,"href":"https:\/\/wbp.lublin.pl\/index.php\/wp-json\/wp\/v2\/posts\/9037\/revisions\/9162"}],"wp:attachment":[{"href":"https:\/\/wbp.lublin.pl\/index.php\/wp-json\/wp\/v2\/media?parent=9037"}],"wp:term":[{"taxonomy":"category","embeddable":true,"href":"https:\/\/wbp.lublin.pl\/index.php\/wp-json\/wp\/v2\/categories?post=9037"},{"taxonomy":"post_tag","embeddable":true,"href":"https:\/\/wbp.lublin.pl\/index.php\/wp-json\/wp\/v2\/tags?post=9037"}],"curies":[{"name":"wp","href":"https:\/\/api.w.org\/{rel}","templated":true}]}}