{"id":9846,"date":"2017-02-06T14:10:19","date_gmt":"2017-02-06T13:10:19","guid":{"rendered":"https:\/\/wbp.lublin.pl8\/index.php\/2017\/02\/06\/nabytki-do-ksigozbioru-naukowego-stycze-2017\/"},"modified":"2018-10-31T11:44:48","modified_gmt":"2018-10-31T10:44:48","slug":"nabytki-do-ksigozbioru-naukowego-stycze-2017","status":"publish","type":"post","link":"https:\/\/wbp.lublin.pl\/index.php\/2017\/02\/06\/nabytki-do-ksigozbioru-naukowego-stycze-2017\/","title":{"rendered":"Nabytki do Ksi\u0119gozbioru Naukowego (stycze\u0144 2017)"},"content":{"rendered":"<h3><\/h3>\n<p><!--more--><\/p>\n<p style=\"text-align: center;\">(wyb\u00f3r)<\/p>\n<p style=\"text-align: left;\"><!-- [if gte mso 9]><xml> <w:WordDocument> <w:View>Normal<\/w:View> <w:Zoom>0<\/w:Zoom> <w:HyphenationZone>21<\/w:HyphenationZone> <w:PunctuationKerning \/> <w:ValidateAgainstSchemas \/> <w:SaveIfXMLInvalid>false<\/w:SaveIfXMLInvalid> <w:IgnoreMixedContent>false<\/w:IgnoreMixedContent> <w:AlwaysShowPlaceholderText>false<\/w:AlwaysShowPlaceholderText> <w:Compatibility> <w:BreakWrappedTables \/> <w:SnapToGridInCell \/> <w:WrapTextWithPunct \/> <w:UseAsianBreakRules \/> <w:DontGrowAutofit \/> <\/w:Compatibility> <w:BrowserLevel>MicrosoftInternetExplorer4<\/w:BrowserLevel> <\/w:WordDocument> <\/xml><![endif]--><\/p>\n<p style=\"text-align: left;\"><!-- [if gte mso 9]><xml> <w:LatentStyles DefLockedState=\"false\" LatentStyleCount=\"156\"> <\/w:LatentStyles> <\/xml><![endif]--><!-- [if gte mso 10]><\/p>\n\n\n\n\n\n<style> \/* Style Definitions *\/ table.MsoNormalTable {mso-style-name:Standardowy; mso-tstyle-rowband-size:0; mso-tstyle-colband-size:0; mso-style-noshow:yes; mso-style-parent:\"\"; mso-padding-alt:0cm 5.4pt 0cm 5.4pt; mso-para-margin:0cm; mso-para-margin-bottom:.0001pt; mso-pagination:widow-orphan; font-size:10.0pt; font-family:\"Times New Roman\"; mso-ansi-language:#0400; mso-fareast-language:#0400; mso-bidi-language:#0400;} <\/style>\n\n <![endif]--><\/p>\n<p class=\"MsoTitle\" style=\"margin-left: 36.0pt; text-align: left; text-indent: -18.0pt; line-height: 150%; mso-list: l0 level1 lfo1; tab-stops: list 36.0pt;\" align=\"left\"><span style=\"font-weight: normal;\"><span style=\"mso-list: Ignore;\">1.<span style=\"font: 7.0pt 'Times New Roman';\">\u00a0\u00a0\u00a0\u00a0\u00a0 <\/span><\/span><\/span>Ashenburg K. <i style=\"mso-bidi-font-style: normal;\"><span style=\"font-weight: normal;\">Historia brudu,<\/span><\/i><span style=\"font-weight: normal;\"> Warszawa 2016<\/span><\/p>\n<p class=\"MsoTitle\" style=\"margin-left: 36.0pt; text-align: left; text-indent: -18.0pt; line-height: 150%; mso-list: l0 level1 lfo1; tab-stops: list 36.0pt;\" align=\"left\"><span style=\"font-weight: normal;\"><span style=\"mso-list: Ignore;\">2.<span style=\"font: 7.0pt 'Times New Roman';\">\u00a0\u00a0\u00a0\u00a0\u00a0 <\/span><\/span><\/span>Bauman Z. <i style=\"mso-bidi-font-style: normal;\"><span style=\"font-weight: normal;\">Obcy u naszych drzwi, <\/span><\/i><span style=\"font-weight: normal;\">Warszawa 2016<\/span><\/p>\n<p class=\"MsoTitle\" style=\"margin-left: 36.0pt; text-align: left; text-indent: -18.0pt; line-height: 150%; mso-list: l0 level1 lfo1; tab-stops: list 36.0pt;\" align=\"left\"><span style=\"font-weight: normal;\"><span style=\"mso-list: Ignore;\">3.<span style=\"font: 7.0pt 'Times New Roman';\">\u00a0\u00a0\u00a0\u00a0\u00a0 <\/span><\/span><\/span>Bednarek D. B. <i style=\"mso-bidi-font-style: normal;\"><span style=\"font-weight: normal;\">Zaw\u00f3d psycholog : regulacje prawne i etyka zawodowa, <\/span><\/i><span style=\"font-weight: normal;\">Warszawa 2016<\/span><\/p>\n<p class=\"MsoTitle\" style=\"margin-left: 36.0pt; text-align: left; text-indent: -18.0pt; line-height: 150%; mso-list: l0 level1 lfo1; tab-stops: list 36.0pt;\" align=\"left\"><span style=\"font-weight: normal;\"><span style=\"mso-list: Ignore;\">4.<span style=\"font: 7.0pt 'Times New Roman';\">\u00a0\u00a0\u00a0\u00a0\u00a0 <\/span><\/span><\/span>Bieczy\u0144ski M.M. <span style=\"font-weight: normal;\">(red.)<i style=\"mso-bidi-font-style: normal;\"> Prawo wobec erotyki w sztuce oraz pornografii, <\/i>Pozna\u0144 2016<\/span><\/p>\n<p class=\"MsoTitle\" style=\"margin-left: 36.0pt; text-align: left; text-indent: -18.0pt; line-height: 150%; mso-list: l0 level1 lfo1; tab-stops: list 36.0pt;\" align=\"left\"><span style=\"font-weight: normal;\"><span style=\"mso-list: Ignore;\">5.<span style=\"font: 7.0pt 'Times New Roman';\">\u00a0\u00a0\u00a0\u00a0\u00a0 <\/span><\/span><\/span>Boesten-Stengel A. <i style=\"mso-bidi-font-style: normal;\"><span style=\"font-weight: normal;\">Relacje artystyczne i kulturalne mi\u0119dzy Itali\u0105 a Polsk\u0105 w epoce nowo\u017cytnej : studia z historii sztuki i kultury, <\/span><\/i><span style=\"font-weight: normal;\">Warszawa 2016<\/span><\/p>\n<p class=\"MsoTitle\" style=\"margin-left: 36.0pt; text-align: left; text-indent: -18.0pt; line-height: 150%; mso-list: l0 level1 lfo1; tab-stops: list 36.0pt;\" align=\"left\"><span style=\"font-weight: normal;\"><span style=\"mso-list: Ignore;\">6.<span style=\"font: 7.0pt 'Times New Roman';\">\u00a0\u00a0\u00a0\u00a0\u00a0 <\/span><\/span><\/span>Breustedt Z. <i style=\"mso-bidi-font-style: normal;\"><span style=\"font-weight: normal;\">Najmniej jestem tam gdzie jestem&#8230; : listy Zofii z Vorzimmer\u00f3w Breustedt z Warszawy i getta warszawskiego do c\u00f3rki Marysi w Szwajcarii (1939-1942),<\/span><\/i><span style=\"font-weight: normal;\"> Krak\u00f3w 2016<\/span><\/p>\n<p class=\"MsoTitle\" style=\"margin-left: 36.0pt; text-align: left; text-indent: -18.0pt; line-height: 150%; mso-list: l0 level1 lfo1; tab-stops: list 36.0pt;\" align=\"left\"><span style=\"font-weight: normal;\"><span style=\"mso-list: Ignore;\">7.<span style=\"font: 7.0pt 'Times New Roman';\">\u00a0\u00a0\u00a0\u00a0\u00a0 <\/span><\/span><\/span>Ch\u0142apowski K. <span style=\"font-weight: normal;\">(opr.)<i style=\"mso-bidi-font-style: normal;\"> Ksi\u0119ga wpis\u00f3w podkanclerzego Jana Tarnowskiego MK 139 z Archiwum G\u0142\u00f3wnego Akt Dawnych w Warszawie 1595, <\/i>Warszawa 2016<\/span><\/p>\n<p class=\"MsoTitle\" style=\"margin-left: 36.0pt; text-align: left; text-indent: -18.0pt; line-height: 150%; mso-list: l0 level1 lfo1; tab-stops: list 36.0pt;\" align=\"left\"><span style=\"font-weight: normal;\"><span style=\"mso-list: Ignore;\">8.<span style=\"font: 7.0pt 'Times New Roman';\">\u00a0\u00a0\u00a0\u00a0\u00a0 <\/span><\/span><\/span>Czartoryski A. J. <i style=\"mso-bidi-font-style: normal;\"><span style=\"font-weight: normal;\">Dziennik ks. Adama Jerzego Czartoryskiego : 1813-1817, <\/span><\/i><span style=\"font-weight: normal;\">Warszawa 2016<\/span><\/p>\n<p class=\"MsoTitle\" style=\"margin-left: 36.0pt; text-align: left; text-indent: -18.0pt; line-height: 150%; mso-list: l0 level1 lfo1; tab-stops: list 36.0pt;\" align=\"left\"><span style=\"font-weight: normal;\"><span style=\"mso-list: Ignore;\">9.<span style=\"font: 7.0pt 'Times New Roman';\">\u00a0\u00a0\u00a0\u00a0\u00a0 <\/span><\/span><\/span>Czerwi\u0144ska-Rydel A. <i style=\"mso-bidi-font-style: normal;\"><span style=\"font-weight: normal;\">Pi\u00f3rem czy mieczem : opowie\u015b\u0107 o Henryku Sienkiewiczu,<\/span><\/i> <span style=\"font-weight: normal;\">\u0141\u00f3d\u017a 2016<\/span><\/p>\n<p class=\"MsoTitle\" style=\"margin-left: 36.0pt; text-align: left; text-indent: -18.0pt; line-height: 150%; mso-list: l0 level1 lfo1; tab-stops: list 36.0pt;\" align=\"left\"><span style=\"font-weight: normal;\"><span style=\"mso-list: Ignore;\">10.<span style=\"font: 7.0pt 'Times New Roman';\">\u00a0 <\/span><\/span><\/span>Czerwi\u0144ska-Rydel A. <i style=\"mso-bidi-font-style: normal;\"><span style=\"font-weight: normal;\">Planety pana Miko\u0142aja : o wielkim astronomie,<\/span><\/i> <span style=\"font-weight: normal;\">Warszawa 2016<\/span><\/p>\n<p class=\"MsoTitle\" style=\"margin-left: 36.0pt; text-align: left; text-indent: -18.0pt; line-height: 150%; mso-list: l0 level1 lfo1; tab-stops: list 36.0pt;\" align=\"left\"><span style=\"font-weight: normal;\"><span style=\"mso-list: Ignore;\">11.<span style=\"font: 7.0pt 'Times New Roman';\">\u00a0 <\/span><\/span><\/span>Dakowicz P. <i style=\"mso-bidi-font-style: normal;\"><span style=\"font-weight: normal;\">Afazja polska. 2,<\/span><\/i><span style=\"font-weight: normal;\"> Warszawa 2016<\/span><\/p>\n<p class=\"MsoTitle\" style=\"margin-left: 36.0pt; text-align: left; text-indent: -18.0pt; line-height: 150%; mso-list: l0 level1 lfo1; tab-stops: list 36.0pt;\" align=\"left\"><span style=\"font-weight: normal;\"><span style=\"mso-list: Ignore;\">12.<span style=\"font: 7.0pt 'Times New Roman';\">\u00a0 <\/span><\/span><\/span>Drzewiecki B. <i style=\"mso-bidi-font-style: normal;\"><span style=\"font-weight: normal;\">Piwniccy herbu Lubicz odmieniony od XVI do XX wieku, <\/span><\/i><span style=\"font-weight: normal;\">Warszawa 2016<\/span><\/p>\n<p class=\"MsoTitle\" style=\"margin-left: 36.0pt; text-align: left; text-indent: -18.0pt; line-height: 150%; mso-list: l0 level1 lfo1; tab-stops: list 36.0pt;\" align=\"left\"><span style=\"font-weight: normal;\"><span style=\"mso-list: Ignore;\">13.<span style=\"font: 7.0pt 'Times New Roman';\">\u00a0 <\/span><\/span><\/span>Dworaczek K. <span style=\"font-weight: normal;\">(opr.)<i style=\"mso-bidi-font-style: normal;\"> Solidarno\u015b\u0107 Walcz\u0105ca w dokumentach, <\/i>Warszawa 2016<\/span><\/p>\n<p class=\"MsoTitle\" style=\"margin-left: 36.0pt; text-align: left; text-indent: -18.0pt; line-height: 150%; mso-list: l0 level1 lfo1; tab-stops: list 36.0pt;\" align=\"left\"><span style=\"font-weight: normal;\"><span style=\"mso-list: Ignore;\">14.<span style=\"font: 7.0pt 'Times New Roman';\">\u00a0 <\/span><\/span><\/span>Dybizba\u0144ski M. <span style=\"font-weight: normal;\">(red.)<i style=\"mso-bidi-font-style: normal;\"> \u015awiaty melancholii : w 500-lecie &#8222;Melencolii&#8221; Albrechta D\u00fcrera (1514-2014), <\/i>Opole 2016<\/span><\/p>\n<p class=\"MsoTitle\" style=\"margin-left: 36.0pt; text-align: left; text-indent: -18.0pt; line-height: 150%; mso-list: l0 level1 lfo1; tab-stops: list 36.0pt;\" align=\"left\"><span style=\"font-weight: normal;\"><span style=\"mso-list: Ignore;\">15.<span style=\"font: 7.0pt 'Times New Roman';\">\u00a0 <\/span><\/span><\/span>Filip G. <i style=\"mso-bidi-font-style: normal;\"><span style=\"font-weight: normal;\">Mi\u0142o\u015b\u0107 pod koniec \u015bwiata,<\/span><\/i><span style=\"font-weight: normal;\"> Chorz\u00f3w, 2016<\/span><\/p>\n<p class=\"MsoTitle\" style=\"margin-left: 36.0pt; text-align: left; text-indent: -18.0pt; line-height: 150%; mso-list: l0 level1 lfo1; tab-stops: list 36.0pt;\" align=\"left\"><span style=\"font-weight: normal;\"><span style=\"mso-list: Ignore;\">16.<span style=\"font: 7.0pt 'Times New Roman';\">\u00a0 <\/span><\/span><\/span>Gawryluk B. <i style=\"mso-bidi-font-style: normal;\"><span style=\"font-weight: normal;\">Wanda Chotomska : nie mam nic do ukrycia,<\/span><\/i> <span style=\"font-weight: normal;\">Warszawa 2016<\/span><\/p>\n<p class=\"MsoTitle\" style=\"margin-left: 36.0pt; text-align: left; text-indent: -18.0pt; line-height: 150%; mso-list: l0 level1 lfo1; tab-stops: list 36.0pt;\" align=\"left\"><span style=\"font-weight: normal;\"><span style=\"mso-list: Ignore;\">17.<span style=\"font: 7.0pt 'Times New Roman';\">\u00a0 <\/span><\/span><\/span>Janiak-Jasi\u0144ska A. <i style=\"mso-bidi-font-style: normal;\"><span style=\"font-weight: normal;\">Ludzie starzy i staro\u015b\u0107 na ziemiach polskich od XVIII do XXI wieku T.1,2 <span style=\"mso-spacerun: yes;\">\u00a0<\/span><\/span><\/i><span style=\"font-weight: normal;\">Warszawa 2016<\/span><\/p>\n<p class=\"MsoTitle\" style=\"margin-left: 36.0pt; text-align: left; text-indent: -18.0pt; line-height: 150%; mso-list: l0 level1 lfo1; tab-stops: list 36.0pt;\" align=\"left\"><span style=\"font-weight: normal;\"><span style=\"mso-list: Ignore;\">18.<span style=\"font: 7.0pt 'Times New Roman';\">\u00a0 <\/span><\/span><\/span>Jaworska A. <span style=\"font-weight: normal;\">(red.)<i style=\"mso-bidi-font-style: normal;\"> Znaki i symbole w przestrzeni publicznej od \u015bredniowiecza do czas\u00f3w wsp\u00f3\u0142czesnych, <\/i>Warszawa 2016<\/span><\/p>\n<p class=\"MsoTitle\" style=\"margin-left: 36.0pt; text-align: left; text-indent: -18.0pt; line-height: 150%; mso-list: l0 level1 lfo1; tab-stops: list 36.0pt;\" align=\"left\"><span style=\"font-weight: normal;\"><span style=\"mso-list: Ignore;\">19.<span style=\"font: 7.0pt 'Times New Roman';\">\u00a0 <\/span><\/span><\/span>Kaczorowski A.W. <span style=\"font-weight: normal;\">(red.) <i style=\"mso-bidi-font-style: normal;\">Opozycja i op\u00f3r spo\u0142eczny w Polsce po 1956 roku : rolnicza &#8222;Solidarno\u015b\u0107&#8221; w Polsce 1980-1989, <\/i>Warszawa 2016<\/span><\/p>\n<p class=\"MsoTitle\" style=\"margin-left: 36.0pt; text-align: left; text-indent: -18.0pt; line-height: 150%; mso-list: l0 level1 lfo1; tab-stops: list 36.0pt;\" align=\"left\"><span style=\"font-weight: normal;\"><span style=\"mso-list: Ignore;\">20.<span style=\"font: 7.0pt 'Times New Roman';\">\u00a0 <\/span><\/span><\/span>Kienzler I. <i style=\"mso-bidi-font-style: normal;\"><span style=\"font-weight: normal;\">Bodo i jego burzliwe romanse, <\/span><\/i><span style=\"font-weight: normal;\">Warszawa 2016<\/span><\/p>\n<p class=\"MsoTitle\" style=\"margin-left: 36.0pt; text-align: left; text-indent: -18.0pt; line-height: 150%; mso-list: l0 level1 lfo1; tab-stops: list 36.0pt;\" align=\"left\"><span style=\"font-weight: normal;\"><span style=\"mso-list: Ignore;\">21.<span style=\"font: 7.0pt 'Times New Roman';\">\u00a0 <\/span><\/span><\/span>Koper S. <i style=\"mso-bidi-font-style: normal;\"><span style=\"font-weight: normal;\">Bodo : historia z tragicznym zako\u0144czeniem, <\/span><\/i><span style=\"font-weight: normal;\">Warszawa 2016<\/span><\/p>\n<p class=\"MsoTitle\" style=\"margin-left: 36.0pt; text-align: left; text-indent: -18.0pt; line-height: 150%; mso-list: l0 level1 lfo1; tab-stops: list 36.0pt;\" align=\"left\"><span style=\"font-weight: normal;\"><span style=\"mso-list: Ignore;\">22.<span style=\"font: 7.0pt 'Times New Roman';\">\u00a0 <\/span><\/span><\/span>Kozera D. <span style=\"font-weight: normal;\">(red.) <i style=\"mso-bidi-font-style: normal;\">Mi\u0119dzynarodowe operacje pokojowe i stabilizacyjne w polskiej polityce bezpiecze\u0144stwa w XX i XXI wieku,<\/i> Warszawa 2016<\/span><\/p>\n<p class=\"MsoTitle\" style=\"margin-left: 36.0pt; text-align: left; text-indent: -18.0pt; line-height: 150%; mso-list: l0 level1 lfo1; tab-stops: list 36.0pt;\" align=\"left\"><span style=\"font-weight: normal;\"><span style=\"mso-list: Ignore;\">23.<span style=\"font: 7.0pt 'Times New Roman';\">\u00a0 <\/span><\/span><\/span>Kubaczyk T. <span style=\"font-weight: normal;\">(red.) <i style=\"mso-bidi-font-style: normal;\">\u0141ad mi\u0119dzynarodowy w XXI wieku,<\/i> Warszawa 2016<\/span><\/p>\n<p class=\"MsoTitle\" style=\"margin-left: 36.0pt; text-align: left; text-indent: -18.0pt; line-height: 150%; mso-list: l0 level1 lfo1; tab-stops: list 36.0pt;\" align=\"left\"><span style=\"font-weight: normal;\"><span style=\"mso-list: Ignore;\">24.<span style=\"font: 7.0pt 'Times New Roman';\">\u00a0 <\/span><\/span><\/span>Lipi\u0144ski W. <i style=\"mso-bidi-font-style: normal;\"><span style=\"font-weight: normal;\">Walka zbrojna o niepodleg\u0142o\u015b\u0107 Polski 1905-1918,<\/span><\/i><span style=\"font-weight: normal;\"> \u0141omianki 2016<\/span><\/p>\n<p class=\"MsoTitle\" style=\"margin-left: 36.0pt; text-align: left; text-indent: -18.0pt; line-height: 150%; mso-list: l0 level1 lfo1; tab-stops: list 36.0pt;\" align=\"left\"><span style=\"font-weight: normal;\"><span style=\"mso-list: Ignore;\">25.<span style=\"font: 7.0pt 'Times New Roman';\">\u00a0 <\/span><\/span><\/span>\u0141awrynowicz M. <i style=\"mso-bidi-font-style: normal;\"><span style=\"font-weight: normal;\">Mundur,<\/span><\/i><span style=\"font-weight: normal;\"> Pozna\u0144 2016<\/span><\/p>\n<p class=\"MsoTitle\" style=\"margin-left: 36.0pt; text-align: left; text-indent: -18.0pt; line-height: 150%; mso-list: l0 level1 lfo1; tab-stops: list 36.0pt;\" align=\"left\"><span style=\"font-weight: normal;\"><span style=\"mso-list: Ignore;\">26.<span style=\"font: 7.0pt 'Times New Roman';\">\u00a0 <\/span><\/span><\/span>Matejko-Peterka I. <i style=\"mso-bidi-font-style: normal;\"><span style=\"font-weight: normal;\">Ksi\u0105\u017c\u0119ta, piecz\u0119cie i w\u0142adza : studium ze sfragistyki Piast\u00f3w legnicko-brzeskich, <\/span><\/i><span style=\"font-weight: normal;\">Warszawa 2016<\/span><\/p>\n<p class=\"MsoTitle\" style=\"margin-left: 36.0pt; text-align: left; text-indent: -18.0pt; line-height: 150%; mso-list: l0 level1 lfo1; tab-stops: list 36.0pt;\" align=\"left\"><span style=\"font-weight: normal;\"><span style=\"mso-list: Ignore;\">27.<span style=\"font: 7.0pt 'Times New Roman';\">\u00a0 <\/span><\/span><\/span>Miklaszewska M. <i style=\"mso-bidi-font-style: normal;\"><span style=\"font-weight: normal;\">Wojtek z armii Andersa, <\/span><\/i><span style=\"font-weight: normal;\">Pozna\u0144 2016<\/span><\/p>\n<p class=\"MsoTitle\" style=\"margin-left: 36.0pt; text-align: left; text-indent: -18.0pt; line-height: 150%; mso-list: l0 level1 lfo1; tab-stops: list 36.0pt;\" align=\"left\"><span style=\"font-weight: normal;\"><span style=\"mso-list: Ignore;\">28.<span style=\"font: 7.0pt 'Times New Roman';\">\u00a0 <\/span><\/span><\/span>Nowosad W.<span style=\"font-weight: normal;\"> (opr.) <i style=\"mso-bidi-font-style: normal;\">Testamenty szlachty Prus Kr\u00f3lewskich z XVIII wieku,<\/i> Warszawa 2016<\/span><\/p>\n<p class=\"MsoTitle\" style=\"margin-left: 36.0pt; text-align: left; text-indent: -18.0pt; line-height: 150%; mso-list: l0 level1 lfo1; tab-stops: list 36.0pt;\" align=\"left\"><span style=\"font-weight: normal;\"><span style=\"mso-list: Ignore;\">29.<span style=\"font: 7.0pt 'Times New Roman';\">\u00a0 <\/span><\/span><\/span>Olszewski L. <i style=\"mso-bidi-font-style: normal;\"><span style=\"font-weight: normal;\">August i Rzym : pami\u0119\u0107, rytua\u0142y i praktyki \u017cycia codziennego<\/span><\/i><span style=\"font-weight: normal;\">, Pozna\u0144 2016<\/span><\/p>\n<p class=\"MsoTitle\" style=\"margin-left: 36.0pt; text-align: left; text-indent: -18.0pt; line-height: 150%; mso-list: l0 level1 lfo1; tab-stops: list 36.0pt;\" align=\"left\"><span style=\"font-weight: normal;\"><span style=\"mso-list: Ignore;\">30.<span style=\"font: 7.0pt 'Times New Roman';\">\u00a0 <\/span><\/span><\/span>Ossendowski F.A. <i style=\"mso-bidi-font-style: normal;\"><span style=\"font-weight: normal;\">Czao-Ra : opowie\u015b\u0107 p\u00f3\u0142nocna,<\/span><\/i><span style=\"font-weight: normal;\"> Pozna\u0144 2016<\/span><\/p>\n<p class=\"MsoTitle\" style=\"margin-left: 36.0pt; text-align: left; text-indent: -18.0pt; line-height: 150%; mso-list: l0 level1 lfo1; tab-stops: list 36.0pt;\" align=\"left\"><span style=\"font-weight: normal;\"><span style=\"mso-list: Ignore;\">31.<span style=\"font: 7.0pt 'Times New Roman';\">\u00a0 <\/span><\/span><\/span>Palski Z. <i style=\"mso-bidi-font-style: normal;\"><span style=\"font-weight: normal;\">Informacja Wojska Polskiego 1943-1957,<\/span><\/i><span style=\"font-weight: normal;\"> Warszawa 2016<\/span><\/p>\n<p class=\"MsoTitle\" style=\"margin-left: 36.0pt; text-align: left; text-indent: -18.0pt; line-height: 150%; mso-list: l0 level1 lfo1; tab-stops: list 36.0pt;\" align=\"left\"><span style=\"font-weight: normal;\"><span style=\"mso-list: Ignore;\">32.<span style=\"font: 7.0pt 'Times New Roman';\">\u00a0 <\/span><\/span><\/span>Pilipiuk A. <i style=\"mso-bidi-font-style: normal;\"><span style=\"font-weight: normal;\">Litr ciek\u0142ego o\u0142owiu, <\/span><\/i><span style=\"font-weight: normal;\">Lublin 2016<\/span><\/p>\n<p class=\"MsoTitle\" style=\"margin-left: 36.0pt; text-align: left; text-indent: -18.0pt; line-height: 150%; mso-list: l0 level1 lfo1; tab-stops: list 36.0pt;\" align=\"left\"><span style=\"font-weight: normal;\"><span style=\"mso-list: Ignore;\">33.<span style=\"font: 7.0pt 'Times New Roman';\">\u00a0 <\/span><\/span><\/span>Pinkola E.C. <i style=\"mso-bidi-font-style: normal;\"><span style=\"font-weight: normal;\">Oswobodzenie silnej kobiety : nieskalana mi\u0142o\u015b\u0107 Matki Uwielbionej do dzikiej duszy, <\/span><\/i><span style=\"font-weight: normal;\">Pozna\u0144 2016<\/span><\/p>\n<p class=\"MsoTitle\" style=\"margin-left: 36.0pt; text-align: left; text-indent: -18.0pt; line-height: 150%; mso-list: l0 level1 lfo1; tab-stops: list 36.0pt;\" align=\"left\"><span style=\"font-weight: normal;\"><span style=\"mso-list: Ignore;\">34.<span style=\"font: 7.0pt 'Times New Roman';\">\u00a0 <\/span><\/span><\/span>Pir\u00f3g T. <i style=\"mso-bidi-font-style: normal;\"><span style=\"font-weight: normal;\">Dialog obywatelski w perspektywie socjologicznej : mity i realia dobrego rz\u0105dzenia, <\/span><\/i><span style=\"font-weight: normal;\">Krak\u00f3w 2016<\/span><\/p>\n<p class=\"MsoTitle\" style=\"margin-left: 36.0pt; text-align: left; text-indent: -18.0pt; line-height: 150%; mso-list: l0 level1 lfo1; tab-stops: list 36.0pt;\" align=\"left\"><span style=\"font-weight: normal;\"><span style=\"mso-list: Ignore;\">35.<span style=\"font: 7.0pt 'Times New Roman';\">\u00a0 <\/span><\/span><\/span>Przyborowski W. <i style=\"mso-bidi-font-style: normal;\"><span style=\"font-weight: normal;\">Szkielet w domu, <\/span><\/i><span style=\"font-weight: normal;\">\u0141omianki 2016<\/span><\/p>\n<p class=\"MsoTitle\" style=\"margin-left: 36.0pt; text-align: left; text-indent: -18.0pt; line-height: 150%; mso-list: l0 level1 lfo1; tab-stops: list 36.0pt;\" align=\"left\"><span style=\"font-weight: normal;\"><span style=\"mso-list: Ignore;\">36.<span style=\"font: 7.0pt 'Times New Roman';\">\u00a0 <\/span><\/span><\/span>Pycka A. M. <i style=\"mso-bidi-font-style: normal;\"><span style=\"font-weight: normal;\">R\u00f3g obfito\u015bci czy puszka Pandory? : kultura w Drugiej Rzeczypospolitej,<\/span><\/i><span style=\"font-weight: normal;\"><span style=\"mso-spacerun: yes;\">\u00a0 <\/span>Warszawa 2016<\/span><\/p>\n<p class=\"MsoTitle\" style=\"margin-left: 36.0pt; text-align: left; text-indent: -18.0pt; line-height: 150%; mso-list: l0 level1 lfo1; tab-stops: list 36.0pt;\" align=\"left\"><span style=\"font-weight: normal;\"><span style=\"mso-list: Ignore;\">37.<span style=\"font: 7.0pt 'Times New Roman';\">\u00a0 <\/span><\/span><\/span>Sadkowska-Mokkas L. <i style=\"mso-bidi-font-style: normal;\"><span style=\"font-weight: normal;\">Warszawa skamandryt\u00f3w,<\/span><\/i><span style=\"font-weight: normal;\"> Warszawa 2016<\/span><\/p>\n<p class=\"MsoTitle\" style=\"margin-left: 36.0pt; text-align: left; text-indent: -18.0pt; line-height: 150%; mso-list: l0 level1 lfo1; tab-stops: list 36.0pt;\" align=\"left\"><span style=\"font-weight: normal;\"><span style=\"mso-list: Ignore;\">38.<span style=\"font: 7.0pt 'Times New Roman';\">\u00a0 <\/span><\/span><\/span>Sieniawska E. <i style=\"mso-bidi-font-style: normal;\"><span style=\"font-weight: normal;\">Korespondencja El\u017cbiety z Lubomirskich Sieniawskiej, kasztelanowej krakowskiej T.1,2, <\/span><\/i><span style=\"font-weight: normal;\">Warszawa 2016<\/span><\/p>\n<p class=\"MsoTitle\" style=\"margin-left: 36.0pt; text-align: left; text-indent: -18.0pt; line-height: 150%; mso-list: l0 level1 lfo1; tab-stops: list 36.0pt;\" align=\"left\"><span style=\"font-weight: normal;\"><span style=\"mso-list: Ignore;\">39.<span style=\"font: 7.0pt 'Times New Roman';\">\u00a0 <\/span><\/span><\/span>Smole\u0144ski P. <i style=\"mso-bidi-font-style: normal;\"><span style=\"font-weight: normal;\">Wieje szarkijja : Beduini z pustyni Genew,<\/span><\/i><span style=\"font-weight: normal;\"> Wo\u0142owiec 2016<\/span><\/p>\n<p class=\"MsoTitle\" style=\"margin-left: 36.0pt; text-align: left; text-indent: -18.0pt; line-height: 150%; mso-list: l0 level1 lfo1; tab-stops: list 36.0pt;\" align=\"left\"><span style=\"font-weight: normal;\"><span style=\"mso-list: Ignore;\">40.<span style=\"font: 7.0pt 'Times New Roman';\">\u00a0 <\/span><\/span><\/span>Studnicka-Maria\u0144czyk K. <i style=\"mso-bidi-font-style: normal;\"><span style=\"font-weight: normal;\">Ludwika hrabina Ostrowska (1851-1926) : kobieta, gospodarz, spo\u0142ecznik, <\/span><\/i><span style=\"font-weight: normal;\">Warszawa 2016<\/span><\/p>\n<p class=\"MsoTitle\" style=\"margin-left: 36.0pt; text-align: left; text-indent: -18.0pt; line-height: 150%; mso-list: l0 level1 lfo1; tab-stops: list 36.0pt;\" align=\"left\"><span style=\"font-weight: normal;\"><span style=\"mso-list: Ignore;\">41.<span style=\"font: 7.0pt 'Times New Roman';\">\u00a0 <\/span><\/span><\/span>Szlezer M. <i style=\"mso-bidi-font-style: normal;\"><span style=\"font-weight: normal;\">George Polgreen Bridgetower: afropolak, kt\u00f3ry zdenerwowa\u0142 Beethovena, <\/span><\/i><span style=\"font-weight: normal;\">Krak\u00f3w 2016<\/span><\/p>\n<p class=\"MsoTitle\" style=\"margin-left: 36.0pt; text-align: left; text-indent: -18.0pt; line-height: 150%; mso-list: l0 level1 lfo1; tab-stops: list 36.0pt;\" align=\"left\"><span style=\"font-weight: normal;\"><span style=\"mso-list: Ignore;\">42.<span style=\"font: 7.0pt 'Times New Roman';\">\u00a0 <\/span><\/span><\/span>Wid\u0142ak W. <i style=\"mso-bidi-font-style: normal;\"><span style=\"font-weight: normal;\">O smoku spod Wawelu,<\/span><\/i> <span style=\"font-weight: normal;\">Warszawa 2016<\/span><\/p>\n<p class=\"MsoTitle\" style=\"margin-left: 36.0pt; text-align: left; text-indent: -18.0pt; line-height: 150%; mso-list: l0 level1 lfo1; tab-stops: list 36.0pt;\" align=\"left\"><span style=\"font-weight: normal;\"><span style=\"mso-list: Ignore;\">43.<span style=\"font: 7.0pt 'Times New Roman';\">\u00a0 <\/span><\/span><\/span>Wildstein B<i style=\"mso-bidi-font-style: normal;\">. <\/i><i style=\"mso-bidi-font-style: normal;\"><span style=\"font-weight: normal;\">Dom wybranych,<\/span><\/i><span style=\"font-weight: normal;\"> Pozna\u0144 2016<\/span><\/p>\n<p class=\"MsoTitle\" style=\"margin-left: 36.0pt; text-align: left; text-indent: -18.0pt; line-height: 150%; mso-list: l0 level1 lfo1; tab-stops: list 36.0pt;\" align=\"left\"><span style=\"font-weight: normal;\"><span style=\"mso-list: Ignore;\">44.<span style=\"font: 7.0pt 'Times New Roman';\">\u00a0 <\/span><\/span><\/span>Wykr\u0119towicz S. <span style=\"font-weight: normal;\">(red.)<\/span> <i style=\"mso-bidi-font-style: normal;\"><span style=\"font-weight: normal;\">Izby przemys\u0142owo-handlowe w Polsce na tle Europy i Stan\u00f3w Zjednoczonych,<\/span><\/i><span style=\"font-weight: normal;\"> Pozna\u0144 2016<\/span><\/p>\n<p class=\"MsoTitle\" style=\"margin-left: 36.0pt; text-align: left; text-indent: -18.0pt; line-height: 150%; mso-list: l0 level1 lfo1; tab-stops: list 36.0pt;\" align=\"left\"><span style=\"font-weight: normal;\"><span style=\"mso-list: Ignore;\">45.<span style=\"font: 7.0pt 'Times New Roman';\">\u00a0 <\/span><\/span><\/span>Yerafeyenka V. <span style=\"font-weight: normal;\">(opr.) <i style=\"mso-bidi-font-style: normal;\">Irena Jarocka : tam, gdzie serce, tam m\u00f3j dom,<\/i> Krak\u00f3w 2016<\/span><\/p>\n<p class=\"MsoTitle\" style=\"margin-left: 36.0pt; text-align: left; text-indent: -18.0pt; line-height: 150%; mso-list: l0 level1 lfo1; tab-stops: list 36.0pt;\" align=\"left\"><span style=\"font-weight: normal;\"><span style=\"mso-list: Ignore;\">46.<span style=\"font: 7.0pt 'Times New Roman';\">\u00a0 <\/span><\/span><\/span>Zalewski W. <i style=\"mso-bidi-font-style: normal;\"><span style=\"font-weight: normal;\">Przest\u0119pczo\u015b\u0107 ubezpieczeniowa: etiologia, fenomenologia, przeciwdzia\u0142anie,<\/span><\/i><span style=\"font-weight: normal;\"> Sopot 2016<\/span><\/p>\n<p class=\"MsoTitle\" style=\"margin-left: 36.0pt; text-align: left; text-indent: -18.0pt; line-height: 150%; mso-list: l0 level1 lfo1; tab-stops: list 36.0pt;\" align=\"left\"><span style=\"font-weight: normal;\"><span style=\"mso-list: Ignore;\">47.<span style=\"font: 7.0pt 'Times New Roman';\">\u00a0 <\/span><\/span><\/span>Zapa\u0142owski A. <i style=\"mso-bidi-font-style: normal;\"><span style=\"font-weight: normal;\">Granica w ogniu : 35. &#8222;Przemyska&#8221; Komenda Odcinka WOP w dzia\u0142aniach przeciw OUN i UPA w latach 1945-1948, <\/span><\/i><span style=\"font-weight: normal;\">Warszawa 2016<\/span><\/p>\n<p class=\"MsoTitle\" style=\"margin-left: 36.0pt; text-align: left; text-indent: -18.0pt; line-height: 150%; mso-list: l0 level1 lfo1; tab-stops: list 36.0pt;\" align=\"left\"><span style=\"font-weight: normal;\"><span style=\"mso-list: Ignore;\">48.<span style=\"font: 7.0pt 'Times New Roman';\">\u00a0 <\/span><\/span><\/span>Za\u015bko-Zieli\u0144ska M. <span style=\"font-weight: normal;\">(red.) <i style=\"mso-bidi-font-style: normal;\">Lingua et gaudium : ksi\u0119ga jubileuszowa ofiarowana profesorowi Janowi Miodkowi, <\/i>Wroc\u0142aw 2016<\/span><\/p>\n<p class=\"MsoTitle\" style=\"margin-left: 36.0pt; text-align: left; text-indent: -18.0pt; line-height: 150%; mso-list: l0 level1 lfo1; tab-stops: list 36.0pt;\" align=\"left\"><span style=\"font-weight: normal;\"><span style=\"mso-list: Ignore;\">49.<span style=\"font: 7.0pt 'Times New Roman';\">\u00a0 <\/span><\/span><\/span>Zerling-Konopka A. <i style=\"mso-bidi-font-style: normal;\"><span style=\"font-weight: normal;\">Rozalia Lubomirska : kwiat Podola,<\/span><\/i><span style=\"font-weight: normal;\"> Warszawa 2016<\/span><\/p>\n<p class=\"MsoTitle\" style=\"margin-left: 36.0pt; text-align: left; text-indent: -18.0pt; line-height: 150%; mso-list: l0 level1 lfo1; tab-stops: list 36.0pt;\" align=\"left\"><span style=\"font-weight: normal;\"><span style=\"mso-list: Ignore;\">50.<span style=\"font: 7.0pt 'Times New Roman';\">\u00a0 <\/span><\/span><\/span>Zieli\u0144ska A. <i style=\"mso-bidi-font-style: normal;\"><span style=\"font-weight: normal;\">Bura i sza\u0142, <\/span><\/i><span style=\"font-weight: normal;\">Warszawa 2016<\/span><\/p>\n<p style=\"text-align: left;\">\n","protected":false},"excerpt":{"rendered":"","protected":false},"author":11,"featured_media":0,"comment_status":"closed","ping_status":"open","sticky":false,"template":"","format":"standard","meta":{"_tec_requires_first_save":true,"_crdt_document":"","pgc_sgb_lightbox_settings":"","_EventAllDay":false,"_EventTimezone":"","_EventStartDate":"","_EventEndDate":"","_EventStartDateUTC":"","_EventEndDateUTC":"","_EventShowMap":false,"_EventShowMapLink":false,"_EventURL":"","_EventCost":"","_EventCostDescription":"","_EventCurrencySymbol":"","_EventCurrencyCode":"","_EventCurrencyPosition":"","_EventDateTimeSeparator":"","_EventTimeRangeSeparator":"","_EventOrganizerID":[],"_EventVenueID":[],"_OrganizerEmail":"","_OrganizerPhone":"","_OrganizerWebsite":"","_VenueAddress":"","_VenueCity":"","_VenueCountry":"","_VenueProvince":"","_VenueState":"","_VenueZip":"","_VenuePhone":"","_VenueURL":"","_VenueStateProvince":"","_VenueLat":"","_VenueLng":"","_VenueShowMap":false,"_VenueShowMapLink":false,"_tribe_blocks_recurrence_rules":"","_tribe_blocks_recurrence_description":"","_tribe_blocks_recurrence_exclusions":"","footnotes":""},"categories":[509,57],"tags":[],"class_list":["post-9846","post","type-post","status-publish","format-standard","hentry","category-nowe-nabytki","category-nowe-nabytki-do-ksigozbioru-naukowego"],"publishpress_future_action":{"enabled":false,"date":"2026-05-06 15:53:19","action":"change-status","newStatus":"draft","terms":[],"taxonomy":"category","extraData":[]},"publishpress_future_workflow_manual_trigger":{"enabledWorkflows":[]},"_links":{"self":[{"href":"https:\/\/wbp.lublin.pl\/index.php\/wp-json\/wp\/v2\/posts\/9846","targetHints":{"allow":["GET"]}}],"collection":[{"href":"https:\/\/wbp.lublin.pl\/index.php\/wp-json\/wp\/v2\/posts"}],"about":[{"href":"https:\/\/wbp.lublin.pl\/index.php\/wp-json\/wp\/v2\/types\/post"}],"author":[{"embeddable":true,"href":"https:\/\/wbp.lublin.pl\/index.php\/wp-json\/wp\/v2\/users\/11"}],"replies":[{"embeddable":true,"href":"https:\/\/wbp.lublin.pl\/index.php\/wp-json\/wp\/v2\/comments?post=9846"}],"version-history":[{"count":3,"href":"https:\/\/wbp.lublin.pl\/index.php\/wp-json\/wp\/v2\/posts\/9846\/revisions"}],"predecessor-version":[{"id":13495,"href":"https:\/\/wbp.lublin.pl\/index.php\/wp-json\/wp\/v2\/posts\/9846\/revisions\/13495"}],"wp:attachment":[{"href":"https:\/\/wbp.lublin.pl\/index.php\/wp-json\/wp\/v2\/media?parent=9846"}],"wp:term":[{"taxonomy":"category","embeddable":true,"href":"https:\/\/wbp.lublin.pl\/index.php\/wp-json\/wp\/v2\/categories?post=9846"},{"taxonomy":"post_tag","embeddable":true,"href":"https:\/\/wbp.lublin.pl\/index.php\/wp-json\/wp\/v2\/tags?post=9846"}],"curies":[{"name":"wp","href":"https:\/\/api.w.org\/{rel}","templated":true}]}}