{"id":9914,"date":"2017-04-08T08:04:35","date_gmt":"2017-04-08T06:04:35","guid":{"rendered":"https:\/\/wbp.lublin.pl8\/index.php\/2017\/04\/08\/magorzata-piekarska-w-dkk\/"},"modified":"2018-06-24T14:44:45","modified_gmt":"2018-06-24T12:44:45","slug":"magorzata-piekarska-w-dkk","status":"publish","type":"post","link":"https:\/\/wbp.lublin.pl\/index.php\/2017\/04\/08\/magorzata-piekarska-w-dkk\/","title":{"rendered":"Ma\u0142gorzata Piekarska w DKK"},"content":{"rendered":"<p>Wojew\u00f3dzka Biblioteka Publiczna im. Hieronima \u0141opaci\u0144skiego w Lublinie    oraz Instytut Ksi\u0105\u017cki zapraszaj\u0105 na spotkania autorskie z<strong> Ma\u0142gorzat\u0105 Piekarsk\u0105 <\/strong>w\u00a0Lubelskich  Dyskusyjnych Klubach Ksi\u0105\u017cki<\/p>\n<p class=\"MsoNormal\"><strong>24 IV g. g. 10.00<\/strong> &#8211; Gminny O\u015brodek Kultury. Biblioteka Publiczna Gminy Ha\u0144sk, ul. Osiedlowa 6, Ha\u0144sk<\/p>\n<p class=\"MsoNormal\"><strong>24 IV<span style=\"mso-spacerun:yes\">\u00a0 <\/span>g. 13.00<\/strong> &#8211; Biblioteka Publiczna Gminy Ruda-Huta, ul. Niepodleg\u0142o\u015bci 36, Ruda-Huta<\/p>\n<p>\u00a0<\/p>\n","protected":false},"excerpt":{"rendered":"<p>Wojew\u00f3dzka Biblioteka Publiczna im. Hieronima \u0141opaci\u0144skiego w Lublinie oraz Instytut Ksi\u0105\u017cki zapraszaj\u0105 na spotkania autorskie z Ma\u0142gorzat\u0105 Piekarsk\u0105 w\u00a0Lubelskich Dyskusyjnych Klubach Ksi\u0105\u017cki 24 IV g. g. 10.00 &#8211; Gminny O\u015brodek [&hellip;]<\/p>\n","protected":false},"author":9,"featured_media":0,"comment_status":"open","ping_status":"open","sticky":false,"template":"","format":"standard","meta":{"_tec_requires_first_save":true,"_crdt_document":"","pgc_sgb_lightbox_settings":"","_EventAllDay":false,"_EventTimezone":"","_EventStartDate":"","_EventEndDate":"","_EventStartDateUTC":"","_EventEndDateUTC":"","_EventShowMap":false,"_EventShowMapLink":false,"_EventURL":"","_EventCost":"","_EventCostDescription":"","_EventCurrencySymbol":"","_EventCurrencyCode":"","_EventCurrencyPosition":"","_EventDateTimeSeparator":"","_EventTimeRangeSeparator":"","_EventOrganizerID":[],"_EventVenueID":[],"_OrganizerEmail":"","_OrganizerPhone":"","_OrganizerWebsite":"","_VenueAddress":"","_VenueCity":"","_VenueCountry":"","_VenueProvince":"","_VenueState":"","_VenueZip":"","_VenuePhone":"","_VenueURL":"","_VenueStateProvince":"","_VenueLat":"","_VenueLng":"","_VenueShowMap":false,"_VenueShowMapLink":false,"_tribe_blocks_recurrence_rules":"","_tribe_blocks_recurrence_description":"","_tribe_blocks_recurrence_exclusions":"","footnotes":""},"categories":[105],"tags":[],"class_list":["post-9914","post","type-post","status-publish","format-standard","hentry","category-aktualnosci-dkk"],"publishpress_future_action":{"enabled":false,"date":"2026-05-06 11:06:15","action":"change-status","newStatus":"draft","terms":[],"taxonomy":"category","extraData":[]},"publishpress_future_workflow_manual_trigger":{"enabledWorkflows":[]},"_links":{"self":[{"href":"https:\/\/wbp.lublin.pl\/index.php\/wp-json\/wp\/v2\/posts\/9914","targetHints":{"allow":["GET"]}}],"collection":[{"href":"https:\/\/wbp.lublin.pl\/index.php\/wp-json\/wp\/v2\/posts"}],"about":[{"href":"https:\/\/wbp.lublin.pl\/index.php\/wp-json\/wp\/v2\/types\/post"}],"author":[{"embeddable":true,"href":"https:\/\/wbp.lublin.pl\/index.php\/wp-json\/wp\/v2\/users\/9"}],"replies":[{"embeddable":true,"href":"https:\/\/wbp.lublin.pl\/index.php\/wp-json\/wp\/v2\/comments?post=9914"}],"version-history":[{"count":1,"href":"https:\/\/wbp.lublin.pl\/index.php\/wp-json\/wp\/v2\/posts\/9914\/revisions"}],"predecessor-version":[{"id":11196,"href":"https:\/\/wbp.lublin.pl\/index.php\/wp-json\/wp\/v2\/posts\/9914\/revisions\/11196"}],"wp:attachment":[{"href":"https:\/\/wbp.lublin.pl\/index.php\/wp-json\/wp\/v2\/media?parent=9914"}],"wp:term":[{"taxonomy":"category","embeddable":true,"href":"https:\/\/wbp.lublin.pl\/index.php\/wp-json\/wp\/v2\/categories?post=9914"},{"taxonomy":"post_tag","embeddable":true,"href":"https:\/\/wbp.lublin.pl\/index.php\/wp-json\/wp\/v2\/tags?post=9914"}],"curies":[{"name":"wp","href":"https:\/\/api.w.org\/{rel}","templated":true}]}}