{"id":9919,"date":"2017-04-18T11:07:53","date_gmt":"2017-04-18T09:07:53","guid":{"rendered":"https:\/\/wbp.lublin.pl8\/index.php\/2017\/04\/18\/zapraszamy-na-szkolenie-dwa-bratanki-odkrywamy-literatur-wgiersk-w-polsce\/"},"modified":"2018-06-25T00:52:53","modified_gmt":"2018-06-24T22:52:53","slug":"zapraszamy-na-szkolenie-dwa-bratanki-odkrywamy-literatur-wgiersk-w-polsce","status":"publish","type":"post","link":"https:\/\/wbp.lublin.pl\/index.php\/2017\/04\/18\/zapraszamy-na-szkolenie-dwa-bratanki-odkrywamy-literatur-wgiersk-w-polsce\/","title":{"rendered":"Zapraszamy na szkolenie DWA BRATANKI: odkrywamy literatur\u0119 w\u0119giersk\u0105 w Polsce"},"content":{"rendered":"<p>&nbsp;<\/p>\n<p style=\"text-align: center;\"><strong>Szkolenie odb\u0119dzie si\u0119 20 kwietnia w godz. 9.30-14.30 w Galerii Biblioteki. Szkolenie jest bezp\u0142atne.<br \/>\nLiczba miejsc ograniczona &#8211; zapisy pod nrem tel. 81 528 74 20.<\/strong><\/p>\n<p style=\"text-align: center;\"><img data-dominant-color=\"df8791\" data-has-transparency=\"false\" style=\"--dominant-color: #df8791;\" loading=\"lazy\" decoding=\"async\" class=\"size-full wp-image-9918 not-transparent\" src=\"http:\/\/wbp.lublin.pl\/wp-content\/uploads\/2017\/04\/komunikaty_2017-04-20-Bratanki_bratanki.jpg\" alt=\"\" width=\"500\" height=\"714\" \/><\/p>\n","protected":false},"excerpt":{"rendered":"<p>&nbsp; Szkolenie odb\u0119dzie si\u0119 20 kwietnia w godz. 9.30-14.30 w Galerii Biblioteki. Szkolenie jest bezp\u0142atne. Liczba miejsc ograniczona &#8211; zapisy pod nrem tel. 81 528 74 20.<\/p>\n","protected":false},"author":9,"featured_media":9918,"comment_status":"open","ping_status":"open","sticky":false,"template":"","format":"standard","meta":{"_tec_requires_first_save":true,"_crdt_document":"","pgc_sgb_lightbox_settings":"","_EventAllDay":false,"_EventTimezone":"","_EventStartDate":"","_EventEndDate":"","_EventStartDateUTC":"","_EventEndDateUTC":"","_EventShowMap":false,"_EventShowMapLink":false,"_EventURL":"","_EventCost":"","_EventCostDescription":"","_EventCurrencySymbol":"","_EventCurrencyCode":"","_EventCurrencyPosition":"","_EventDateTimeSeparator":"","_EventTimeRangeSeparator":"","_EventOrganizerID":[],"_EventVenueID":[],"_OrganizerEmail":"","_OrganizerPhone":"","_OrganizerWebsite":"","_VenueAddress":"","_VenueCity":"","_VenueCountry":"","_VenueProvince":"","_VenueState":"","_VenueZip":"","_VenuePhone":"","_VenueURL":"","_VenueStateProvince":"","_VenueLat":"","_VenueLng":"","_VenueShowMap":false,"_VenueShowMapLink":false,"_tribe_blocks_recurrence_rules":"","_tribe_blocks_recurrence_description":"","_tribe_blocks_recurrence_exclusions":"","footnotes":""},"categories":[101],"tags":[],"class_list":["post-9919","post","type-post","status-publish","format-standard","has-post-thumbnail","hentry","category-komunikaty-branzowe-archiwum"],"publishpress_future_action":{"enabled":false,"date":"2026-05-06 15:55:18","action":"change-status","newStatus":"draft","terms":[],"taxonomy":"category","extraData":[]},"publishpress_future_workflow_manual_trigger":{"enabledWorkflows":[]},"_links":{"self":[{"href":"https:\/\/wbp.lublin.pl\/index.php\/wp-json\/wp\/v2\/posts\/9919","targetHints":{"allow":["GET"]}}],"collection":[{"href":"https:\/\/wbp.lublin.pl\/index.php\/wp-json\/wp\/v2\/posts"}],"about":[{"href":"https:\/\/wbp.lublin.pl\/index.php\/wp-json\/wp\/v2\/types\/post"}],"author":[{"embeddable":true,"href":"https:\/\/wbp.lublin.pl\/index.php\/wp-json\/wp\/v2\/users\/9"}],"replies":[{"embeddable":true,"href":"https:\/\/wbp.lublin.pl\/index.php\/wp-json\/wp\/v2\/comments?post=9919"}],"version-history":[{"count":2,"href":"https:\/\/wbp.lublin.pl\/index.php\/wp-json\/wp\/v2\/posts\/9919\/revisions"}],"predecessor-version":[{"id":11562,"href":"https:\/\/wbp.lublin.pl\/index.php\/wp-json\/wp\/v2\/posts\/9919\/revisions\/11562"}],"wp:featuredmedia":[{"embeddable":true,"href":"https:\/\/wbp.lublin.pl\/index.php\/wp-json\/wp\/v2\/media\/9918"}],"wp:attachment":[{"href":"https:\/\/wbp.lublin.pl\/index.php\/wp-json\/wp\/v2\/media?parent=9919"}],"wp:term":[{"taxonomy":"category","embeddable":true,"href":"https:\/\/wbp.lublin.pl\/index.php\/wp-json\/wp\/v2\/categories?post=9919"},{"taxonomy":"post_tag","embeddable":true,"href":"https:\/\/wbp.lublin.pl\/index.php\/wp-json\/wp\/v2\/tags?post=9919"}],"curies":[{"name":"wp","href":"https:\/\/api.w.org\/{rel}","templated":true}]}}