{"id":9939,"date":"2017-05-06T11:36:31","date_gmt":"2017-05-06T09:36:31","guid":{"rendered":"https:\/\/wbp.lublin.pl8\/index.php\/2017\/05\/06\/basia-kosmowska-w-dkk\/"},"modified":"2018-07-04T19:46:40","modified_gmt":"2018-07-04T17:46:40","slug":"basia-kosmowska-w-dkk","status":"publish","type":"post","link":"https:\/\/wbp.lublin.pl\/index.php\/2017\/05\/06\/basia-kosmowska-w-dkk\/","title":{"rendered":"Basia Kosmowska w DKK"},"content":{"rendered":"<p><span style=\"font-size: 12px;\"><span style=\"font-family: Tahoma;\">Wojew\u00f3dzka Biblioteka Publiczna im. Hieronima \u0141opaci\u0144skiego w Lublinie   oraz Instytut Ksi\u0105\u017cki zapraszaj\u0105 na spotkanie autorskie z <b style=\"mso-bidi-font-weight:normal\">Barbar\u0105 Kosmowsk\u0105<\/b> w Lubelskich Dyskusyjnych Klubach Ksi\u0105\u017cki<\/span><\/span><span style=\"font-size: 12px;\"><span style=\"font-family: Tahoma;\">    <\/span><\/span><span style=\"font-size: 12px;\"><span style=\"font-family: Tahoma;\"> <\/span><\/span><\/p>\n<p class=\"MsoNormal\"><span style=\"font-size: 12px;\"><span style=\"font-family: Tahoma;\"><strong>15 V g. 8.30<\/strong> &#8211; Miejska Biblioteka Publiczna we W\u0142odawie, ul. Przechodnia 13<\/span><\/span><\/p>\n<p class=\"MsoNormal\"><span style=\"font-size: 12px;\"><span style=\"font-family: Tahoma;\"><strong>15 V g. 11.00<\/strong> &#8211; Gminna Biblioteka Publiczna w Cycowie, ul.Che\u0142mska 19\u00a0 <\/span><\/span><\/p>\n<p class=\"MsoNormal\"><span style=\"font-size: 12px;\"><span style=\"font-family: Tahoma;\"><strong>16 V g. 9.00<\/strong> &#8211; Gminna Biblioteka Publiczna w Trzydniku, Trzydnik Du\u017cy 59<\/span><\/span><\/p>\n<p>\u00a0<\/p>\n","protected":false},"excerpt":{"rendered":"<p>Wojew\u00f3dzka Biblioteka Publiczna im. Hieronima \u0141opaci\u0144skiego w Lublinie oraz Instytut Ksi\u0105\u017cki zapraszaj\u0105 na spotkanie autorskie z Barbar\u0105 Kosmowsk\u0105 w Lubelskich Dyskusyjnych Klubach Ksi\u0105\u017cki 15 V g. 8.30 &#8211; Miejska Biblioteka [&hellip;]<\/p>\n","protected":false},"author":9,"featured_media":0,"comment_status":"open","ping_status":"open","sticky":false,"template":"","format":"standard","meta":{"_tec_requires_first_save":true,"_crdt_document":"","pgc_sgb_lightbox_settings":"","_EventAllDay":false,"_EventTimezone":"","_EventStartDate":"","_EventEndDate":"","_EventStartDateUTC":"","_EventEndDateUTC":"","_EventShowMap":false,"_EventShowMapLink":false,"_EventURL":"","_EventCost":"","_EventCostDescription":"","_EventCurrencySymbol":"","_EventCurrencyCode":"","_EventCurrencyPosition":"","_EventDateTimeSeparator":"","_EventTimeRangeSeparator":"","_EventOrganizerID":[],"_EventVenueID":[],"_OrganizerEmail":"","_OrganizerPhone":"","_OrganizerWebsite":"","_VenueAddress":"","_VenueCity":"","_VenueCountry":"","_VenueProvince":"","_VenueState":"","_VenueZip":"","_VenuePhone":"","_VenueURL":"","_VenueStateProvince":"","_VenueLat":"","_VenueLng":"","_VenueShowMap":false,"_VenueShowMapLink":false,"_tribe_blocks_recurrence_rules":"","_tribe_blocks_recurrence_description":"","_tribe_blocks_recurrence_exclusions":"","footnotes":""},"categories":[105],"tags":[],"class_list":["post-9939","post","type-post","status-publish","format-standard","hentry","category-aktualnosci-dkk"],"publishpress_future_action":{"enabled":false,"date":"2026-05-06 14:57:25","action":"change-status","newStatus":"draft","terms":[],"taxonomy":"category","extraData":[]},"publishpress_future_workflow_manual_trigger":{"enabledWorkflows":[]},"_links":{"self":[{"href":"https:\/\/wbp.lublin.pl\/index.php\/wp-json\/wp\/v2\/posts\/9939","targetHints":{"allow":["GET"]}}],"collection":[{"href":"https:\/\/wbp.lublin.pl\/index.php\/wp-json\/wp\/v2\/posts"}],"about":[{"href":"https:\/\/wbp.lublin.pl\/index.php\/wp-json\/wp\/v2\/types\/post"}],"author":[{"embeddable":true,"href":"https:\/\/wbp.lublin.pl\/index.php\/wp-json\/wp\/v2\/users\/9"}],"replies":[{"embeddable":true,"href":"https:\/\/wbp.lublin.pl\/index.php\/wp-json\/wp\/v2\/comments?post=9939"}],"version-history":[{"count":1,"href":"https:\/\/wbp.lublin.pl\/index.php\/wp-json\/wp\/v2\/posts\/9939\/revisions"}],"predecessor-version":[{"id":11182,"href":"https:\/\/wbp.lublin.pl\/index.php\/wp-json\/wp\/v2\/posts\/9939\/revisions\/11182"}],"wp:attachment":[{"href":"https:\/\/wbp.lublin.pl\/index.php\/wp-json\/wp\/v2\/media?parent=9939"}],"wp:term":[{"taxonomy":"category","embeddable":true,"href":"https:\/\/wbp.lublin.pl\/index.php\/wp-json\/wp\/v2\/categories?post=9939"},{"taxonomy":"post_tag","embeddable":true,"href":"https:\/\/wbp.lublin.pl\/index.php\/wp-json\/wp\/v2\/tags?post=9939"}],"curies":[{"name":"wp","href":"https:\/\/api.w.org\/{rel}","templated":true}]}}