{"id":9970,"date":"2017-06-07T06:03:49","date_gmt":"2017-06-07T04:03:49","guid":{"rendered":"https:\/\/wbp.lublin.pl8\/index.php\/2017\/06\/07\/spotkania-z-ann-fryczkowsk\/"},"modified":"2018-06-24T14:44:44","modified_gmt":"2018-06-24T12:44:44","slug":"spotkania-z-ann-fryczkowsk","status":"publish","type":"post","link":"https:\/\/wbp.lublin.pl\/index.php\/2017\/06\/07\/spotkania-z-ann-fryczkowsk\/","title":{"rendered":"Spotkania z Ann\u0105 Fryczkowsk\u0105"},"content":{"rendered":"<p style=\"text-align: justify;\"><span style=\"font-size: 12px;\"><span style=\"font-family: Tahoma;\">Wojew\u00f3dzka Biblioteka Publiczna im. Hieronima \u0141opaci\u0144skiego w Lublinie oraz Instytut Ksi\u0105\u017cki zapraszaj\u0105 na spotkanie autorskie z <b style=\"mso-bidi-font-weight:normal\">Ann\u0105 Fryczkowsk\u0105<\/b> w Lubelskich Dyskusyjnych Klubach Ksi\u0105\u017cki<\/span><\/span><span style=\"font-size: 12px;\"><span style=\"font-family: Tahoma;\">     <\/span><span style=\"font-size: 12px;\"><span style=\"font-family: Tahoma;\"> <\/span><\/span><\/span><\/p>\n<p class=\"MsoNormal\"><span style=\"font-size: 12px;\"><span style=\"font-family: Tahoma;\"><b style=\"mso-bidi-font-weight:normal\"><span style=\"color: black;\">29 VI g. 15.00 <\/span><\/b>&#8211; Biblioteka u Kazimierza. Miejsko-Gminna Biblioteka Publiczna im. Kazimierza Zieli\u0144skiego, ul. Pi\u0142sudskiego 63, Modliborzyce<\/span><\/span><\/p>\n<p class=\"MsoNormal\"><span style=\"font-size: 12px;\"><span style=\"font-family: Tahoma;\"><b style=\"mso-bidi-font-weight:normal\"><span style=\"color: black;\">30 VI g. 14.00 <\/span><\/b>&#8211; Gminna Biblioteka Publiczna, ul. Partyzancka 2, Me\u0142giew<\/span><\/span><\/p>\n<p class=\"MsoNormal\"><span style=\"font-size: 12px;\"><span style=\"font-family: Tahoma;\"><b style=\"mso-bidi-font-weight:normal\"><span style=\"color: black;\">30 VI g. 17.00 <\/span><\/b>&#8211; Gminna Biblioteka Publiczna, ul. Lubelska 32, Urszulin<br style=\"mso-special-character:line-break\" \/> <br style=\"mso-special-character:line-break\" \/> <\/span><\/span><\/p>\n<p>\u00a0<\/p>\n","protected":false},"excerpt":{"rendered":"<p>Wojew\u00f3dzka Biblioteka Publiczna im. Hieronima \u0141opaci\u0144skiego w Lublinie oraz Instytut Ksi\u0105\u017cki zapraszaj\u0105 na spotkanie autorskie z Ann\u0105 Fryczkowsk\u0105 w Lubelskich Dyskusyjnych Klubach Ksi\u0105\u017cki 29 VI g. 15.00 &#8211; Biblioteka u [&hellip;]<\/p>\n","protected":false},"author":9,"featured_media":0,"comment_status":"open","ping_status":"open","sticky":false,"template":"","format":"standard","meta":{"_tec_requires_first_save":true,"_crdt_document":"","pgc_sgb_lightbox_settings":"","_EventAllDay":false,"_EventTimezone":"","_EventStartDate":"","_EventEndDate":"","_EventStartDateUTC":"","_EventEndDateUTC":"","_EventShowMap":false,"_EventShowMapLink":false,"_EventURL":"","_EventCost":"","_EventCostDescription":"","_EventCurrencySymbol":"","_EventCurrencyCode":"","_EventCurrencyPosition":"","_EventDateTimeSeparator":"","_EventTimeRangeSeparator":"","_EventOrganizerID":[],"_EventVenueID":[],"_OrganizerEmail":"","_OrganizerPhone":"","_OrganizerWebsite":"","_VenueAddress":"","_VenueCity":"","_VenueCountry":"","_VenueProvince":"","_VenueState":"","_VenueZip":"","_VenuePhone":"","_VenueURL":"","_VenueStateProvince":"","_VenueLat":"","_VenueLng":"","_VenueShowMap":false,"_VenueShowMapLink":false,"_tribe_blocks_recurrence_rules":"","_tribe_blocks_recurrence_description":"","_tribe_blocks_recurrence_exclusions":"","footnotes":""},"categories":[105],"tags":[],"class_list":["post-9970","post","type-post","status-publish","format-standard","hentry","category-aktualnosci-dkk"],"publishpress_future_action":{"enabled":false,"date":"2026-05-06 16:27:38","action":"change-status","newStatus":"draft","terms":[],"taxonomy":"category","extraData":[]},"publishpress_future_workflow_manual_trigger":{"enabledWorkflows":[]},"_links":{"self":[{"href":"https:\/\/wbp.lublin.pl\/index.php\/wp-json\/wp\/v2\/posts\/9970","targetHints":{"allow":["GET"]}}],"collection":[{"href":"https:\/\/wbp.lublin.pl\/index.php\/wp-json\/wp\/v2\/posts"}],"about":[{"href":"https:\/\/wbp.lublin.pl\/index.php\/wp-json\/wp\/v2\/types\/post"}],"author":[{"embeddable":true,"href":"https:\/\/wbp.lublin.pl\/index.php\/wp-json\/wp\/v2\/users\/9"}],"replies":[{"embeddable":true,"href":"https:\/\/wbp.lublin.pl\/index.php\/wp-json\/wp\/v2\/comments?post=9970"}],"version-history":[{"count":1,"href":"https:\/\/wbp.lublin.pl\/index.php\/wp-json\/wp\/v2\/posts\/9970\/revisions"}],"predecessor-version":[{"id":11166,"href":"https:\/\/wbp.lublin.pl\/index.php\/wp-json\/wp\/v2\/posts\/9970\/revisions\/11166"}],"wp:attachment":[{"href":"https:\/\/wbp.lublin.pl\/index.php\/wp-json\/wp\/v2\/media?parent=9970"}],"wp:term":[{"taxonomy":"category","embeddable":true,"href":"https:\/\/wbp.lublin.pl\/index.php\/wp-json\/wp\/v2\/categories?post=9970"},{"taxonomy":"post_tag","embeddable":true,"href":"https:\/\/wbp.lublin.pl\/index.php\/wp-json\/wp\/v2\/tags?post=9970"}],"curies":[{"name":"wp","href":"https:\/\/api.w.org\/{rel}","templated":true}]}}